{"id":599,"date":"2006-08-31T20:34:12","date_gmt":"2006-09-01T03:34:12","guid":{"rendered":"http:\/\/13.53.127.146\/?p=599"},"modified":"2023-10-19T21:19:09","modified_gmt":"2023-10-20T04:19:09","slug":"perilla-dortmundissa","status":"publish","type":"post","link":"https:\/\/www.vuosiamaailmalla.fi\/blog\/2006\/perilla-dortmundissa\/","title":{"rendered":"Perill\u00e4 Dortmundissa!"},"content":{"rendered":"<p style=\"text-align: justify;\">Tervehdys vain t\u00e4\u00e4lt\u00e4 L\u00e4nsi-Saksan Dortmundista! T\u00e4n\u00e4\u00e4n aamulla kello 7:35 nousimme Niinan kanssa Helsingiss\u00e4 lentokoneeseen, joka laskeutui vain kaksi tuntia my\u00f6hemmin <a title=\"P\u00e4iv\u00e4 D\u00fcsseldorfissa\" href=\"https:\/\/www.vuosiamaailmalla.fi\/blog\/2006\/paiva-dusseldorfissa\/\">D\u00fcsseldorfiin<\/a> lentokent\u00e4lle Saksaan. Yksi huomiomme <em>Helsinki-Vantaalla<\/em> oli, ettei koneeseemme noussut juurikaan turisteja, vaan l\u00e4hes kanssamatkustajamme olivat liikemiehi\u00e4. T\u00e4h\u00e4n voinee olla syyn\u00e4, ett\u00e4 t\u00e4nne Suur-Ruhrin alueelle saavutaan l\u00e4hinn\u00e4 tekem\u00e4\u00e4n bisnest\u00e4.<\/p>\n<p><!--more--><\/p>\n<p style=\"text-align: justify;\"><em>T\u00e4m\u00e4 alkuajan merkitt\u00e4v\u00e4 kirjoitus on julkaistu alun perin vuonna 2006 ja kirjoitettu osin uudelleen lokakuussa 2023.<\/em><\/p>\n<p style=\"text-align: justify;\">Laskeutumisen yhteydess\u00e4 n\u00e4imme lentokoneen ikkunasta, ett\u00e4 Ruhrin alueen maisemat ovat kuitenkin kauniit. Toisin kuin kuvittelimme, ei kaikkea maisemaa hallitse valtavat pellot, vaan vehre\u00e4 lehtipuumets\u00e4 levitt\u00e4ytyi allamme laajoina alueina. Maasto my\u00f6sk\u00e4\u00e4n ole tasaista, vaan se <a title=\"Hohensyburgin linnoituksella\" href=\"https:\/\/www.vuosiamaailmalla.fi\/blog\/2006\/mennyt-viikko-seka-syburgin-linnoitus\/\">kumpuilee huomattavasti<\/a> erityisesti juuri t\u00e4ss\u00e4 Dortmundin seutuvilla.<\/p>\n<p style=\"text-align: justify;\">Kaiken sen mets\u00e4n ja pellon seassa onkin sitten talo poikineen, sill\u00e4 jossainhan alueen miljoonien asukkaiden on elett\u00e4v\u00e4 ja suurkaupunkeja on Ruhrin alueella kaikkialla. Miten hurjaa olikaan tulla junalla reitti\u00e4 <em>D\u00fcsseldorf &#8211; <a title=\"Ostosretkeily\u00e4 Ruhrin alueella\" href=\"https:\/\/www.vuosiamaailmalla.fi\/blog\/2006\/ostosretkeilya-ruhrin-alueella\/\">Duisburg<\/a> &#8211; Essen &#8211; <a title=\"P\u00e4iv\u00e4matka Bochumin kaivosmuseoon\" href=\"https:\/\/www.vuosiamaailmalla.fi\/blog\/2006\/paivamatka-bochumin-kaivosmuseoon\/\">Bochum<\/a> &#8211; Dortmund<\/em>, jolla kaupunkien et\u00e4isyys toisistaan on vaivaiset 15-20 kilometri\u00e4, mutta joista kaikki ovat silti yli puolen miljoonan asukkaan pit\u00e4ji\u00e4! Kyll\u00e4 siin\u00e4 oli Suomi-pojalla ihmetelt\u00e4v\u00e4\u00e4 Euroopan suurimman kaupunkialueen laajuudessa.<\/p>\n<p style=\"text-align: center;\"><a href=\"\/blog\/wp-content\/uploads\/2006\/lahdon_hetki_maailmalle.jpg\" target=\"_blank\" rel=\"noopener\"><img decoding=\"async\" style=\"border: 0px none; margin: 5px;\" src=\"\/blog\/wp-content\/uploads\/2006\/lahdon_hetki_maailmalle.jpg\" alt=\"\" \/><\/a><\/p>\n<p style=\"text-align: center;\"><em>Maailmalle l\u00e4hd\u00f6n hetki<\/em><\/p>\n<p style=\"text-align: justify;\">Dortmundissa p\u00e4\u00e4simme k\u00e4mp\u00e4llemme asunnon meille vuokraavan opiskelijatyt\u00f6n kyydill\u00e4, joka odotti meit\u00e4 <a title=\"Dortmundin rakennusprojekteista\" href=\"https:\/\/www.vuosiamaailmalla.fi\/blog\/2006\/dortmundin-rakennusprojekteista\/\">kaupungin p\u00e4\u00e4rautatieasemalla<\/a>. Asunnolla kaikki vastasi kuvissa n\u00e4hty\u00e4 ja vuokrapaperit kirjoitettua suuntasimme lounaalle keskustaan <em>Burger Kingiin.<\/em> Lounaan j\u00e4lkeen oli hetki aikaa k\u00e4vell\u00e4 keskustassa ja Dortmund kyll\u00e4 n\u00e4ytt\u00e4\u00e4 600 000 asukkaan kaupunkina suurkaupungilta. Kadut kulkevat p\u00e4\u00e4osin 5-7 kerroksisten talojen keskell\u00e4 ja katujen varrella on runsaasti puita. Kauppoja sek\u00e4 muita palveluja on vaikka mink\u00e4laista, joihin pit\u00e4\u00e4 tutustua ajan kanssa paremmin. Ainoa ostoksemme oli k\u00e4yd\u00e4 paikallisesta &#8221;Gigantista&#8221; eli Saturn-nimisest\u00e4 elektroniikan megamarketista itselleni uusi kuulokemikrofoni sek\u00e4 ja webbikameran, joiden kanssa pystyy jatkossa <em>mesett\u00e4m\u00e4\u00e4n<\/em> kotipuolen kanssa.<\/p>\n<p style=\"text-align: center;\"><a href=\"\/blog\/wp-content\/uploads\/2006\/ruhrin_metsia.jpg\" target=\"_blank\" rel=\"noopener\"><img decoding=\"async\" style=\"border: 0px none; margin: 5px;\" src=\"\/blog\/wp-content\/uploads\/2006\/ruhrin_metsia.jpg\" alt=\"\" \/><\/a><\/p>\n<p style=\"text-align: center;\"><em>Ruhrin alueen vehreytt\u00e4<\/em><\/p>\n<p style=\"text-align: justify;\"><a title=\"El\u00e4m\u00e4mme seikkailu \u2013 10 vuotta maailmalla\" href=\"https:\/\/www.vuosiamaailmalla.fi\/blog\/2016\/elamamme-seikkailu-10-vuotta-maailmalla\/\">Suuri seikkailumme<\/a> onkin l\u00e4htenyt hyvin k\u00e4yntiin. Olemme opiskelleet saksaa viitisen vuotta yl\u00e4-asteella ja lukiossa, joten ymm\u00e4rr\u00e4mme t\u00e4k\u00e4l\u00e4isi\u00e4 ainakin hitusen verran. Kylttej\u00e4 ja erilaisia tekstej\u00e4 kaupungilla tuleekin luettua tarkasti ja usein niiden merkityksen ymm\u00e4rt\u00e4\u00e4 nopeasti. Saksan puhumista pit\u00e4\u00e4 tietysti harjoitella viel\u00e4 runsaasti ja siihen tulee\u00a0 perehdytty\u00e4 varsinaisesti vasta ensi viikolla, kun meill\u00e4 alkaa kuukauden mittainen <a title=\"Vaihtarin arkea\" href=\"https:\/\/www.vuosiamaailmalla.fi\/blog\/2006\/vaihtarin-arkea-seka-erikoinen-h-bahn\/\">orientaatio yliopistolla<\/a>.<\/p>\n<p style=\"text-align: justify;\">Huomenna ohjelmassamme on paikallisen matkakortin osto. Kortti on siit\u00e4 mukava, ett\u00e4 sill\u00e4 huitelee noin 10 miljoonan ihmisen suuralueella kaikilla <a title=\"Dortmundin joukkoliikenteest\u00e4 sek\u00e4 retki Florianturmiin\" href=\"https:\/\/www.vuosiamaailmalla.fi\/blog\/2006\/dortmundin-joukkoliikenteesta-seka-retki-florianturmiin\/\">julkisilla kulkuneuvoilla<\/a>. Tiedossa on siis syksyn, talven ja tulevan kev\u00e4\u00e4n aikana tutustumista moniin <a title=\"Ensimm\u00e4ist\u00e4 kertaa K\u00f6lniss\u00e4\" href=\"https:\/\/www.vuosiamaailmalla.fi\/blog\/2006\/ensimmaista-kertaa-kolnissa\/\">ymp\u00e4r\u00f6iviin kaupunkeihin<\/a>. Yliopistollakin on tarkoitus piipahtaa viikonlopun aikana, ett\u00e4 l\u00f6yd\u00e4mme maanantaina helposti paikan p\u00e4\u00e4lle.<\/p>\n<p style=\"text-align: justify;\">Kirjoittelen kuulumisia ja tarinaa jatkossa aina v\u00e4lill\u00e4, kun jotain erikoista tulee mieleen. Kiinnostuneet lukekoon ja kysy\u00e4kin saa, kun tuumailen t\u00e4ss\u00e4 millaiseen blogaamiseen <a title=\"15 vuotta bloggausta\" href=\"https:\/\/www.vuosiamaailmalla.fi\/blog\/2021\/15-vuotta-bloggausta\/\">mahdankaan ryhty\u00e4<\/a> vaihto-oppilasjaksostamme t\u00e4\u00e4ll\u00e4 kiehtovassa Saksassa!<\/p>\n","protected":false},"excerpt":{"rendered":"<p>Tervehdys vain t\u00e4\u00e4lt\u00e4 L\u00e4nsi-Saksan Dortmundista! T\u00e4n\u00e4\u00e4n aamulla kello 7:35 nousimme Niinan kanssa Helsingiss\u00e4 lentokoneeseen, joka laskeutui vain kaksi tuntia my\u00f6hemmin D\u00fcsseldorfiin lentokent\u00e4lle Saksaan. Yksi huomiomme Helsinki-Vantaalla oli, ettei koneeseemme noussut juurikaan turisteja, vaan l\u00e4hes kanssamatkustajamme olivat liikemiehi\u00e4. T\u00e4h\u00e4n voinee olla syyn\u00e4, ett\u00e4 t\u00e4nne Suur-Ruhrin alueelle saavutaan l\u00e4hinn\u00e4 tekem\u00e4\u00e4n bisnest\u00e4.<\/p>\n","protected":false},"author":1,"featured_media":13361,"comment_status":"open","ping_status":"open","sticky":false,"template":"","format":"standard","meta":{"_jetpack_memberships_contains_paid_content":false,"footnotes":""},"categories":[18,3,5,252],"tags":[25,34,92,182,253,190,254],"class_list":["post-599","post","type-post","status-publish","format-standard","has-post-thumbnail","hentry","category-arki-saksassa","category-arki-ulkomailla","category-asuminen-saksassa","category-opiskelu-saksassa","tag-ajankohtaista","tag-arki","tag-dortmund","tag-muuttaminen","tag-ruhr","tag-saksa","tag-vaihto-opiskelu"],"jetpack_featured_media_url":"https:\/\/www.vuosiamaailmalla.fi\/blog\/wp-content\/uploads\/lahdon_hetki_maailmalle_banner-1.jpg","jetpack_sharing_enabled":true,"_links":{"self":[{"href":"https:\/\/www.vuosiamaailmalla.fi\/blog\/wp-json\/wp\/v2\/posts\/599","targetHints":{"allow":["GET"]}}],"collection":[{"href":"https:\/\/www.vuosiamaailmalla.fi\/blog\/wp-json\/wp\/v2\/posts"}],"about":[{"href":"https:\/\/www.vuosiamaailmalla.fi\/blog\/wp-json\/wp\/v2\/types\/post"}],"author":[{"embeddable":true,"href":"https:\/\/www.vuosiamaailmalla.fi\/blog\/wp-json\/wp\/v2\/users\/1"}],"replies":[{"embeddable":true,"href":"https:\/\/www.vuosiamaailmalla.fi\/blog\/wp-json\/wp\/v2\/comments?post=599"}],"version-history":[{"count":3,"href":"https:\/\/www.vuosiamaailmalla.fi\/blog\/wp-json\/wp\/v2\/posts\/599\/revisions"}],"predecessor-version":[{"id":13364,"href":"https:\/\/www.vuosiamaailmalla.fi\/blog\/wp-json\/wp\/v2\/posts\/599\/revisions\/13364"}],"wp:featuredmedia":[{"embeddable":true,"href":"https:\/\/www.vuosiamaailmalla.fi\/blog\/wp-json\/wp\/v2\/media\/13361"}],"wp:attachment":[{"href":"https:\/\/www.vuosiamaailmalla.fi\/blog\/wp-json\/wp\/v2\/media?parent=599"}],"wp:term":[{"taxonomy":"category","embeddable":true,"href":"https:\/\/www.vuosiamaailmalla.fi\/blog\/wp-json\/wp\/v2\/categories?post=599"},{"taxonomy":"post_tag","embeddable":true,"href":"https:\/\/www.vuosiamaailmalla.fi\/blog\/wp-json\/wp\/v2\/tags?post=599"}],"curies":[{"name":"wp","href":"https:\/\/api.w.org\/{rel}","templated":true}]}}