{"id":616,"date":"2012-09-17T21:01:44","date_gmt":"2012-09-18T04:01:44","guid":{"rendered":"http:\/\/13.53.127.146\/?p=616"},"modified":"2023-09-03T12:37:43","modified_gmt":"2023-09-03T19:37:43","slug":"kuusi-vuotta-maailmalla","status":"publish","type":"post","link":"https:\/\/www.vuosiamaailmalla.fi\/blog\/2012\/kuusi-vuotta-maailmalla\/","title":{"rendered":"Kuusi vuotta maailmalla"},"content":{"rendered":"<p style=\"text-align: justify;\">Kaksiviikkoisen <a title=\"Kalliovuorten keskell\u00e4\" href=\"https:\/\/www.vuosiamaailmalla.fi\/?p=578\">syyslomamme<\/a> johdosta meinasin melkein unohtaa t\u00e4rke\u00e4n merkkip\u00e4iv\u00e4n, joka ohitettiin elokuun viimeisen\u00e4 p\u00e4iv\u00e4n\u00e4. Silloin tuli nimitt\u00e4in t\u00e4yteen kuusi kokonaista vuotta ulkomailla. Kyseess\u00e4 alkaa olla jo melko pitk\u00e4st\u00e4 ajasta ja niit\u00e4 aivan ensimm\u00e4isten aikojen <a title=\"Perill\u00e4 Dortmundissa!\" href=\"https:\/\/www.vuosiamaailmalla.fi\/?p=599\">tapahtumia<\/a> alkaakin olla jo vaikea muistaa tarkasti. Siksi onkin niin mukava kirjoittaa t\u00e4t\u00e4 blogia, sill\u00e4 se toimii my\u00f6s itsellemme muistona siit\u00e4 mit\u00e4 kaikkea n\u00e4iden vuosien aikana onkaan tapahtunut.<\/p>\n<p><!--more--><\/p>\n<p style=\"text-align: justify;\">Ennen kuin aloin kirjoittamaan t\u00e4t\u00e4 uusinta viesti\u00e4, kertasin ensiksi mit\u00e4 tuumasin asioista <a title=\"Viisi vuotta Saksassa\" href=\"https:\/\/www.vuosiamaailmalla.fi\/?p=602\">viime vuonna<\/a> t\u00e4h\u00e4n samaan aikaan. Nyt j\u00e4lkik\u00e4teen on hauska huomata, miten t\u00e4ydellisen arvaamaton olin tulevasta vuodestamme, joka on ollut varmasti tapahtumarikkain sitten <a title=\"Kolme p\u00e4iv\u00e4\u00e4 l\u00e4ht\u00f6\u00f6n\" href=\"https:\/\/www.vuosiamaailmalla.fi\/?p=593\">Saksaan muuttomme<\/a> vuonna 2006. Vuosi sitten n\u00e4yt\u00e4n luonnehtineen el\u00e4m\u00e4\u00e4nne sangen arkiseksi ja jossain m\u00e4\u00e4rin urautuneeksi elelyksi Berliiniss\u00e4. T\u00e4m\u00e4n ymm\u00e4rt\u00e4\u00e4, sill\u00e4 olimme tuolloin ehtineet asua jo nelj\u00e4 vuotta Berliiniss\u00e4 ja tutkia kaupungin perinpohjaisesti. Mit\u00e4 en tuolloin arvannut oli, ett\u00e4 vain reilun kuukauden my\u00f6hemmin kaikki tulisi muuttumaan ja nopeasti&#8230;<\/p>\n<p style=\"text-align: justify;\">Se oli jossain syyskuun tienoilla kun eteemme sattui kiintoisa avoin ty\u00f6paikka Vancouverissa. Kuten kerrottua, kaupunki oli ollut jo vuosia kaukainen haaveemme, mutta vasta t\u00e4m\u00e4n ty\u00f6paikan kautta aloitimme todella tehd\u00e4 ty\u00f6t\u00e4 sen eteen, ett\u00e4 tulisimme muuttamaan sinne. Ty\u00f6haastattelujen ja muiden paperit\u00f6iden kanssa meni kuukauden verran, mutta lopulta marraskuussa pystyimme sanomaan sen \u00e4\u00e4neen: me <a title=\"Seuraava kotimme: Vancouver, Kanada!\" href=\"https:\/\/www.vuosiamaailmalla.fi\/?p=3111\">muutamme Vancouveriin<\/a>!!<\/p>\n<p style=\"text-align: justify;\">Tuo uutinen tuli yll\u00e4tyksen\u00e4 kaikille sukulaisillemme, tuttavillemme sek\u00e4 kollegoillemme. Kukaan ei ollut osannut arvatakaan, ett\u00e4 juonisimme toiselle puolelle maailmaa kymmenen tunnin <a title=\"Tunnin l\u00e4hemp\u00e4n\u00e4 Suomea\" href=\"https:\/\/www.vuosiamaailmalla.fi\/?p=194\">aikaeron<\/a> p\u00e4\u00e4h\u00e4n muuttamista Berliiniss\u00e4, jossa meill\u00e4 oli asiat oikein mukavalla mallilla. Totuus kuitenkin on, ett\u00e4 vaihtelu virkist\u00e4\u00e4 ja Vancouver oli pitk\u00e4aikainen haaveemme. Ja kun tuon haaveen toteuttamiseen lopulta ilmaantui varteenotettava mahdollisuus, p\u00e4\u00e4timme ottaa siit\u00e4 kiinni. Sill\u00e4 juuri t\u00e4llaisten tilaisuuksien missaaminen on jotain mit\u00e4 voisi my\u00f6hemmin el\u00e4m\u00e4ss\u00e4\u00e4n katua karvaasti.<\/p>\n<p style=\"text-align: justify;\">Kun olimme j\u00e4rkytt\u00e4neet ihmiset ymp\u00e4rill\u00e4mme uutisillamme, oli edess\u00e4 konkreettisten muuttosuunnitelmien teko. My\u00f6s ty\u00f6lupa Kanadaan osoittautui <a title=\"Ikuisuusprosessi kanadalaisesta ty\u00f6luvasta\" href=\"https:\/\/www.vuosiamaailmalla.fi\/?p=322\">ty\u00f6l\u00e4\u00e4mm\u00e4ksi<\/a> kuin olimme aiemmin olettaneet, mik\u00e4 lopulta my\u00f6h\u00e4styttikin muuttoamme t\u00e4nne tammikuun alusta kuun loppupuolelle. Lopulta t\u00e4nne kuitenkin p\u00e4\u00e4stiin, min\u00e4 <a title=\"Maahanmuutto bisnesluokassa\" href=\"https:\/\/www.vuosiamaailmalla.fi\/?p=230\">edell\u00e4<\/a> ja Niina kaksi viikkoa <a title=\"Sinkkuel\u00e4m\u00e4n loppu\" href=\"https:\/\/www.vuosiamaailmalla.fi\/?p=224\">my\u00f6hemmin<\/a> helmikuussa.<\/p>\n<p style=\"text-align: justify;\">El\u00e4m\u00e4 uudella mantereella alkoi kahdella kuukaudella <a title=\"2505-1331 West Georgia Street\" href=\"https:\/\/www.vuosiamaailmalla.fi\/?p=66\">v\u00e4liaikaisessa asunnossa<\/a>, jonka j\u00e4lkeen l\u00f6ysimme unelmiemme asunnon (josta en ole viel\u00e4 t\u00e4nne kirjoittanut, malttia). Sinne <a title=\"Toinen aamu uudessa kodissa\" href=\"https:\/\/www.vuosiamaailmalla.fi\/?p=174\">muutimme<\/a> huhtikuussa ja siell\u00e4 saimme j\u00e4lleen k\u00e4ytt\u00f6\u00f6mme pitk\u00e4n <a title=\"Muuttokuorman pitk\u00e4 matka\" href=\"https:\/\/www.vuosiamaailmalla.fi\/?p=213\">muuttomatkan<\/a> tehneet omat tavaramme Berliinist\u00e4. Muutto varsinaiseen asuntoon oli hieno hetki ja olemme rakastaneet asuntoamme ensimm\u00e4isest\u00e4 p\u00e4iv\u00e4st\u00e4 saakka.<\/p>\n<p style=\"text-align: justify;\">Sopeutuminen Kanadaan on ollut helppoa, sill\u00e4 saksan kaltaista kielimuuria ei t\u00e4\u00e4ll\u00e4 ole. Ihmiset ovat mukavia ja asioiminen on kaikkialla helppoa, mutta v\u00e4lill\u00e4 asioiden monimutkaisuus sek\u00e4 paikoittainen vanhanaikaisuus hieman turhauttaa. Sama se oli Saksassakin, joten ei voi sanoa ett\u00e4 t\u00e4ll\u00e4 rintamalla olisi mit\u00e4\u00e4n uutta.<\/p>\n<p style=\"text-align: justify;\">Otimme heti alusta saakka aktiivisen otteen t\u00e4\u00e4ll\u00e4 asumiseen ja siihen Vancouverin parhaimpaan osa-alueeseen: mielett\u00f6m\u00e4n upeaan luontoon. Heti kev\u00e4ttalvella kerkesimme kahdesti <a title=\"T\u00e4ydellinen p\u00e4iv\u00e4 Cypress Mountainilla\" href=\"https:\/\/www.vuosiamaailmalla.fi\/?p=177\">laskettemaan<\/a> ja lumien sulattua olemme melkein jokaisena viikonloppuna suunnanneet kaupungista vuorille taikka l\u00e4himetsiin <a title=\"Lynn Loop\" href=\"https:\/\/www.vuosiamaailmalla.fi\/?p=150\">vaeltamaan<\/a>. Kanadalainen luonto on ollut jopa odotuksiamme mahtavampaa, sill\u00e4 emme esimerkiksi arvanneet ett\u00e4 Vancouverin seudulla kasvaisi sademets\u00e4\u00e4! Kyseess\u00e4 ei tietenk\u00e4\u00e4n ole trooppisesta sademets\u00e4st\u00e4, vaan todella rehev\u00e4st\u00e4 ja valtavan kokoisia puita vuosisatojen aikana kasvattavasta lauhkean vy\u00f6hykkeen sademets\u00e4st\u00e4. N\u00e4iss\u00e4 ikivanhoissa metsiss\u00e4 kulkiessa mieli rauhoittuu ja arjen huolet tuntuvat niin kaukaisilta, kuten saimme huhtikuussa Tofinon lomallamme havaita.<\/p>\n<p style=\"text-align: justify;\">Ja ne vuoret! Mannerlaattojen vuosimiljoonia jatkuneesta <a title=\"7,7 Richterin muistutus\" href=\"https:\/\/www.vuosiamaailmalla.fi\/?p=1087\">t\u00f6rm\u00e4yksest\u00e4<\/a> syntyneet vuoret ymp\u00e4r\u00f6iv\u00e4t Vancouveria niin pohjoisesta kuin id\u00e4st\u00e4kin ja ovat jotain mit\u00e4 tasaisessa Suomessa kasvanut ei vain kyll\u00e4sty katsomaan. Olemme poikkeuksellisen onnekkaita, sill\u00e4 asuntomme ikkunasta n\u00e4kee koko North Shore Mountainsin vuorijonon, joten vuoret ovat koko ajan l\u00e4sn\u00e4 kotonamme. Ja kyll\u00e4 niit\u00e4 tuleekin tuijotettua: auringons\u00e4teiden tanssia niill\u00e4, sadepilvien mittel\u00f6\u00e4 niiden ylitse, ensilunta kivisill\u00e4 huipuilla&#8230; Jokainen p\u00e4iv\u00e4 n\u00e4ytt\u00e4ytyy hieman erilaisena ja jokainen p\u00e4iv\u00e4 alkaa vuorien n\u00e4kemisell\u00e4, sill\u00e4 s\u00e4ngyst\u00e4mme on avoin n\u00e4kym\u00e4 vuorille. N\u00e4ky on sanalla sanoen t\u00e4ydellinen.<\/p>\n<p style=\"text-align: justify;\">Ty\u00f6rintamalla mennyt vuosi on ollut erityisen tapahtumarikas. Minun ty\u00f6paikkani toi meid\u00e4t t\u00e4nne, mutta Niinan helmikuussa l\u00f6yt\u00e4m\u00e4 ja maaliskuussa aloittama ty\u00f6paikka varmisti lopullisesti, ett\u00e4 pystyisimme aloittamaan asettautumisen t\u00e4nne l\u00e4nsirannikolle. Ty\u00f6h\u00f6n liittyen koettiin kuitenkin kes\u00e4kuussa dramatiikkaa, joka on sittemmin muovannut el\u00e4m\u00e4\u00e4mme voimakkaasti. Tulen kirjoittamaan t\u00e4st\u00e4 <a title=\"Yhden aikakauden p\u00e4\u00e4t\u00f6s ja uuden alku\" href=\"https:\/\/www.vuosiamaailmalla.fi\/?p=1567\">my\u00f6hemmin tarkemmin<\/a>, mutta t\u00e4ll\u00e4 hetkell\u00e4 tulevaisuuteen liittyy edelleen yksitt\u00e4isi\u00e4 kysymysmerkkej\u00e4.<\/p>\n<p style=\"text-align: justify;\">Kokonaisuudessaan voi sanoa, ett\u00e4 olemme viihtyneet Kanadassa <strong>eritt\u00e4in hyvin<\/strong>. Vaikka t\u00e4\u00e4ll\u00e4 onkin asuttu kohta jo kahdeksan kuukautta, on el\u00e4m\u00e4ss\u00e4 edelleen monenlaista uutuudenvieh\u00e4tyst\u00e4, mik\u00e4 saattaa vaikuttaa arviooni. Niinp\u00e4 lieneekin parempi tutkia sielunel\u00e4m\u00e4\u00e4 paremmin kun aikaa on vier\u00e4ht\u00e4nyt enemm\u00e4n, esimerkiksi vuoden p\u00e4\u00e4st\u00e4.<\/p>\n<p style=\"text-align: justify;\">Mit\u00e4 seuraava vuosi sitten tuo tullessaan? Kuukausi sitten olisin sanonut, ett\u00e4 asiaa on mahdotonta tiet\u00e4\u00e4. Nyt minulla on ajatus siit\u00e4 mit\u00e4 tuleva vuosi voisi olla. Sanon t\u00e4ss\u00e4 vaiheessa, ett\u00e4 mik\u00e4\u00e4n ei ole viel\u00e4 varmaan tulevaisuudestamme, mutta edess\u00e4 on aivan varmasti v\u00e4hint\u00e4\u00e4nkin yht\u00e4 tapahtumarikas vuosi kuin mennyt on ollut. Paljon muutoksia on edess\u00e4 ja pyrin kirjoittamaan niist\u00e4 kun tapahtumien kulku selvi\u00e4\u00e4 meille itsellemmekin. Niinp\u00e4 p\u00e4\u00e4t\u00e4nkin t\u00e4m\u00e4n kuusivuotiskirjoitukseni toteamalla, ett\u00e4 el\u00e4m\u00e4 on seikkailu ja todellakin yll\u00e4tyksi\u00e4 t\u00e4ynn\u00e4. Jotkut niist\u00e4 ovat hyvi\u00e4, jotkut huonoja. Tulee kuitenkin olemaan erityisen kiintoisa lukea n\u00e4it\u00e4 ajatuksia vuoden p\u00e4\u00e4st\u00e4, jolloin asiat ovat toivottavasti selke\u00e4mpi\u00e4 kuin ne ovat nyt. Ensi elokuussa <a title=\"Seitsem\u00e4n vuotta maailmalla\" href=\"https:\/\/www.vuosiamaailmalla.fi\/?p=2297\">n\u00e4hd\u00e4\u00e4n<\/a>.<\/p>\n","protected":false},"excerpt":{"rendered":"<p>Kaksiviikkoisen syyslomamme johdosta meinasin melkein unohtaa t\u00e4rke\u00e4n merkkip\u00e4iv\u00e4n, joka ohitettiin elokuun viimeisen\u00e4 p\u00e4iv\u00e4n\u00e4. Silloin tuli nimitt\u00e4in t\u00e4yteen kuusi kokonaista vuotta ulkomailla. Kyseess\u00e4 alkaa olla jo melko pitk\u00e4st\u00e4 ajasta ja niit\u00e4 aivan ensimm\u00e4isten aikojen tapahtumia alkaakin olla jo vaikea muistaa tarkasti. Siksi onkin niin mukava kirjoittaa t\u00e4t\u00e4 blogia, sill\u00e4 se toimii my\u00f6s itsellemme muistona siit\u00e4 mit\u00e4 &hellip; <a href=\"https:\/\/www.vuosiamaailmalla.fi\/blog\/2012\/kuusi-vuotta-maailmalla\/\" class=\"more-link\">Jatka lukemista<span class=\"screen-reader-text\"> &#8221;Kuusi vuotta maailmalla&#8221;<\/span><\/a><\/p>\n","protected":false},"author":1,"featured_media":0,"comment_status":"open","ping_status":"open","sticky":false,"template":"","format":"standard","meta":{"_jetpack_memberships_contains_paid_content":false,"footnotes":""},"categories":[17,3,4,13],"tags":[25,34,935,182,207,939],"class_list":["post-616","post","type-post","status-publish","format-standard","hentry","category-arki-kanadassa","category-arki-ulkomailla","category-asuminen-kanadassa","category-tyoskentely-kanadassa","tag-ajankohtaista","tag-arki","tag-kanada","tag-muuttaminen","tag-tyo","tag-vancouver"],"jetpack_featured_media_url":"","jetpack_sharing_enabled":true,"_links":{"self":[{"href":"https:\/\/www.vuosiamaailmalla.fi\/blog\/wp-json\/wp\/v2\/posts\/616","targetHints":{"allow":["GET"]}}],"collection":[{"href":"https:\/\/www.vuosiamaailmalla.fi\/blog\/wp-json\/wp\/v2\/posts"}],"about":[{"href":"https:\/\/www.vuosiamaailmalla.fi\/blog\/wp-json\/wp\/v2\/types\/post"}],"author":[{"embeddable":true,"href":"https:\/\/www.vuosiamaailmalla.fi\/blog\/wp-json\/wp\/v2\/users\/1"}],"replies":[{"embeddable":true,"href":"https:\/\/www.vuosiamaailmalla.fi\/blog\/wp-json\/wp\/v2\/comments?post=616"}],"version-history":[{"count":2,"href":"https:\/\/www.vuosiamaailmalla.fi\/blog\/wp-json\/wp\/v2\/posts\/616\/revisions"}],"predecessor-version":[{"id":13268,"href":"https:\/\/www.vuosiamaailmalla.fi\/blog\/wp-json\/wp\/v2\/posts\/616\/revisions\/13268"}],"wp:attachment":[{"href":"https:\/\/www.vuosiamaailmalla.fi\/blog\/wp-json\/wp\/v2\/media?parent=616"}],"wp:term":[{"taxonomy":"category","embeddable":true,"href":"https:\/\/www.vuosiamaailmalla.fi\/blog\/wp-json\/wp\/v2\/categories?post=616"},{"taxonomy":"post_tag","embeddable":true,"href":"https:\/\/www.vuosiamaailmalla.fi\/blog\/wp-json\/wp\/v2\/tags?post=616"}],"curies":[{"name":"wp","href":"https:\/\/api.w.org\/{rel}","templated":true}]}}