{"id":6171,"date":"2015-07-13T18:17:13","date_gmt":"2015-07-14T01:17:13","guid":{"rendered":"http:\/\/13.53.127.146\/?p=6171"},"modified":"2017-12-11T21:13:17","modified_gmt":"2017-12-12T05:13:17","slug":"valiaikaista-asumista","status":"publish","type":"post","link":"https:\/\/www.vuosiamaailmalla.fi\/blog\/2015\/valiaikaista-asumista\/","title":{"rendered":"V\u00e4liaikaista asumista"},"content":{"rendered":"<p style=\"text-align: justify;\">Niinh\u00e4n siin\u00e4 sitten k\u00e4vi, ett\u00e4 jouduimme toukokuun alussa luopumaan kolme vuotta kotinamme toimineesta upeasta asunnostamme ahneen <a href=\"https:\/\/www.vuosiamaailmalla.fi\/?p=4205\">uuden vuokraem\u00e4nn\u00e4n vuoksi<\/a>. Pitk\u00e4\u00e4n vatvotusta vuokrankorotuksesta ei vain l\u00f6ytynyt yhteisymm\u00e4rryst\u00e4 viime hetkell\u00e4k\u00e4\u00e4n, sill\u00e4 uudelle omistajalle ei vain riitt\u00e4nyt se ett\u00e4 olisimme suostuneet maksamaan 15% korkeampaa vuokraa ja sitoutumaan h\u00e4nelle t\u00e4ysin huolettomaan kahden vuoden pituiseen vuokrasopimukseen. Alkuper\u00e4isest\u00e4 per\u00e4ti 32% korotuksesta omistaja tuli lopulta vastaan vain hitusen, eik\u00e4 h\u00e4nen vaatimuksissaan vain ollut mink\u00e4\u00e4nlaista kohtuutta. \ud83d\ude21<\/p>\n<p><!--more--><\/p>\n<p style=\"text-align: justify;\">Yhteisty\u00f6kyvytt\u00f6myytt\u00e4 osoitti my\u00f6s se, ettei omistaja olisi edes suostunut vuotta pidemp\u00e4\u00e4n avoimeen sopimukseen ja edess\u00e4 olisikin ollut sama taistelu ja mielipuolisuus <a title=\"Provinssi tuli vuokralaisten avuksi\" href=\"https:\/\/www.vuosiamaailmalla.fi\/?p=9391\">joka ainoa vuosi<\/a>. Niinp\u00e4 katsoimmekin paremmaksi j\u00e4tt\u00e4\u00e4 ahne omistaja katsomaan ep\u00e4varmat korttinsa. Loppumetreill\u00e4 t\u00e4m\u00e4 kyll\u00e4 tuntui tajuavan tehneens\u00e4 virheen menett\u00e4ess\u00e4\u00e4n hyv\u00e4t vuokralaiset, mutta viesteiss\u00e4 esiintyneet suoranaiset anelut eiv\u00e4t auttaneet mit\u00e4\u00e4n kun mink\u00e4\u00e4nlaista rahallista vastaantuloa ei vain esiintynyt. Niinp\u00e4 muutimme asunnosta huhti-toukokuun vaihteessa.<\/p>\n<p style=\"text-align: justify;\">Harmillisesti emme kuitenkaan onnistuneet <a href=\"https:\/\/www.vuosiamaailmalla.fi\/?p=4846\">l\u00f6yt\u00e4m\u00e4\u00e4n uutta asuntoa<\/a> m\u00e4\u00e4r\u00e4aikaan menness\u00e4, joten jouduimme ottamaan k\u00e4ytt\u00f6\u00f6mme <em>Plan B:n<\/em> eli v\u00e4liaikaisen vuokra-asunnon. Kiersimme huhtikuun viimeisin\u00e4 viikkoina katsomassa pieni\u00e4 kalustettuja asuntoja ja p\u00e4\u00e4dyimme lopulta pieneen 48 neli\u00f6n kopperoon Yaletownissa. Kolme kertaa pienemp\u00e4\u00e4n asuntoon oli kyll\u00e4 pieni tottuminen, mutta asunto on siisti ja t\u00e4ysin varusteltu. Asuntoon kuuluu yksi makuuhuone, olohuoneen ja keitti\u00f6nurkkauksen yhdistelm\u00e4 sek\u00e4 erilliset suihku\/vessa ja pieni tietokonenurkkaus, jossa t\u00e4t\u00e4 viesti\u00e4 kirjoitan. Tilaa ei ole paljon, mutta se on sent\u00e4\u00e4n hy\u00f6dynnetty sangen hyvin.<\/p>\n<p style=\"text-align: center;\"><a href=\"\/blog\/wp-content\/uploads\/2015\/pieni_keittio.jpg\"><img decoding=\"async\" style=\"border: 0px none; margin: 5px;\" src=\"\/blog\/wp-content\/uploads\/2015\/thumbs\/thumbs_pieni_keittio.jpg\" alt=\"\" \/><\/a><a href=\"\/blog\/wp-content\/uploads\/2015\/pieni_makuuhuone.jpg\"><img decoding=\"async\" style=\"border: 0px none; margin: 5px;\" src=\"\/blog\/wp-content\/uploads\/2015\/thumbs\/thumbs_pieni_makuuhuone.jpg\" alt=\"\" \/><\/a><a href=\"\/blog\/wp-content\/uploads\/2015\/pieni_olohuone1.jpg\"><img decoding=\"async\" style=\"border: 0px none; margin: 5px;\" src=\"\/blog\/wp-content\/uploads\/2015\/thumbs\/thumbs_pieni_olohuone1.jpg\" alt=\"\" \/><\/a><\/p>\n<p style=\"text-align: center;\"><em>Pienet huoneet<\/em><\/p>\n<p style=\"text-align: center;\"><a href=\"\/blog\/wp-content\/uploads\/2015\/pieni_olohuone2.jpg\"><img decoding=\"async\" style=\"border: 0px none; margin: 5px;\" src=\"\/blog\/wp-content\/uploads\/2015\/pieni_olohuone2.jpg\" alt=\"\" \/><\/a><\/p>\n<p style=\"text-align: center;\"><em>V\u00e4liaikainen asuntomme<\/em><\/p>\n<p style=\"text-align: justify;\"><a href=\"https:\/\/www.vuosiamaailmalla.fi\/?p=66\">Aiemmasta kokemuksesta<\/a> tied\u00e4mme, ett\u00e4 t\u00e4rkeint\u00e4 v\u00e4liaikaisessa asunnossa ovat hinta ja sijainti. Asunto onkin 37% halvempi kuin aiempi asuntomme ja hintaan sis\u00e4ltyy kaikki netist\u00e4 ja s\u00e4hk\u00f6st\u00e4 l\u00e4htien. S\u00e4\u00e4st\u00e4mmekin joka kuukausi pitk\u00e4n pennin, vaikka huonekalujen varastointi maksaakin jonkin verran. Huomattavasti halvempi vuokra antaa my\u00f6s joustavuutta <a title=\"Sapatin loppu\" href=\"https:\/\/www.vuosiamaailmalla.fi\/?p=8186\">ty\u00f6kuvioiden uudelleenj\u00e4rjestelyyn<\/a> t\u00e4ss\u00e4 kes\u00e4n aikana.<\/p>\n<p style=\"text-align: center;\"><a href=\"\/blog\/wp-content\/uploads\/2015\/max1_torni1.jpg\"><img decoding=\"async\" style=\"border: 0px none; margin: 5px;\" src=\"\/blog\/wp-content\/uploads\/2015\/thumbs\/thumbs_max1_torni1.jpg\" alt=\"\" \/><\/a><a href=\"\/blog\/wp-content\/uploads\/2015\/max1_torni3.jpg\"><img decoding=\"async\" style=\"border: 0px none; margin: 5px;\" src=\"\/blog\/wp-content\/uploads\/2015\/thumbs\/thumbs_max1_torni3.jpg\" alt=\"\" \/><\/a><a href=\"\/blog\/wp-content\/uploads\/2015\/max1_torni2.jpg\"><img decoding=\"async\" style=\"border: 0px none; margin: 5px;\" src=\"\/blog\/wp-content\/uploads\/2015\/thumbs\/thumbs_max1_torni2.jpg\" alt=\"\" \/><\/a><\/p>\n<p style=\"text-align: center;\"><em>Uudehko asuintornimme<\/em><\/p>\n<p style=\"text-align: justify;\">Asunto sijaitsee Yaletownissa l\u00e4hell\u00e4 <a href=\"https:\/\/www.vuosiamaailmalla.fi\/?p=5528\"><em>BC Placen<\/em> stadionia<\/a> sek\u00e4 <em>Seawallia<\/em>. Sijainti on hieman syrj\u00e4isempi kuin aiemman asuntomme, mutta olemme edelleen keskustassa ja asunnolta on vain lyhyt k\u00e4vely mihin tahansa. Asunto sijaitsee 32. kerroksessa, mutta <a href=\"https:\/\/www.vuosiamaailmalla.fi\/?p=7426\">kiinalaisten feikkikerrosten<\/a> vuoksi oikea kerrosluku on 27. Pienelt\u00e4 parvekkeelta aukeaa kuitenkin ihan mukava n\u00e4kym\u00e4 poikki Yaletownin ja vuoretkin pitkist\u00e4v\u00e4t pohjoisen suunnalla. Ja itse parvekehan on jotain mit\u00e4 meill\u00e4 ei ole aiemmin edes ollutkaan. \ud83d\ude2e<\/p>\n<p style=\"text-align: center;\"><a href=\"\/blog\/wp-content\/uploads\/2015\/the_max_hissipaneeli.jpg\"><img decoding=\"async\" style=\"border: 0px none; margin: 5px;\" src=\"\/blog\/wp-content\/uploads\/2015\/thumbs\/thumbs_the_max_hissipaneeli.jpg\" alt=\"\" \/><\/a><\/p>\n<p style=\"text-align: center;\"><em>Feikkikerroksia kerrakseen<\/em><\/p>\n<p style=\"text-align: center;\"><a href=\"\/blog\/wp-content\/uploads\/2015\/katse_alaspain.jpg\"><img decoding=\"async\" style=\"border: 0px none; margin: 5px;\" src=\"\/blog\/wp-content\/uploads\/2015\/katse_alaspain.jpg\" alt=\"\" \/><\/a><\/p>\n<p style=\"text-align: center;\"><em>Huimaava parveke<\/em><\/p>\n<p style=\"text-align: justify;\">Parasta v\u00e4liaikaisasunnossa on sen m\u00e4\u00e4r\u00e4aikaisuus, sill\u00e4 vuokrasopimuksemme jatkuu kuukausi kerrallaan. Se tarjoaa meille hyv\u00e4n mahdollisuuden katkaista sopimus kunhan kuviomme j\u00e4rjestyv\u00e4t ja l\u00f6yd\u00e4mme varsinaisen k\u00e4mp\u00e4n joskus syksymm\u00e4ll\u00e4. Siihen saakka n\u00e4m\u00e4 sein\u00e4t ovat tilap\u00e4inen kotimme.<\/p>\n<p style=\"text-align: justify;\">Rakennus on valmistunut vuonna 2005, joten se on sangen uusi ja siisti. Oikeastaan ainoa huono puoli on pienen asunnon ahtaus, sill\u00e4 esimerkiksi keitti\u00f6ss\u00e4 ei ole j\u00e4rin paljoa p\u00f6yt\u00e4- tai kaappitilaa ja melkein kaikki lattiapinta-ala on k\u00e4yt\u00f6ss\u00e4. Positiivisesti ajateltuna emme ainakaan maksa yhdest\u00e4k\u00e4\u00e4n hukkaneli\u00f6st\u00e4 t\u00e4ss\u00e4 asunnossa, toisin kuin aiemmassa asunnossa jossa hukkatilaa oli kymmeni\u00e4 neli\u00f6it\u00e4. \ud83d\ude44<\/p>\n<p style=\"text-align: center;\"><a href=\"\/blog\/wp-content\/uploads\/2015\/the_max_tornit1.jpg\"><img decoding=\"async\" style=\"border: 0px none; margin: 5px;\" src=\"\/blog\/wp-content\/uploads\/2015\/thumbs\/thumbs_the_max_tornit1.jpg\" alt=\"\" \/><\/a><a href=\"\/blog\/wp-content\/uploads\/2015\/the_max_tornit2.jpg\"><img decoding=\"async\" style=\"border: 0px none; margin: 5px;\" src=\"\/blog\/wp-content\/uploads\/2015\/thumbs\/thumbs_the_max_tornit2.jpg\" alt=\"\" \/><\/a><a href=\"\/blog\/wp-content\/uploads\/2015\/max1_torni5.jpg\"><img decoding=\"async\" style=\"border: 0px none; margin: 5px;\" src=\"\/blog\/wp-content\/uploads\/2015\/thumbs\/thumbs_max1_torni5.jpg\" alt=\"\" \/><\/a><\/p>\n<p style=\"text-align: center;\"><em>The Max kaksoistornit<\/em><\/p>\n<p style=\"text-align: justify;\">Toinen huono puoli asunnossa on sen sijainti keskell\u00e4 l\u00e4nsiseinustaa. Asunnossa on kyll\u00e4 valoisaa, mutta kunnon l\u00e4pivetoa t\u00e4nne ei saa ja ilmastoinnin puuttuessa talosta (yll\u00e4tt\u00e4v\u00e4\u00e4 kyll\u00e4), l\u00e4mpenev\u00e4t asunnot melkoisesti erityisesti t\u00e4llaisen <a href=\"https:\/\/www.vuosiamaailmalla.fi\/?p=5914\">meneill\u00e4\u00e4n olevan kuuman kes\u00e4n<\/a> aikana. Onneksemme asuntomme on sent\u00e4\u00e4n juuri l\u00e4nsiseinustalla ja siihen paistaa aurinko vain iltap\u00e4iv\u00e4ll\u00e4, mutta kyll\u00e4 t\u00e4ss\u00e4 on hikoiltu jo monta viikkoa t\u00e4m\u00e4n kes\u00e4n aikana. Toivon mukaan loppukes\u00e4 olisi hieman viile\u00e4mpi.<\/p>\n<p style=\"text-align: center;\"><a href=\"\/blog\/wp-content\/uploads\/2015\/max_vuoret.jpg\"><img decoding=\"async\" style=\"border: 0px none; margin: 5px;\" src=\"\/blog\/wp-content\/uploads\/2015\/thumbs\/thumbs_max_vuoret.jpg\" alt=\"\" \/><\/a><a href=\"\/blog\/wp-content\/uploads\/2015\/max_yaletown.jpg\"><img decoding=\"async\" style=\"border: 0px none; margin: 5px;\" src=\"\/blog\/wp-content\/uploads\/2015\/thumbs\/thumbs_max_yaletown.jpg\" alt=\"\" \/><\/a><\/p>\n<p style=\"text-align: center;\"><em>Ymp\u00e4r\u00f6iv\u00e4\u00e4 Yaletownia<\/em><\/p>\n<p style=\"text-align: justify;\">Kyll\u00e4h\u00e4n t\u00e4m\u00e4 t\u00e4llaisena v\u00e4liaikaisena ratkaisuna menee ja onhan meill\u00e4 runsaasti aiempaa kokemusta pienist\u00e4 asunnoista. Varsinaisen asunnon pit\u00e4\u00e4 kuitenkin olla kooltaan reilut 100 neli\u00f6t\u00e4, sill\u00e4 jo pelk\u00e4st\u00e4\u00e4n huonekalumme edellytt\u00e4v\u00e4t t\u00e4t\u00e4 kokoluokkaa. Tuollaisia asuntoja katselimmekin koko kev\u00e4\u00e4n ja kes\u00e4n, mutta Se Oikea odottaa edelleen l\u00f6ytymist\u00e4\u00e4n kunhan vain olemme valmiit sellaisen ottamaan.<\/p>\n<p style=\"text-align: center;\"><a href=\"\/blog\/wp-content\/uploads\/2015\/max_paivapanoraama.jpg\"><img decoding=\"async\" style=\"border: 0px none; margin: 5px;\" src=\"\/blog\/wp-content\/uploads\/2015\/max_paivapanoraama_pieni.jpg\" alt=\"\" \/><\/a><\/p>\n<p style=\"text-align: center;\"><em>Parvekkeen maisema<\/em><\/p>\n<p style=\"text-align: justify;\">Ja miten k\u00e4vik\u00e4\u00e4n ahneelle vuokraem\u00e4nn\u00e4lle? Ahneella oli t\u00e4ss\u00e4kin tapauksessa arvoisensa loppu, sill\u00e4 asunto oli tyhjill\u00e4\u00e4n kaksi kuukautta ennen uusien vuokralaisten l\u00f6ytymist\u00e4. Tuona aikana omistaja joutui kustantamaan asunnon uudelleenmaalauksen ja arviomme mukaan h\u00e4nelle koituikin tuolta ajalta tappiota noin 10 000 dollaria. On vaikea uskoa ett\u00e4 uudetkaan vuokralaiset suostuivat maksamaan alkuper\u00e4ist\u00e4 pyyntihintaa, varsinkin kun asuntoa markkinointiin tuloksetta per\u00e4ti nelj\u00e4 kuukautta. Onkin todenn\u00e4k\u00f6ist\u00e4 ett\u00e4 ahne omistaja joutuukin odottamaan reilusti yli kaksi vuotta ennen kuin h\u00e4n saa katettua tapauksesta kaikki h\u00e4nelle koituneet kustannukset.<\/p>\n<p style=\"text-align: center;\"><a href=\"\/blog\/wp-content\/uploads\/2015\/vancouver_yolla_savussa.jpg\"><img decoding=\"async\" style=\"border: 0px none; margin: 5px;\" src=\"\/blog\/wp-content\/uploads\/2015\/vancouver_yolla_savussa_pieni.jpg\" alt=\"\" \/><\/a><\/p>\n<p style=\"text-align: center;\"><em>Sumuinen y\u00f6maisema<\/em><\/p>\n<p style=\"text-align: justify;\">T\u00e4m\u00e4 oli ounastelemamme skenaario alusta saakka ja yritimme tolkuttaa sen rahallistakin j\u00e4rjett\u00f6myytt\u00e4 h\u00e4nelle moneen otteeseen. H\u00e4n kuitenkin kielt\u00e4ytyi jatkuvasti my\u00f6nt\u00e4m\u00e4st\u00e4 joka p\u00e4iv\u00e4 selvemm\u00e4ksi paljastuvaa tosiasiaa siit\u00e4, ett\u00e4 olimme t\u00e4ysin oikeassa. Omistaja ei ahneuksissaan pystynyt per\u00e4\u00e4ntym\u00e4\u00e4n edes v\u00e4ist\u00e4m\u00e4tt\u00f6m\u00e4n rahallisen tappion h\u00e4\u00e4m\u00f6tt\u00e4ess\u00e4 edess\u00e4\u00e4n. Valitettavasti tilanne ei kuitenkaan mahdollistanut meille muuta vaihtoehtoa kuin muuttaa pois, mik\u00e4 on kuitenkin meille parempi ratkaisu. Mutta meid\u00e4n sek\u00e4 monen muunkaan on ollut hyvin vaikea ymm\u00e4rt\u00e4\u00e4 omistajan ajatuksenjuoksua t\u00e4ss\u00e4 tapauksessa, joka p\u00e4\u00e4ttyi nyt n\u00e4in. <a title=\"Provinssi tuli vuokralaisten avuksi\" href=\"https:\/\/www.vuosiamaailmalla.fi\/?p=9391\">Vancouverin vuokramarkkinat<\/a> ovat vain melko erikoiset. \ud83d\ude44<\/p>\n","protected":false},"excerpt":{"rendered":"<p>Niinh\u00e4n siin\u00e4 sitten k\u00e4vi, ett\u00e4 jouduimme toukokuun alussa luopumaan kolme vuotta kotinamme toimineesta upeasta asunnostamme ahneen uuden vuokraem\u00e4nn\u00e4n vuoksi. Pitk\u00e4\u00e4n vatvotusta vuokrankorotuksesta ei vain l\u00f6ytynyt yhteisymm\u00e4rryst\u00e4 viime hetkell\u00e4k\u00e4\u00e4n, sill\u00e4 uudelle omistajalle ei vain riitt\u00e4nyt se ett\u00e4 olisimme suostuneet maksamaan 15% korkeampaa vuokraa ja sitoutumaan h\u00e4nelle t\u00e4ysin huolettomaan kahden vuoden pituiseen vuokrasopimukseen. Alkuper\u00e4isest\u00e4 per\u00e4ti 32% korotuksesta &hellip; <a href=\"https:\/\/www.vuosiamaailmalla.fi\/blog\/2015\/valiaikaista-asumista\/\" class=\"more-link\">Jatka lukemista<span class=\"screen-reader-text\"> &#8221;V\u00e4liaikaista asumista&#8221;<\/span><\/a><\/p>\n","protected":false},"author":1,"featured_media":9398,"comment_status":"open","ping_status":"open","sticky":false,"template":"","format":"standard","meta":{"_jetpack_memberships_contains_paid_content":false,"footnotes":""},"categories":[17,3,4],"tags":[34,932,935,182,893,939,215],"class_list":["post-6171","post","type-post","status-publish","format-standard","has-post-thumbnail","hentry","category-arki-kanadassa","category-arki-ulkomailla","category-asuminen-kanadassa","tag-arki","tag-asunto","tag-kanada","tag-muuttaminen","tag-the-max","tag-vancouver","tag-vancouver-yaletown"],"jetpack_featured_media_url":"https:\/\/www.vuosiamaailmalla.fi\/blog\/wp-content\/uploads\/max_vuoret_banner-1.jpg","jetpack_sharing_enabled":true,"_links":{"self":[{"href":"https:\/\/www.vuosiamaailmalla.fi\/blog\/wp-json\/wp\/v2\/posts\/6171","targetHints":{"allow":["GET"]}}],"collection":[{"href":"https:\/\/www.vuosiamaailmalla.fi\/blog\/wp-json\/wp\/v2\/posts"}],"about":[{"href":"https:\/\/www.vuosiamaailmalla.fi\/blog\/wp-json\/wp\/v2\/types\/post"}],"author":[{"embeddable":true,"href":"https:\/\/www.vuosiamaailmalla.fi\/blog\/wp-json\/wp\/v2\/users\/1"}],"replies":[{"embeddable":true,"href":"https:\/\/www.vuosiamaailmalla.fi\/blog\/wp-json\/wp\/v2\/comments?post=6171"}],"version-history":[{"count":0,"href":"https:\/\/www.vuosiamaailmalla.fi\/blog\/wp-json\/wp\/v2\/posts\/6171\/revisions"}],"wp:featuredmedia":[{"embeddable":true,"href":"https:\/\/www.vuosiamaailmalla.fi\/blog\/wp-json\/wp\/v2\/media\/9398"}],"wp:attachment":[{"href":"https:\/\/www.vuosiamaailmalla.fi\/blog\/wp-json\/wp\/v2\/media?parent=6171"}],"wp:term":[{"taxonomy":"category","embeddable":true,"href":"https:\/\/www.vuosiamaailmalla.fi\/blog\/wp-json\/wp\/v2\/categories?post=6171"},{"taxonomy":"post_tag","embeddable":true,"href":"https:\/\/www.vuosiamaailmalla.fi\/blog\/wp-json\/wp\/v2\/tags?post=6171"}],"curies":[{"name":"wp","href":"https:\/\/api.w.org\/{rel}","templated":true}]}}