{"id":633,"date":"2011-01-10T20:13:24","date_gmt":"2011-01-11T04:13:24","guid":{"rendered":"http:\/\/13.53.127.146\/?p=633"},"modified":"2020-12-29T16:23:53","modified_gmt":"2020-12-30T00:23:53","slug":"kultturelli-ilta-maailmantahden-seurassa","status":"publish","type":"post","link":"https:\/\/www.vuosiamaailmalla.fi\/blog\/2011\/kultturelli-ilta-maailmantahden-seurassa\/","title":{"rendered":"Kultturelli ilta maailmant\u00e4hden seurassa"},"content":{"rendered":"<p style=\"text-align: justify;\">Eilinen oli eritt\u00e4in kultturelli sunnuntai. Laiskasti kuluneen p\u00e4iv\u00e4n j\u00e4lkeen suuntasimme puoli kuudeksi <em>Potsdamer Platzin<\/em> viiden t\u00e4hden Marriott-hotellille, jossa tapasimme nelj\u00e4 suomalaista ty\u00f6kaveriamme. Heid\u00e4n kanssaan nautimme hotellin fiiniss\u00e4 <em>Midtown Grill<\/em> -ravintolassa makoisan illallisen. Valtavan kokoisilta ruokalistoilta (valtavaa oli niin valinnan laajuus kuin ruokalistojen fyysinen kokokin) l\u00f6ytyi monenlaisia herkkuja, mutta koko porukkamme keskittyi listan lukuisiin burgereihin sek\u00e4 pihveihin, jotka ovatkin ravintolan erikoisuus. Kunnon pihviravintolassa kun oltiin, niin tarjolla oli tietenkin monenlaista sis\u00e4filett\u00e4 normaalista aina 79 euroa maksavaan 200 gramman palaan Wagyu -lihaa. Kyseess\u00e4 on Japanin <a href=\"https:\/\/www.vuosiamaailmalla.fi\/?p=2461\">Kobessa nauttimamme<\/a> kuuluisan Koben h\u00e4r\u00e4n kanssa samansuuntaisesta korkealuokkaisesta naudanlihasta.<\/p>\n<p><!--more--><\/p>\n<p style=\"text-align: center;\"><a href=\"\/blog\/wp-content\/uploads\/2011\/midtown_grill.jpg\" target=\"_blank\" rel=\"noopener\"><img decoding=\"async\" style=\"border: 0px none; margin: 5px;\" src=\"\/blog\/wp-content\/uploads\/2011\/midtown_grill.jpg\" alt=\"\" \/><\/a><\/p>\n<p style=\"text-align: center;\"><em>Midtown Grill<\/em><\/p>\n<p style=\"text-align: center;\"><a href=\"\/blog\/wp-content\/uploads\/2011\/valtava_ruokalista.jpg\" target=\"_blank\" rel=\"noopener\"><img decoding=\"async\" style=\"border: 0px none; margin: 5px;\" src=\"\/blog\/wp-content\/uploads\/2011\/thumbs\/thumbs_valtava_ruokalista.jpg\" alt=\"\" \/><\/a> <a href=\"\/blog\/wp-content\/uploads\/2011\/avokeittio.jpg\" target=\"_blank\" rel=\"noopener\"><img decoding=\"async\" style=\"border: 0px none; margin: 5px;\" src=\"\/blog\/wp-content\/uploads\/2011\/thumbs\/thumbs_avokeittio.jpg\" alt=\"\" \/><\/a><\/p>\n<p style=\"text-align: center;\"><em>Valtava ruokalista sek\u00e4 ravintolan avokeitti\u00f6<\/em><\/p>\n<p style=\"text-align: justify;\">Aivan sellaisiin herkkuihin ei ollut kuitenkaan t\u00e4ll\u00e4 kertaa tarvetta, sill\u00e4 itsell\u00e4nikin oli vain pieni n\u00e4lk\u00e4. Tavallinen sis\u00e4filepihvi sai siis kelvata minulle. Niina puolestaan nautti tonnikalapihvist\u00e4, joka oli h\u00e4nen mukaansa eritt\u00e4in hyv\u00e4\u00e4. T\u00e4ytt\u00e4v\u00e4n ruoan j\u00e4ljilt\u00e4 ei ollutkaan en\u00e4\u00e4 tarvetta j\u00e4lkiruoalle, jotka kuitenkin kuulostivat herkullisilta. Hauskana yksityiskohtana j\u00e4lkiruokalista oli painettu postikortin muotoon. Kortin olisikin voinut t\u00e4ytt\u00e4\u00e4 ja ravintola olisi maksutta toimittanut sen minnep\u00e4in maailmaa tahansa.<\/p>\n<p style=\"text-align: center;\"><a href=\"\/blog\/wp-content\/uploads\/2011\/midtown_burgeri.jpg\" target=\"_blank\" rel=\"noopener\"><img decoding=\"async\" style=\"border: 0px none; margin: 5px;\" src=\"\/blog\/wp-content\/uploads\/2011\/midtown_burgeri.jpg\" alt=\"\" \/><\/a><\/p>\n<p style=\"text-align: center;\"><em>240 gramman burgeri<\/em><\/p>\n<p style=\"text-align: center;\"><a href=\"\/blog\/wp-content\/uploads\/2011\/pieni_bretzel_kera_oluen.jpg\" target=\"_blank\" rel=\"noopener\"><img decoding=\"async\" style=\"border: 0px none; margin: 5px;\" src=\"\/blog\/wp-content\/uploads\/2011\/pieni_bretzel_kera_oluen.jpg\" alt=\"\" \/><\/a><\/p>\n<p style=\"text-align: center;\"><em>Olut kera piskuisen bretzelin<\/em><\/p>\n<p style=\"text-align: justify;\">Illallisen j\u00e4lkeen k\u00e4velimme viiden minuutin matkan Potsdamer Platzin kyljess\u00e4, Kulturforumiksi nimitett\u00e4v\u00e4ll\u00e4 alueella, sijaitsevalle Berliner Philharmonien konserttitalolle. T\u00e4m\u00e4 ulkoa keltainen, muodoltaan hieman telttamainen, konserttitalo on valmistunut vuonna 1963 ja se k\u00e4sitt\u00e4\u00e4 kaksi konserttisalia. Pienemp\u00e4\u00e4n <em>Kammermusiksaaliin<\/em> mahtuu 1180 kuulijaa ja suurempaan <em>Gro\u00dfer Saaliin<\/em> per\u00e4ti 2440. Suurempi sali, jossa konserttimme pidettiin, on sis\u00e4lt\u00e4 viisikulmion muotoinen. Esiintymislava sijaitsee alhaalla salin keskell\u00e4. Pieniin osiin jaetut katsomot nousevat pienoisesti eri kulmissa lavan ymp\u00e4rilt\u00e4 aina katonrajaan saakka. Valmistuessaan salin suunnittelu edusti aivan uutta ajattelua ja sit\u00e4 onkin sittemmin onnistuneesti kopioitu muun muassa <a title=\"Sydneyn sinisill\u00e4 vuorilla\" href=\"http:\/\/www.vuosiamaailmalla.fi\/blog\/2009\/sydneyn-sinisilla-vuorilla\/\">Sydneyn kuuluisassa oopperatalolla<\/a>. My\u00f6s Helsingin pian valmistuvan Musiikkitalon konserttisali on rakennettu samoilla periaatteilla.<\/p>\n<p style=\"text-align: center;\"><a href=\"\/blog\/wp-content\/uploads\/2011\/berliner_philharmonie.jpg\" target=\"_blank\" rel=\"noopener\"><img decoding=\"async\" style=\"border: 0px none; margin: 5px;\" src=\"\/blog\/wp-content\/uploads\/2011\/berliner_philharmonie.jpg\" alt=\"\" \/><\/a><\/p>\n<p style=\"text-align: center;\"><em>Berliner Philharmonie<\/em><\/p>\n<p style=\"text-align: justify;\">Konserttitalon suuri sali on maailmankuulu erinomaisesta akustiikastaan, jonka sen erikoinen rakenne sek\u00e4 rakentamisessa k\u00e4ytetyt materiaalit synnytt\u00e4v\u00e4t. Vuoden 2008 toukokuussa rakennuksen katolla roihusi tulipalo, jonka pel\u00e4ttiin aiheuttavan rakennukselle mittavia tuhoja Onneksi palokunnan onnistui rajata palo ja tapauksesta selvittiin ilman sen suurempia vaurioita. T\u00e4m\u00e4 oli suuri onni varsinkin Berliinin filharmonikoille, jota pidet\u00e4\u00e4n yhten\u00e4 maailman parhaana sinfoniaorkesterina ja jonka kotiareena Berliner Philharmonie on.<\/p>\n<p style=\"text-align: justify;\">Illan esiintyj\u00e4n\u00e4 toimi maailmankuulu tenori Andrea Bocelli. Bocelli on syntynyt vuonna 1958 Keski-Italian Toscanan maakunnan pieness\u00e4 Lajaticon kyl\u00e4ss\u00e4. Bocelli syntyi heikkon\u00e4k\u00f6isen\u00e4 ja menetti n\u00e4k\u00f6ns\u00e4 t\u00e4ydellisesti kaksitoistavuotiaana jalkapallo-onnettomuudessa. L\u00e4pimurtonsa Bocelli teki Sanremon musiikkifestivaaleilla vuonna 1994 festivaalien kuumana uutena tulokkaana. Sittemmin Bocelli on muun muassa levytt\u00e4nyt 13 sooloalbumia niin pop- kuin klassisenkin musiikin parissa, \u00e4\u00e4nitt\u00e4nyt kahdeksan kokonaista oopperaa sek\u00e4 myynyt maailmanlaajuisesti yli 70 miljoonaa levy\u00e4. H\u00e4n onkin kaikkien aikojen eniten myynyt klassisen musiikin sooloartisti, jonka tunnetuin kappale lienee yhdess\u00e4 englantilaisen sopraano Sarah Brightmanin kanssa laulettu <em>Time to Say Goodbye<\/em>. Hieno kappale on s\u00e4velletty Bocellin toista albumia varten.<\/p>\n<p style=\"text-align: center;\"><a href=\"\/blog\/wp-content\/uploads\/2011\/ennen_bocellia.jpg\" target=\"_blank\" rel=\"noopener\"><img decoding=\"async\" style=\"border: 0px none; margin: 5px;\" src=\"\/blog\/wp-content\/uploads\/2011\/ennen_bocellia.jpg\" alt=\"\" \/><\/a><\/p>\n<p style=\"text-align: center;\"><em>Ennen konsertin alkua<\/em><\/p>\n<p style=\"text-align: center;\"><a href=\"\/blog\/wp-content\/uploads\/2011\/bocelli_lavalla.jpg\" target=\"_blank\" rel=\"noopener\"><img decoding=\"async\" style=\"border: 0px none; margin: 5px;\" src=\"\/blog\/wp-content\/uploads\/2011\/bocelli_lavalla.jpg\" alt=\"\" \/><\/a><\/p>\n<p style=\"text-align: center;\"><em>Andrea Bocelli<\/em><\/p>\n<p style=\"text-align: justify;\">Bocellin menestyst\u00e4 vasten on helppo uskoa, ett\u00e4 konsertin liput meniv\u00e4t hetkess\u00e4. Onneksi ty\u00f6kaverimme oli ehtinyt bongata tiedon konsertista etuk\u00e4teen ja saimme n\u00e4in hankittua liput konserttiin. Liput maailmanluokan t\u00e4hden konserttiin olivat luonnollisesti kalliit (102 euroa \/ kappale), mutta sill\u00e4 ei ollut mit\u00e4\u00e4n merkityst\u00e4. Jopa paikkamme aivan salin yl\u00e4katsomossa, tosin laulajan etupuolella, eiv\u00e4t haitanneet mit\u00e4\u00e4n, sill\u00e4 uskomattoman konserttisalin akustiikka takasi ett\u00e4 \u00e4\u00e4ni kuului kaikkialle.<\/p>\n<p style=\"text-align: justify;\">Ja millainen \u00e4\u00e4ni herra Bocellilla olikaan. Konsertissa h\u00e4nell\u00e4 oli tukenaan ainoastaan pianisti Vincenzo Scaleran soittama flyygeli. Uskomatonta kyll\u00e4, flyygelin ja ennen kaikkea Bocellin \u00e4\u00e4ni riittiv\u00e4t hyvin t\u00e4ytt\u00e4m\u00e4\u00e4n suuren konserttisalin aivan katonrajaa my\u00f6den. T\u00e4t\u00e4 voi pit\u00e4\u00e4 huikeana osoituksena paitsi salin akustiikasta, mutta my\u00f6s tenorin \u00e4\u00e4nen voimasta. Mit\u00e4\u00e4n mikrofoneja ja kaiuttimiahan ei konsertissa tietenk\u00e4\u00e4n k\u00e4ytetty.<\/p>\n<p style=\"text-align: justify;\">Kaukaiset paikkamme eiv\u00e4t siis h\u00e4irinneet konsertin kuuntelua tippaakaan. Sen sijaan visuaalista h\u00e4iri\u00f6t\u00e4 aiheuttivat huonok\u00e4yt\u00f6ksiset saksalaiset ja turistit, jotka tuntuivat tulleen <em>katsomaan<\/em> Bocellia h\u00e4nen kuulemisen sijaan. Vaikka koko konserttitalossa on valokuvauskielto, kamerat v\u00e4lkkyiv\u00e4t varsinkin ensimm\u00e4isen puoliajan aikana kymmeni\u00e4 kertoja. Sokeaa Bocellia t\u00e4m\u00e4 tuskin haittasi, mutta kuuntelijaa kyll\u00e4kin hieman. Valokuvaaminen Bocellin laulun aikana oli viel\u00e4p\u00e4 idiotismia parhaimmillaan, sill\u00e4 aplodien aikana kuvaus ei haitannut ket\u00e4\u00e4n (ja silloin itsekin kuvani nappasin). Noh, onneksi kamerat pystyi unohtamaan silm\u00e4ns\u00e4 sulkemalla ja musiikkiin keskittym\u00e4ll\u00e4.<\/p>\n<p style=\"text-align: justify;\">Esitetyt kappaleet olivat p\u00e4\u00e4asiassa italiankielisi\u00e4 klassisia kappaleita, mutta joukossa oli my\u00f6s muutama englannin ja my\u00f6s saksankielinenkin kappale. Ainoa kappale jonka me tunnistimme oli ensimm\u00e4isen\u00e4 encorena esitetty loistava <em><a href=\"https:\/\/www.youtube.com\/watch?v=8A3zetSuYRg\">La donna \u00e8 mobile<\/a><\/em>, joka oli edesmenneen Luciano Pavarottin tunnusaaria. Selv\u00e4sti kappale oli muillekin se ainoa tuttu, sill\u00e4 heti sen alkus\u00e4velm\u00e4t r\u00e4j\u00e4yttiv\u00e4t salissa ilmoille aplodimyrskyn. Ja voin vakuuttaa, ett\u00e4 raivoisat aplodit kuulostavat tuossa konserttisalissa melkoiselta myrskylt\u00e4!<\/p>\n<p style=\"text-align: center;\"><a href=\"\/blog\/wp-content\/uploads\/2011\/kiitoskurmarrus.jpg\" target=\"_blank\" rel=\"noopener\"><img decoding=\"async\" style=\"border: 0px none; margin: 5px;\" src=\"\/blog\/wp-content\/uploads\/2011\/kiitoskurmarrus.jpg\" alt=\"\" \/><\/a><\/p>\n<p style=\"text-align: center;\"><em>Aplodimyrsky konsertin j\u00e4lkeen<\/em><\/p>\n<p style=\"text-align: justify;\">Kaiken kaikkiaan Andrea Bocellin konsertti oli uskomaton el\u00e4mys, jonka varmasti jokainen kuulija muistaa. Itselleni se oli ehdoton must do -juttu, sill\u00e4 aina Pavarottin kuoleman j\u00e4lkeen olen harmitellut etten koskaan saanut kuulla t\u00e4t\u00e4 toista kuuluisaa laulajaa liven\u00e4. Nyt se on jo h\u00e4nen kohdallaan mahdotonta, mink\u00e4 vuoksi englanninkielinen sanonta <em>&#8221;go before it&#8217;s too late!&#8221;<\/em> pit\u00e4\u00e4 enemm\u00e4n kuin paikkansa. Ja vaikka Bocellin \u00e4\u00e4nt\u00e4 on nyt kuullutkin kertaalleen, ei se tarkoita etteik\u00f6 h\u00e4nt\u00e4kin voisi kuulla viel\u00e4 joskus toiste. Varsinkin suuren sinfoniaorkesterin kera Bocelli experience voisi nousta viel\u00e4 uusiin sv\u00e4\u00e4reihins\u00e4! T\u00e4llaista konserttia odotellessa. \ud83d\ude2e<\/p>\n","protected":false},"excerpt":{"rendered":"<p>Eilinen oli eritt\u00e4in kultturelli sunnuntai. Laiskasti kuluneen p\u00e4iv\u00e4n j\u00e4lkeen suuntasimme puoli kuudeksi Potsdamer Platzin viiden t\u00e4hden Marriott-hotellille, jossa tapasimme nelj\u00e4 suomalaista ty\u00f6kaveriamme. Heid\u00e4n kanssaan nautimme hotellin fiiniss\u00e4 Midtown Grill -ravintolassa makoisan illallisen. Valtavan kokoisilta ruokalistoilta (valtavaa oli niin valinnan laajuus kuin ruokalistojen fyysinen kokokin) l\u00f6ytyi monenlaisia herkkuja, mutta koko porukkamme keskittyi listan lukuisiin burgereihin sek\u00e4 &hellip; <a href=\"https:\/\/www.vuosiamaailmalla.fi\/blog\/2011\/kultturelli-ilta-maailmantahden-seurassa\/\" class=\"more-link\">Jatka lukemista<span class=\"screen-reader-text\"> &#8221;Kultturelli ilta maailmant\u00e4hden seurassa&#8221;<\/span><\/a><\/p>\n","protected":false},"author":1,"featured_media":8553,"comment_status":"open","ping_status":"open","sticky":false,"template":"","format":"standard","meta":{"_jetpack_memberships_contains_paid_content":false,"footnotes":""},"categories":[18,3],"tags":[25,256,34,49,251,255,936,190],"class_list":["post-633","post","type-post","status-publish","format-standard","has-post-thumbnail","hentry","category-arki-saksassa","category-arki-ulkomailla","tag-ajankohtaista","tag-andrea-bocelli","tag-arki","tag-berliini","tag-konsertti","tag-potsdamer-platz","tag-ravintolat","tag-saksa"],"jetpack_featured_media_url":"https:\/\/www.vuosiamaailmalla.fi\/blog\/wp-content\/uploads\/bocelli_lavalla_banner-1.jpg","jetpack_sharing_enabled":true,"_links":{"self":[{"href":"https:\/\/www.vuosiamaailmalla.fi\/blog\/wp-json\/wp\/v2\/posts\/633","targetHints":{"allow":["GET"]}}],"collection":[{"href":"https:\/\/www.vuosiamaailmalla.fi\/blog\/wp-json\/wp\/v2\/posts"}],"about":[{"href":"https:\/\/www.vuosiamaailmalla.fi\/blog\/wp-json\/wp\/v2\/types\/post"}],"author":[{"embeddable":true,"href":"https:\/\/www.vuosiamaailmalla.fi\/blog\/wp-json\/wp\/v2\/users\/1"}],"replies":[{"embeddable":true,"href":"https:\/\/www.vuosiamaailmalla.fi\/blog\/wp-json\/wp\/v2\/comments?post=633"}],"version-history":[{"count":2,"href":"https:\/\/www.vuosiamaailmalla.fi\/blog\/wp-json\/wp\/v2\/posts\/633\/revisions"}],"predecessor-version":[{"id":11135,"href":"https:\/\/www.vuosiamaailmalla.fi\/blog\/wp-json\/wp\/v2\/posts\/633\/revisions\/11135"}],"wp:featuredmedia":[{"embeddable":true,"href":"https:\/\/www.vuosiamaailmalla.fi\/blog\/wp-json\/wp\/v2\/media\/8553"}],"wp:attachment":[{"href":"https:\/\/www.vuosiamaailmalla.fi\/blog\/wp-json\/wp\/v2\/media?parent=633"}],"wp:term":[{"taxonomy":"category","embeddable":true,"href":"https:\/\/www.vuosiamaailmalla.fi\/blog\/wp-json\/wp\/v2\/categories?post=633"},{"taxonomy":"post_tag","embeddable":true,"href":"https:\/\/www.vuosiamaailmalla.fi\/blog\/wp-json\/wp\/v2\/tags?post=633"}],"curies":[{"name":"wp","href":"https:\/\/api.w.org\/{rel}","templated":true}]}}