{"id":6482,"date":"2015-07-16T09:56:20","date_gmt":"2015-07-16T16:56:20","guid":{"rendered":"http:\/\/13.53.127.146\/?p=6482"},"modified":"2020-12-13T16:56:40","modified_gmt":"2020-12-14T00:56:40","slug":"hulluttelua-trump-towerin-huipulla","status":"publish","type":"post","link":"https:\/\/www.vuosiamaailmalla.fi\/blog\/2015\/hulluttelua-trump-towerin-huipulla\/","title":{"rendered":"Hulluttelua Trump Towerin huipulla"},"content":{"rendered":"<p style=\"text-align: justify;\">Laittomasta rakennusten ja rakennusty\u00f6maiden valloituksesta eli <em>rooftoppingista<\/em> on syntynyt viime vuosina nettiin pieni alakulttuuri. Nuoret miehet kiipeilev\u00e4t oman henkens\u00e4 uhalla <a title=\"Kilpailu korkeimmasta pilvenpiirt\u00e4j\u00e4st\u00e4\" href=\"https:\/\/www.vuosiamaailmalla.fi\/?p=11013\">korkeiden rakennusty\u00f6maiden<\/a> nostureissa ja katoilla, ja l\u00e4hett\u00e4v\u00e4t seikkailuistaan kuvia ja videoita nettiin.<\/p>\n<p style=\"text-align: justify;\">My\u00f6s Vancouverin t\u00e4m\u00e4n hetken korkein ty\u00f6maa, 188-metrinen <a href=\"https:\/\/www.vuosiamaailmalla.fi\/?p=2137\"><em>Trump Tower<\/em><\/a> on valloitettu jo per\u00e4ti kahteen otteeseen. Ensimm\u00e4inen tapaus sattui huhtikuussa, kun kaksi paikallista nuorukaista tunkeutui rakennusty\u00f6maalle ja kiipesi tornin huipulle y\u00f6n tunteina. <em>Youtubeen<\/em> ladattu video on sittemmin poistettu ja poliisi tutkii asiaa laittomana tunkeutumisena.<\/p>\n<p><!--more--><\/p>\n<p style=\"text-align: center;\"><a href=\"\/blog\/wp-content\/uploads\/2015\/trump_tower50_pieni.jpg\"><img decoding=\"async\" style=\"border: 0px none; margin: 5px;\" src=\"\/blog\/wp-content\/uploads\/2015\/thumbs\/thumbs_trump_tower50_pieni.jpg\" alt=\"\" \/><\/a><a href=\"\/blog\/wp-content\/uploads\/2015\/trump_tower51_pieni.jpg\"><img decoding=\"async\" style=\"border: 0px none; margin: 5px;\" src=\"\/blog\/wp-content\/uploads\/2015\/thumbs\/thumbs_trump_tower51_pieni.jpg\" alt=\"\" \/><\/a><\/p>\n<p style=\"text-align: center;\"><em>Harjakorkeudessa oleva Trump Tower<\/em><\/p>\n<p style=\"text-align: justify;\">Uusin tapaus sattui parin viikon sis\u00e4\u00e4n, kun toinen kaksikko kiipesi nyt <a title=\"Asukkaana Trump Towerissa\" href=\"https:\/\/www.vuosiamaailmalla.fi\/?p=9783\">valmiin pilvenpiirt\u00e4j\u00e4n<\/a> huipulle. Video on kuvattu oletettavasti aikaisin sunnuntaiaamuna ja siin\u00e4 huimap\u00e4inen kaksikko paitsi heiluu tornin katolla, he kiipe\u00e4v\u00e4t my\u00f6s yli 200 metrin korkeudessa keikkuvan nostokurjen nokkaan. Kaikki tapahtuu ilmaan mink\u00e4\u00e4nlaisia turvavaljaita ja video saakin katsojan tuntemaan voimakasta huimausta ja k\u00e4mmenien hikoillua. \ud83d\ude42<\/p>\n<p style=\"text-align: center;\"><iframe loading=\"lazy\" src=\"https:\/\/www.youtube-nocookie.com\/embed\/79qTeaCPg6g?rel=0\" width=\"640\" height=\"360\" frameborder=\"0\" allowfullscreen=\"allowfullscreen\"><\/iframe><\/p>\n<p style=\"text-align: justify;\">Vaikka n\u00e4iden tempausten tuloksena syntyykin n\u00e4ytt\u00e4v\u00e4\u00e4 videomateriaalia ovat ne silti t\u00e4ysin laittomia tunkeutumisia yksityisalueelle. Niihin sis\u00e4ltyy valtava riski jonkun hurjap\u00e4\u00e4n putoamisesta, mik\u00e4 p\u00e4\u00e4ttyisi varmaan kuolemaan. Huonolla tuurilla my\u00f6s joku sivullinen alapuolella voisi vahingoittua tai kuolla tapauksessa, joten niit\u00e4 ei voi pit\u00e4\u00e4 muuna kuin typerin\u00e4 tempauksina. \ud83d\udca1<\/p>\n","protected":false},"excerpt":{"rendered":"<p>Laittomasta rakennusten ja rakennusty\u00f6maiden valloituksesta eli rooftoppingista on syntynyt viime vuosina nettiin pieni alakulttuuri. Nuoret miehet kiipeilev\u00e4t oman henkens\u00e4 uhalla korkeiden rakennusty\u00f6maiden nostureissa ja katoilla, ja l\u00e4hett\u00e4v\u00e4t seikkailuistaan kuvia ja videoita nettiin. My\u00f6s Vancouverin t\u00e4m\u00e4n hetken korkein ty\u00f6maa, 188-metrinen Trump Tower on valloitettu jo per\u00e4ti kahteen otteeseen. Ensimm\u00e4inen tapaus sattui huhtikuussa, kun kaksi paikallista nuorukaista &hellip; <a href=\"https:\/\/www.vuosiamaailmalla.fi\/blog\/2015\/hulluttelua-trump-towerin-huipulla\/\" class=\"more-link\">Jatka lukemista<span class=\"screen-reader-text\"> &#8221;Hulluttelua Trump Towerin huipulla&#8221;<\/span><\/a><\/p>\n","protected":false},"author":1,"featured_media":9864,"comment_status":"open","ping_status":"open","sticky":false,"template":"","format":"standard","meta":{"_jetpack_memberships_contains_paid_content":false,"footnotes":""},"categories":[17,3],"tags":[25,935,301,571,939,211,940],"class_list":["post-6482","post","type-post","status-publish","format-standard","has-post-thumbnail","hentry","category-arki-kanadassa","category-arki-ulkomailla","tag-ajankohtaista","tag-kanada","tag-rakennustyomaa","tag-trump-international-hotel-tower-vancouver","tag-vancouver","tag-vancouver-coal-harbour","tag-vancouver-downtown"],"jetpack_featured_media_url":"https:\/\/www.vuosiamaailmalla.fi\/blog\/wp-content\/uploads\/trump_tower50_banner.jpg","jetpack_sharing_enabled":true,"_links":{"self":[{"href":"https:\/\/www.vuosiamaailmalla.fi\/blog\/wp-json\/wp\/v2\/posts\/6482","targetHints":{"allow":["GET"]}}],"collection":[{"href":"https:\/\/www.vuosiamaailmalla.fi\/blog\/wp-json\/wp\/v2\/posts"}],"about":[{"href":"https:\/\/www.vuosiamaailmalla.fi\/blog\/wp-json\/wp\/v2\/types\/post"}],"author":[{"embeddable":true,"href":"https:\/\/www.vuosiamaailmalla.fi\/blog\/wp-json\/wp\/v2\/users\/1"}],"replies":[{"embeddable":true,"href":"https:\/\/www.vuosiamaailmalla.fi\/blog\/wp-json\/wp\/v2\/comments?post=6482"}],"version-history":[{"count":0,"href":"https:\/\/www.vuosiamaailmalla.fi\/blog\/wp-json\/wp\/v2\/posts\/6482\/revisions"}],"wp:featuredmedia":[{"embeddable":true,"href":"https:\/\/www.vuosiamaailmalla.fi\/blog\/wp-json\/wp\/v2\/media\/9864"}],"wp:attachment":[{"href":"https:\/\/www.vuosiamaailmalla.fi\/blog\/wp-json\/wp\/v2\/media?parent=6482"}],"wp:term":[{"taxonomy":"category","embeddable":true,"href":"https:\/\/www.vuosiamaailmalla.fi\/blog\/wp-json\/wp\/v2\/categories?post=6482"},{"taxonomy":"post_tag","embeddable":true,"href":"https:\/\/www.vuosiamaailmalla.fi\/blog\/wp-json\/wp\/v2\/tags?post=6482"}],"curies":[{"name":"wp","href":"https:\/\/api.w.org\/{rel}","templated":true}]}}