{"id":6485,"date":"2015-07-17T08:57:05","date_gmt":"2015-07-17T15:57:05","guid":{"rendered":"http:\/\/13.53.127.146\/?p=6485"},"modified":"2025-06-01T14:53:27","modified_gmt":"2025-06-01T21:53:27","slug":"ostosmekka-lentokentan-kupeessa","status":"publish","type":"post","link":"https:\/\/www.vuosiamaailmalla.fi\/blog\/2015\/ostosmekka-lentokentan-kupeessa\/","title":{"rendered":"Ostosmekka lentokent\u00e4n kupeessa"},"content":{"rendered":"<p style=\"text-align: justify;\">British Columbian taloudella <a href=\"https:\/\/www.vuosiamaailmalla.fi\/?p=3179\">menee lujaa<\/a> ja se n\u00e4kyy ihmisten ostovoiman kasvuna. Vancouveriin onkin viime vuosina avautunut lukuisia uusia kauppoja ja erityisesti luksustavarakauppa on piristynyt huomattavasti. Keskustaan <em>Alberni Streetin<\/em> ymp\u00e4rille on rakentumassa kalliiden luksusliikkeiden reunustama kadunp\u00e4tk\u00e4, jonka varressa voi bongata monenlaisia <a href=\"https:\/\/www.vuosiamaailmalla.fi\/?p=1579\">luksusautoja<\/a>. Vaikka Vancouverissa asuukin runsaasti rikkaita ihmisi\u00e4, ovat n\u00e4m\u00e4 liikkeet silti suurimman osan ulottumattomissa. Tavalliset ihmiset ostavatkin yleens\u00e4 merkkituotteita alennettuun hintaan tehtaanmyym\u00e4l\u00f6ist\u00e4 eli <em>outleteist\u00e4<\/em>.<\/p>\n<p><!--more--><\/p>\n<p style=\"text-align: center;\"><a href=\"\/blog\/wp-content\/uploads\/2015\/mcarthur_glen_outlet_takaata.jpg\"><img decoding=\"async\" style=\"border: 0px none; margin: 5px;\" src=\"\/blog\/wp-content\/uploads\/2015\/mcarthur_glen_outlet_takaata.jpg\" alt=\"\" \/><\/a><\/p>\n<p style=\"text-align: center;\"><em>Tulevan laajennuksen suunnasta<\/em><\/p>\n<p style=\"text-align: justify;\">T\u00e4h\u00e4n menness\u00e4 Vancouverista ei ole l\u00f6ytynyt kunnollista merkkituotteisiin keskittyv\u00e4\u00e4 outlet-keskusta. Paikalliset ovatkin joutuneet ajamaan melkein Seattleen saakka, miss\u00e4 sijaitsee valtava <em>Seattle Premium Outlets<\/em>. Vaan eip\u00e4 tarvitse en\u00e4\u00e4, sill\u00e4 viikko sitten Vancouverin kansainv\u00e4lisen lentokent\u00e4n l\u00e4heisyyteen Richmondiin avautui uuden suuren <em>McArthur Glen Designer Outletin<\/em> ensimm\u00e4inen vaihe.<\/p>\n<p style=\"text-align: center;\"><a href=\"\/blog\/wp-content\/uploads\/2015\/mcarthur_glen_outlet4.jpg\"><img decoding=\"async\" style=\"border: 0px none; margin: 5px;\" src=\"\/blog\/wp-content\/uploads\/2015\/thumbs\/thumbs_mcarthur_glen_outlet4.jpg\" alt=\"\" \/><\/a><a href=\"\/blog\/wp-content\/uploads\/2015\/mcarthur_glen_outlet1.jpg\"><img decoding=\"async\" style=\"border: 0px none; margin: 5px;\" src=\"\/blog\/wp-content\/uploads\/2015\/thumbs\/thumbs_mcarthur_glen_outlet1.jpg\" alt=\"\" \/><\/a><a href=\"\/blog\/wp-content\/uploads\/2015\/mcarthur_glen_outlet2.jpg\"><img decoding=\"async\" style=\"border: 0px none; margin: 5px;\" src=\"\/blog\/wp-content\/uploads\/2015\/thumbs\/thumbs_mcarthur_glen_outlet2.jpg\" alt=\"\" \/><\/a><\/p>\n<p style=\"text-align: center;\"><em>Tie ostosmekkaan<\/em><\/p>\n<p style=\"text-align: center;\"><a href=\"\/blog\/wp-content\/uploads\/2015\/mcarthur_glen_outlet3.jpg\"><img decoding=\"async\" style=\"border: 0px none; margin: 5px;\" src=\"\/blog\/wp-content\/uploads\/2015\/thumbs\/thumbs_mcarthur_glen_outlet3.jpg\" alt=\"\" \/><\/a><a href=\"\/blog\/wp-content\/uploads\/2015\/mcarthur_glen_outlet6.jpg\"><img decoding=\"async\" style=\"border: 0px none; margin: 5px;\" src=\"\/blog\/wp-content\/uploads\/2015\/thumbs\/thumbs_mcarthur_glen_outlet6.jpg\" alt=\"\" \/><\/a><\/p>\n<p style=\"text-align: center;\"><em>Tervetuloa Disneylandiin<\/em><\/p>\n<p style=\"text-align: center;\"><a href=\"\/blog\/wp-content\/uploads\/2015\/mcarthur_glen_outlet5.jpg\"><img decoding=\"async\" style=\"border: 0px none; margin: 5px;\" src=\"\/blog\/wp-content\/uploads\/2015\/mcarthur_glen_outlet5.jpg\" alt=\"\" \/><\/a><\/p>\n<p style=\"text-align: center;\"><em>Kartta alueesta<\/em><\/p>\n<p style=\"text-align: justify;\">Tyhj\u00e4lle joutomaalle lentokent\u00e4n laskeutumispolun alle rakentunut keskus houkutteli viime viikon torstain avajaisp\u00e4iv\u00e4n\u00e4\u00e4n paikalle niin valtavasti v\u00e4ke\u00e4, ett\u00e4 tie myym\u00e4l\u00e4lle sek\u00e4 my\u00f6s lentokent\u00e4lle oli t\u00e4ysin tukossa tuntikausia. Ainakin yksi lento my\u00f6h\u00e4styi tapahtuneen takia, kun matkustajat eiv\u00e4t p\u00e4\u00e4sseet ruuhkan l\u00e4pi lentokent\u00e4lle. J\u00e4rkev\u00e4 ottikin avajaisp\u00e4iv\u00e4n\u00e4 <em>Skytrainin<\/em>, jonka <em>Canada Linell\u00e4<\/em> on oma pys\u00e4kki aivan ostosparatiisin vieress\u00e4.<\/p>\n<p style=\"text-align: center;\"><a href=\"\/blog\/wp-content\/uploads\/2015\/mcarthur_glen_outlet_aukio6.jpg\"><img decoding=\"async\" style=\"border: 0px none; margin: 5px;\" src=\"\/blog\/wp-content\/uploads\/2015\/thumbs\/thumbs_mcarthur_glen_outlet_aukio6.jpg\" alt=\"\" \/><\/a><a href=\"\/blog\/wp-content\/uploads\/2015\/mcarthur_glen_outlet_aukio2.jpg\"><img decoding=\"async\" style=\"border: 0px none; margin: 5px;\" src=\"\/blog\/wp-content\/uploads\/2015\/thumbs\/thumbs_mcarthur_glen_outlet_aukio2.jpg\" alt=\"\" \/><\/a><a href=\"\/blog\/wp-content\/uploads\/2015\/mcarthur_glen_outlet_aukio8.jpg\"><img decoding=\"async\" style=\"border: 0px none; margin: 5px;\" src=\"\/blog\/wp-content\/uploads\/2015\/thumbs\/thumbs_mcarthur_glen_outlet_aukio8.jpg\" alt=\"\" \/><\/a><\/p>\n<p style=\"text-align: center;\"><em>Vilin\u00e4\u00e4 outletin aukioilla<\/em><\/p>\n<p style=\"text-align: justify;\">Itse\u00e4ni ostoksilla k\u00e4yminen l\u00e4hinn\u00e4 etoo, mutta k\u00e4vin silti huvikseni t\u00e4ll\u00e4 viikolla py\u00f6r\u00e4ilem\u00e4ss\u00e4 uudelle keskukselle ja takaisin. Matkaa keskustasta kertyy reilut kymmenen kilometri\u00e4 ja py\u00f6r\u00e4ll\u00e4 matkaan kului noin tunti. Paikalla oli viel\u00e4 t\u00e4ll\u00e4kin viikolla paljon ihmisi\u00e4, mik\u00e4 ihmetytti suuresti itse\u00e4ni, sill\u00e4 iso osa liikkeist\u00e4 ei ole viel\u00e4 edes auki, vaan avautumassa loppukes\u00e4n ja syksyn aikana. Muutamiin liikkeisiin oli kuitenkin v\u00e4ke\u00e4 ihan jonoksi saakka ja niiss\u00e4 myytiinkin tavaraa isoilla alennuksilla.<\/p>\n<p style=\"text-align: center;\"><a href=\"\/blog\/wp-content\/uploads\/2015\/mcarthur_glen_outlet_aukio1.jpg\"><img decoding=\"async\" style=\"border: 0px none; margin: 5px;\" src=\"\/blog\/wp-content\/uploads\/2015\/thumbs\/thumbs_mcarthur_glen_outlet_aukio1.jpg\" alt=\"\" \/><\/a><a href=\"\/blog\/wp-content\/uploads\/2015\/mcarthur_glen_outlet_aukio7.jpg\"><img decoding=\"async\" style=\"border: 0px none; margin: 5px;\" src=\"\/blog\/wp-content\/uploads\/2015\/thumbs\/thumbs_mcarthur_glen_outlet_aukio7.jpg\" alt=\"\" \/><\/a><a href=\"\/blog\/wp-content\/uploads\/2015\/mcarthur_glen_outlet_coach.jpg\"><img decoding=\"async\" style=\"border: 0px none; margin: 5px;\" src=\"\/blog\/wp-content\/uploads\/2015\/thumbs\/thumbs_mcarthur_glen_outlet_coach.jpg\" alt=\"\" \/><\/a><\/p>\n<p style=\"text-align: center;\"><em>Paljon ihmisi\u00e4 ostoksilla<\/em><\/p>\n<p style=\"text-align: center;\"><a href=\"\/blog\/wp-content\/uploads\/2015\/mcarthur_glen_outlet_aukio4.jpg\"><img decoding=\"async\" style=\"border: 0px none; margin: 5px;\" src=\"\/blog\/wp-content\/uploads\/2015\/thumbs\/thumbs_mcarthur_glen_outlet_aukio4.jpg\" alt=\"\" \/><\/a><a href=\"\/blog\/wp-content\/uploads\/2015\/mcarthur_glen_outlet_aukio3.jpg\"><img decoding=\"async\" style=\"border: 0px none; margin: 5px;\" src=\"\/blog\/wp-content\/uploads\/2015\/thumbs\/thumbs_mcarthur_glen_outlet_aukio3.jpg\" alt=\"\" \/><\/a><\/p>\n<p style=\"text-align: center;\"><em>Suihkul\u00e4hdeaukio<\/em><\/p>\n<p style=\"text-align: center;\"><a href=\"\/blog\/wp-content\/uploads\/2015\/mcarthur_glen_outlet_aukio5.jpg\"><img decoding=\"async\" style=\"border: 0px none; margin: 5px;\" src=\"\/blog\/wp-content\/uploads\/2015\/thumbs\/thumbs_mcarthur_glen_outlet_aukio5.jpg\" alt=\"\" \/><\/a><a href=\"\/blog\/wp-content\/uploads\/2015\/mcarthur_glen_outlet_taideteos.jpg\"><img decoding=\"async\" style=\"border: 0px none; margin: 5px;\" src=\"\/blog\/wp-content\/uploads\/2015\/thumbs\/thumbs_mcarthur_glen_outlet_taideteos.jpg\" alt=\"\" \/><\/a><\/p>\n<p style=\"text-align: center;\"><em>Modernia taidetta<\/em><\/p>\n<p style=\"text-align: justify;\">Ulkoasultaan uusi ostosparatiisi on t\u00e4ysin tyypillinen amerikkalainen outlet. P\u00e4\u00e4llisin puolin paikka muistuttaa kaikessa teenn\u00e4isyydess\u00e4\u00e4n <a title=\"Maaginen p\u00e4iv\u00e4 Disneylandissa\" href=\"https:\/\/www.vuosiamaailmalla.fi\/blog\/2025\/maaginen-paiva-disneylandissa\/\"><em>Disneylandia<\/em><\/a>, kun liikkeiden julkisivu on olevinaan kuin eurooppalaisessa pikkukyl\u00e4ss\u00e4. Olo on ep\u00e4todellinen kun muistaa ett\u00e4 ollaan todellisuudessa lentomelualueella suurten parkkikenttien ymp\u00e4r\u00f6im\u00e4n\u00e4. Silti outletin sis\u00e4puolella k\u00e4velless\u00e4 illuusioon on helppo melkein uskoa ja vain ajoittain aivan yl\u00e4puolitse laskeutuvat lentokoneet muistuttavat todellisesta sijainnista.<\/p>\n<p style=\"text-align: center;\"><a href=\"\/blog\/wp-content\/uploads\/2015\/mcarthur_glen_outlet7.jpg\"><img decoding=\"async\" style=\"border: 0px none; margin: 5px;\" src=\"\/blog\/wp-content\/uploads\/2015\/thumbs\/thumbs_mcarthur_glen_outlet7.jpg\" alt=\"\" \/><\/a><a href=\"\/blog\/wp-content\/uploads\/2015\/mcarthur_glen_outlet8.jpg\"><img decoding=\"async\" style=\"border: 0px none; margin: 5px;\" src=\"\/blog\/wp-content\/uploads\/2015\/thumbs\/thumbs_mcarthur_glen_outlet8.jpg\" alt=\"\" \/><\/a><a href=\"\/blog\/wp-content\/uploads\/2015\/mcarthur_glen_outlet9.jpg\"><img decoding=\"async\" style=\"border: 0px none; margin: 5px;\" src=\"\/blog\/wp-content\/uploads\/2015\/thumbs\/thumbs_mcarthur_glen_outlet9.jpg\" alt=\"\" \/><\/a><\/p>\n<p style=\"text-align: center;\"><em>Hiljaisempi takaosa<\/em><\/p>\n<p style=\"text-align: center;\"><a href=\"\/blog\/wp-content\/uploads\/2015\/mcarthur_glen_outlet_leikkialue.jpg\"><img decoding=\"async\" style=\"border: 0px none; margin: 5px;\" src=\"\/blog\/wp-content\/uploads\/2015\/thumbs\/thumbs_mcarthur_glen_outlet_leikkialue.jpg\" alt=\"\" \/><\/a><\/p>\n<p style=\"text-align: center;\"><em>Lasten leikkipaikka<\/em><\/p>\n<p><a href=\"\/blog\/wp-content\/uploads\/2015\/mcarthur_glen_outlet_leikkialue2.jpg\"><img decoding=\"async\" style=\"border: 0px none; margin: 5px;\" src=\"\/blog\/wp-content\/uploads\/2015\/mcarthur_glen_outlet_leikkialue2.jpg\" alt=\"\" \/><\/a><\/p>\n<p style=\"text-align: justify;\">Vaikka itse\u00e4ni uusi ostosmekka ei niin kiinnostakaan, voi sen kuitenkin n\u00e4hd\u00e4 positiivisena asiana kolmesta syyst\u00e4. Se t\u00e4ytt\u00e4\u00e4 kaupallisen aukon Vancouverissa ja toivottavasti se auttaa est\u00e4m\u00e4\u00e4n <a href=\"https:\/\/www.vuosiamaailmalla.fi\/?p=566\">rahan valumista rajan etel\u00e4puolelle<\/a>. Positiivisesti keskus my\u00f6s sijaitsee raideliikenteen varrella, vaikka se lis\u00e4\u00e4 my\u00f6s autoilua jo aiemmin ruuhkaisella alueella. Sijainti on kuitenkin huomattavasti paremmin kuin Tsawwasseniin t\u00e4ll\u00e4 hetkell\u00e4 rakenteilla olevalla t\u00e4ysin autoliikenteeseen tukeutuvalla junttimaisella <a title=\"Tsawwassen Mills avautui\" href=\"http:\/\/www.vuosiamaailmalla.fi\/blog\/2016\/tsawwassen-mills-avautui\/\"><em>Tsawwassen Millsin<\/em><\/a> j\u00e4ttim\u00e4isell\u00e4 ostoskeskuksella.<\/p>\n<p style=\"text-align: center;\"><a href=\"\/blog\/wp-content\/uploads\/2015\/mcarthur_glen_outlet_templetonista.jpg\"><img decoding=\"async\" style=\"border: 0px none; margin: 5px;\" src=\"\/blog\/wp-content\/uploads\/2015\/mcarthur_glen_outlet_templetonista.jpg\" alt=\"\" \/><\/a><\/p>\n<p style=\"text-align: center;\"><em>Outlet-keskus Skytrain-asemalta n\u00e4htyn\u00e4<\/em><\/p>\n","protected":false},"excerpt":{"rendered":"<p>British Columbian taloudella menee lujaa ja se n\u00e4kyy ihmisten ostovoiman kasvuna. Vancouveriin onkin viime vuosina avautunut lukuisia uusia kauppoja ja erityisesti luksustavarakauppa on piristynyt huomattavasti. Keskustaan Alberni Streetin ymp\u00e4rille on rakentumassa kalliiden luksusliikkeiden reunustama kadunp\u00e4tk\u00e4, jonka varressa voi bongata monenlaisia luksusautoja. Vaikka Vancouverissa asuukin runsaasti rikkaita ihmisi\u00e4, ovat n\u00e4m\u00e4 liikkeet silti suurimman osan ulottumattomissa. Tavalliset &hellip; <a href=\"https:\/\/www.vuosiamaailmalla.fi\/blog\/2015\/ostosmekka-lentokentan-kupeessa\/\" class=\"more-link\">Jatka lukemista<span class=\"screen-reader-text\"> &#8221;Ostosmekka lentokent\u00e4n kupeessa&#8221;<\/span><\/a><\/p>\n","protected":false},"author":1,"featured_media":11274,"comment_status":"open","ping_status":"open","sticky":false,"template":"","format":"standard","meta":{"_jetpack_memberships_contains_paid_content":false,"footnotes":""},"categories":[17,3],"tags":[25,935,894,189,939,781],"class_list":["post-6485","post","type-post","status-publish","format-standard","has-post-thumbnail","hentry","category-arki-kanadassa","category-arki-ulkomailla","tag-ajankohtaista","tag-kanada","tag-mcarthur-glen-designer-outlet","tag-richmond","tag-vancouver","tag-yvr"],"jetpack_featured_media_url":"https:\/\/www.vuosiamaailmalla.fi\/blog\/wp-content\/uploads\/mcarthur_glen_outlet_banner-1.jpg","jetpack_sharing_enabled":true,"_links":{"self":[{"href":"https:\/\/www.vuosiamaailmalla.fi\/blog\/wp-json\/wp\/v2\/posts\/6485","targetHints":{"allow":["GET"]}}],"collection":[{"href":"https:\/\/www.vuosiamaailmalla.fi\/blog\/wp-json\/wp\/v2\/posts"}],"about":[{"href":"https:\/\/www.vuosiamaailmalla.fi\/blog\/wp-json\/wp\/v2\/types\/post"}],"author":[{"embeddable":true,"href":"https:\/\/www.vuosiamaailmalla.fi\/blog\/wp-json\/wp\/v2\/users\/1"}],"replies":[{"embeddable":true,"href":"https:\/\/www.vuosiamaailmalla.fi\/blog\/wp-json\/wp\/v2\/comments?post=6485"}],"version-history":[{"count":3,"href":"https:\/\/www.vuosiamaailmalla.fi\/blog\/wp-json\/wp\/v2\/posts\/6485\/revisions"}],"predecessor-version":[{"id":14017,"href":"https:\/\/www.vuosiamaailmalla.fi\/blog\/wp-json\/wp\/v2\/posts\/6485\/revisions\/14017"}],"wp:featuredmedia":[{"embeddable":true,"href":"https:\/\/www.vuosiamaailmalla.fi\/blog\/wp-json\/wp\/v2\/media\/11274"}],"wp:attachment":[{"href":"https:\/\/www.vuosiamaailmalla.fi\/blog\/wp-json\/wp\/v2\/media?parent=6485"}],"wp:term":[{"taxonomy":"category","embeddable":true,"href":"https:\/\/www.vuosiamaailmalla.fi\/blog\/wp-json\/wp\/v2\/categories?post=6485"},{"taxonomy":"post_tag","embeddable":true,"href":"https:\/\/www.vuosiamaailmalla.fi\/blog\/wp-json\/wp\/v2\/tags?post=6485"}],"curies":[{"name":"wp","href":"https:\/\/api.w.org\/{rel}","templated":true}]}}