{"id":6600,"date":"2015-07-18T10:22:33","date_gmt":"2015-07-18T17:22:33","guid":{"rendered":"http:\/\/13.53.127.146\/?p=6600"},"modified":"2021-01-20T20:11:46","modified_gmt":"2021-01-21T04:11:46","slug":"paivitys-marine-gatewayn-alueelta","status":"publish","type":"post","link":"https:\/\/www.vuosiamaailmalla.fi\/blog\/2015\/paivitys-marine-gatewayn-alueelta\/","title":{"rendered":"P\u00e4ivitys Marine Gatewayn alueelta"},"content":{"rendered":"<p style=\"text-align: justify;\">Kerroin <a href=\"https:\/\/www.vuosiamaailmalla.fi\/?p=3228\">viime syksyn\u00e4<\/a> Etel\u00e4-Vancouveriin nousevasta t\u00e4ysin uudesta kaupunkikeskittym\u00e4st\u00e4, <em>Marine Gatewayn<\/em> keskuksesta. T\u00e4m\u00e4 lentokent\u00e4lle johtavan Skytrain-linja <em>Canada Linen<\/em> varaan rakentuva kauppakeskuksen ja usean asuintornin yhdistelm\u00e4 on ollut eritt\u00e4in suosittu ja asunnot sielt\u00e4 ovat menneet kaupaksi hujauksessa.<\/p>\n<p><!--more--><\/p>\n<p style=\"text-align: center;\"><a href=\"\/blog\/wp-content\/uploads\/2015\/arthur_laing_bridge1.jpg\"><img decoding=\"async\" style=\"border: 0px none; margin: 5px;\" src=\"\/blog\/wp-content\/uploads\/2015\/thumbs\/thumbs_arthur_laing_bridge1.jpg\" alt=\"\" \/><\/a><a href=\"\/blog\/wp-content\/uploads\/2015\/marine_gateway_huipussaan2.jpg\"><img decoding=\"async\" style=\"border: 0px none; margin: 5px;\" src=\"\/blog\/wp-content\/uploads\/2015\/thumbs\/thumbs_marine_gateway_huipussaan2.jpg\" alt=\"\" \/><\/a><a href=\"\/blog\/wp-content\/uploads\/2015\/marine_gateway_huipussaan1.jpg\"><img decoding=\"async\" style=\"border: 0px none; margin: 5px;\" src=\"\/blog\/wp-content\/uploads\/2015\/thumbs\/thumbs_marine_gateway_huipussaan1.jpg\" alt=\"\" \/><\/a><br \/>\n<a href=\"\/blog\/wp-content\/uploads\/2015\/arthur_laing_bridge3.jpg\"><img decoding=\"async\" style=\"border: 0px none; margin: 5px;\" src=\"\/blog\/wp-content\/uploads\/2015\/thumbs\/thumbs_arthur_laing_bridge3.jpg\" alt=\"\" \/><\/a><a href=\"\/blog\/wp-content\/uploads\/2015\/arthur_laing_bridge2.jpg\"><img decoding=\"async\" style=\"border: 0px none; margin: 5px;\" src=\"\/blog\/wp-content\/uploads\/2015\/thumbs\/thumbs_arthur_laing_bridge2.jpg\" alt=\"\" \/><\/a><\/p>\n<p style=\"text-align: center;\"><em>Marine Gateway Arthur Laing Bridgelt\u00e4<\/em><\/p>\n<p style=\"text-align: justify;\">Itsell\u00e4ni tulee nykyisin liikuttua alueella vain harvoin, joten jokainen vierailu yll\u00e4tt\u00e4\u00e4 aina muutosten m\u00e4\u00e4r\u00e4ll\u00e4. Viimeisin vierailu alueella tuli tehty\u00e4 nyt keskiviikkona, kun py\u00f6r\u00e4ilin Vancouverista Richmondiin matkallani katsastamaan lentokent\u00e4n l\u00e4helle avautunut <a href=\"https:\/\/www.vuosiamaailmalla.fi\/?p=6485\">uusi outlet-keskus<\/a>.<\/p>\n<p style=\"text-align: center;\"><a href=\"\/blog\/wp-content\/uploads\/2015\/8495_granville3.jpg\"><img decoding=\"async\" style=\"border: 0px none; margin: 5px;\" src=\"\/blog\/wp-content\/uploads\/2015\/8495_granville3.jpg\" alt=\"\" \/><\/a><\/p>\n<p style=\"text-align: center;\"><em>L\u00e4hist\u00f6ll\u00e4 sijaitseva uusi erillinen asuinkortteli<\/em><\/p>\n<p style=\"text-align: center;\"><a href=\"\/blog\/wp-content\/uploads\/2015\/8495_granville4.jpg\"><img decoding=\"async\" style=\"border: 0px none; margin: 5px;\" src=\"\/blog\/wp-content\/uploads\/2015\/thumbs\/thumbs_8495_granville4.jpg\" alt=\"\" \/><\/a><\/p>\n<p style=\"text-align: justify;\">Paljon oli j\u00e4lleen ehtinyt tapahtua viimeisten kuukausien aikana ja nelj\u00e4 ensimm\u00e4ist\u00e4 asuintornia sek\u00e4 toimistotorni olivatkin nyt harjakorkeudessaan. Tornien juuressa sijaitseva uusi kauppakeskus on avautumassa vasta loppuvuodesta, mutta siell\u00e4kin n\u00e4ytti jo hyvin valmiilta ja aikataulussa pystyt\u00e4\u00e4n varmasti pysym\u00e4\u00e4n.<\/p>\n<p style=\"text-align: center;\"><a href=\"\/blog\/wp-content\/uploads\/2015\/marine_gateway_huipussaan3.jpg\"><img decoding=\"async\" style=\"border: 0px none; margin: 5px;\" src=\"\/blog\/wp-content\/uploads\/2015\/thumbs\/thumbs_marine_gateway_huipussaan3.jpg\" alt=\"\" \/><\/a><a href=\"\/blog\/wp-content\/uploads\/2015\/marine_gateway_huipussaan4.jpg\"><img decoding=\"async\" style=\"border: 0px none; margin: 5px;\" src=\"\/blog\/wp-content\/uploads\/2015\/thumbs\/thumbs_marine_gateway_huipussaan4.jpg\" alt=\"\" \/><\/a><a href=\"\/blog\/wp-content\/uploads\/2015\/marine_gateway_huipussaan5.jpg\"><img decoding=\"async\" style=\"border: 0px none; margin: 5px;\" src=\"\/blog\/wp-content\/uploads\/2015\/thumbs\/thumbs_marine_gateway_huipussaan5.jpg\" alt=\"\" \/><\/a><\/p>\n<p style=\"text-align: center;\"><em>Melkein valmiit ensimm\u00e4iset tornit<\/em><\/p>\n<p style=\"text-align: center;\"><a href=\"\/blog\/wp-content\/uploads\/2015\/marine_gateway_huipussaan6.jpg\"><img decoding=\"async\" style=\"border: 0px none; margin: 5px;\" src=\"\/blog\/wp-content\/uploads\/2015\/thumbs\/thumbs_marine_gateway_huipussaan6.jpg\" alt=\"\" \/><\/a><a href=\"\/blog\/wp-content\/uploads\/2015\/skytrainsilta_richmondiin.jpg\"><img decoding=\"async\" style=\"border: 0px none; margin: 5px;\" src=\"\/blog\/wp-content\/uploads\/2015\/thumbs\/thumbs_skytrainsilta_richmondiin.jpg\" alt=\"\" \/><\/a><a href=\"\/blog\/wp-content\/uploads\/2015\/marine_gateway_huipussaan8.jpg\"><img decoding=\"async\" style=\"border: 0px none; margin: 5px;\" src=\"\/blog\/wp-content\/uploads\/2015\/thumbs\/thumbs_marine_gateway_huipussaan8.jpg\" alt=\"\" \/><\/a><\/p>\n<p style=\"text-align: center;\"><em>N\u00e4kym\u00e4 sillalta Richmondiin<\/em><\/p>\n<p style=\"text-align: justify;\"><em>Cambien Streetin<\/em> toisella puolella kaivettiin jo kuoppaa seuraaville kahdelle tornille (korkeudeltaan 31 ja 12 kerrosta). Lis\u00e4ksi keskuksen it\u00e4puolelle on nyt esitelty suunnitelma kahdelle lis\u00e4tornille. Valmistuessaan alueella tuleekin olemaan yli kymmenen tornia, jotka muodostavat hienon pienen rykelm\u00e4n lentokent\u00e4n suunnalta n\u00e4htyn\u00e4.<\/p>\n<p style=\"text-align: center;\"><a href=\"\/blog\/wp-content\/uploads\/2015\/marine_gateway_huipussaan7.jpg\"><img decoding=\"async\" style=\"border: 0px none; margin: 5px;\" src=\"\/blog\/wp-content\/uploads\/2015\/marine_gateway_huipussaan7.jpg\" alt=\"\" \/><\/a><\/p>\n<p style=\"text-align: center;\"><em>Maisema lentokent\u00e4n suunnasta<\/em><\/p>\n<p style=\"text-align: center;\"><a href=\"\/blog\/wp-content\/uploads\/2015\/bridgeport_hassakka.jpg\"><img decoding=\"async\" style=\"border: 0px none; margin: 5px;\" src=\"\/blog\/wp-content\/uploads\/2015\/bridgeport_hassakka_pieni.jpg\" alt=\"\" \/><\/a><\/p>\n<p style=\"text-align: center;\"><em>Skytrain-rataa Bridgeportin aseman l\u00e4hettyvill\u00e4<\/em><\/p>\n<p style=\"text-align: justify;\">Py\u00f6r\u00e4matkalleni kertyi lopulta mittaa noin 25 kilometri\u00e4 ja se olikin mukava tapa viett\u00e4\u00e4 l\u00e4mmin kes\u00e4p\u00e4iv\u00e4 ulkosalla. Valitettavasti en jaksanut kantaa mukanani <a href=\"https:\/\/www.vuosiamaailmalla.fi\/?p=3242\">j\u00e4rjestelm\u00e4kameraani<\/a>, joten n\u00e4m\u00e4kin kuvat ovat vain <a href=\"https:\/\/www.vuosiamaailmalla.fi\/?p=2522\">k\u00e4nnyk\u00e4ll\u00e4<\/a> otettuja.<\/p>\n","protected":false},"excerpt":{"rendered":"<p>Kerroin viime syksyn\u00e4 Etel\u00e4-Vancouveriin nousevasta t\u00e4ysin uudesta kaupunkikeskittym\u00e4st\u00e4, Marine Gatewayn keskuksesta. T\u00e4m\u00e4 lentokent\u00e4lle johtavan Skytrain-linja Canada Linen varaan rakentuva kauppakeskuksen ja usean asuintornin yhdistelm\u00e4 on ollut eritt\u00e4in suosittu ja asunnot sielt\u00e4 ovat menneet kaupaksi hujauksessa.<\/p>\n","protected":false},"author":1,"featured_media":11271,"comment_status":"open","ping_status":"open","sticky":false,"template":"","format":"standard","meta":{"_jetpack_memberships_contains_paid_content":false,"footnotes":""},"categories":[17,3],"tags":[895,935,785,752,301,189,750,939,786],"class_list":["post-6600","post","type-post","status-publish","format-standard","has-post-thumbnail","hentry","category-arki-kanadassa","category-arki-ulkomailla","tag-arthur-laing-bridge","tag-kanada","tag-marina-gateway","tag-pyoraretki","tag-rakennustyomaa","tag-richmond","tag-skytrain","tag-vancouver","tag-vancouver-marpole"],"jetpack_featured_media_url":"https:\/\/www.vuosiamaailmalla.fi\/blog\/wp-content\/uploads\/marine_gateway_huipussaan_banner-1.jpg","jetpack_sharing_enabled":true,"_links":{"self":[{"href":"https:\/\/www.vuosiamaailmalla.fi\/blog\/wp-json\/wp\/v2\/posts\/6600","targetHints":{"allow":["GET"]}}],"collection":[{"href":"https:\/\/www.vuosiamaailmalla.fi\/blog\/wp-json\/wp\/v2\/posts"}],"about":[{"href":"https:\/\/www.vuosiamaailmalla.fi\/blog\/wp-json\/wp\/v2\/types\/post"}],"author":[{"embeddable":true,"href":"https:\/\/www.vuosiamaailmalla.fi\/blog\/wp-json\/wp\/v2\/users\/1"}],"replies":[{"embeddable":true,"href":"https:\/\/www.vuosiamaailmalla.fi\/blog\/wp-json\/wp\/v2\/comments?post=6600"}],"version-history":[{"count":2,"href":"https:\/\/www.vuosiamaailmalla.fi\/blog\/wp-json\/wp\/v2\/posts\/6600\/revisions"}],"predecessor-version":[{"id":11273,"href":"https:\/\/www.vuosiamaailmalla.fi\/blog\/wp-json\/wp\/v2\/posts\/6600\/revisions\/11273"}],"wp:featuredmedia":[{"embeddable":true,"href":"https:\/\/www.vuosiamaailmalla.fi\/blog\/wp-json\/wp\/v2\/media\/11271"}],"wp:attachment":[{"href":"https:\/\/www.vuosiamaailmalla.fi\/blog\/wp-json\/wp\/v2\/media?parent=6600"}],"wp:term":[{"taxonomy":"category","embeddable":true,"href":"https:\/\/www.vuosiamaailmalla.fi\/blog\/wp-json\/wp\/v2\/categories?post=6600"},{"taxonomy":"post_tag","embeddable":true,"href":"https:\/\/www.vuosiamaailmalla.fi\/blog\/wp-json\/wp\/v2\/tags?post=6600"}],"curies":[{"name":"wp","href":"https:\/\/api.w.org\/{rel}","templated":true}]}}