{"id":664,"date":"2011-11-02T19:55:22","date_gmt":"2011-11-03T02:55:22","guid":{"rendered":"http:\/\/13.53.127.146\/?p=664"},"modified":"2012-09-23T10:00:13","modified_gmt":"2012-09-23T17:00:13","slug":"joulu-on-taas","status":"publish","type":"post","link":"https:\/\/www.vuosiamaailmalla.fi\/blog\/2011\/joulu-on-taas\/","title":{"rendered":"Joulu on&#8230;taas?"},"content":{"rendered":"<p style=\"text-align: justify;\">Joulu tuntuu tulevan vuosi vuodelta aiemmin ja aiemmin, sill\u00e4 kaupat yritt\u00e4v\u00e4t pitkitt\u00e4\u00e4 vuoden parasta myyntisesonkia maksimilleen. Vaikka t\u00e4ss\u00e4 ei olekaan mit\u00e4\u00e4n uutta, oli silti h\u00e4rski\u00e4 n\u00e4hd\u00e4 16. syyskuuta (!) l\u00e4hikaupassamme jo myyt\u00e4v\u00e4n gl\u00f6gi\u00e4 ja joulupipareita. Syyskuulle ajoittuva koulujen aloituksen sesonki vaihtuikin t\u00e4k\u00e4l\u00e4isiss\u00e4 kaupoissa k\u00e4tev\u00e4sti suoraan joulusesonkiin. Viel\u00e4 p\u00e4hk\u00e4hullumpaa oli k\u00e4yd\u00e4 t\u00e4n\u00e4\u00e4n Alexanderplatzin Galeria Kaufhof -tavaratalolla ja todeta alakertaan ilmestyneen jo joulukuuset koristeineen p\u00e4ivineen. &#8221;Frohes Weihnachten&#8221; julistivat seinille ripustetut julisteet, joidenka kuvissa porot pussailivat toisiaan hangen keskell\u00e4. Kyll\u00e4, n\u00e4in marraskuun alussa, kun lehtik\u00e4\u00e4n ei ole viel\u00e4 ehtinyt t\u00e4ysin puusta irrota. \ud83d\ude15<\/p>\n<p style=\"text-align: justify;\">Onhan joulunalus ihanaa ja tunnelmallista aikaa, mutta liika on liikaa. Saksan joulumarkkinat avautuvat yleens\u00e4 aikaisin, mutta nekin vasta marraskuun viimeisell\u00e4 viikolla. Niinp\u00e4 onkin pakko sanoa, ett\u00e4 t\u00e4k\u00e4l\u00e4iset kaupat ovat ottaneet melkoisen varasl\u00e4hd\u00f6n jouluun. Kaipa t\u00e4ll\u00e4 yritet\u00e4\u00e4n paikata ennustettua heikkoa joulumyynti\u00e4. Taantuman pelon sek\u00e4 velkakriisin luoman ep\u00e4varmuuden kun odotetaan kirist\u00e4v\u00e4n ihmisten rahank\u00e4ytt\u00f6\u00e4 viime vuoteen verrattuna. Oli syy mik\u00e4 hyv\u00e4ns\u00e4, itse ainakin boikotoin t\u00e4t\u00e4 hulluutta loppukuulle saakka. Silloin sit\u00e4 voikin jo maistaa milt\u00e4 t\u00e4m\u00e4n vuoden joulusuklaa maistuukaan.<\/p>\n","protected":false},"excerpt":{"rendered":"<p>Joulu tuntuu tulevan vuosi vuodelta aiemmin ja aiemmin, sill\u00e4 kaupat yritt\u00e4v\u00e4t pitkitt\u00e4\u00e4 vuoden parasta myyntisesonkia maksimilleen. Vaikka t\u00e4ss\u00e4 ei olekaan mit\u00e4\u00e4n uutta, oli silti h\u00e4rski\u00e4 n\u00e4hd\u00e4 16. syyskuuta (!) l\u00e4hikaupassamme jo myyt\u00e4v\u00e4n gl\u00f6gi\u00e4 ja joulupipareita. Syyskuulle ajoittuva koulujen aloituksen sesonki vaihtuikin t\u00e4k\u00e4l\u00e4isiss\u00e4 kaupoissa k\u00e4tev\u00e4sti suoraan joulusesonkiin. Viel\u00e4 p\u00e4hk\u00e4hullumpaa oli k\u00e4yd\u00e4 t\u00e4n\u00e4\u00e4n Alexanderplatzin Galeria Kaufhof -tavaratalolla &hellip; <a href=\"https:\/\/www.vuosiamaailmalla.fi\/blog\/2011\/joulu-on-taas\/\" class=\"more-link\">Jatka lukemista<span class=\"screen-reader-text\"> &#8221;Joulu on&#8230;taas?&#8221;<\/span><\/a><\/p>\n","protected":false},"author":1,"featured_media":0,"comment_status":"open","ping_status":"open","sticky":false,"template":"","format":"standard","meta":{"_jetpack_memberships_contains_paid_content":false,"footnotes":""},"categories":[18,3],"tags":[25,49,264,190,191],"class_list":["post-664","post","type-post","status-publish","format-standard","hentry","category-arki-saksassa","category-arki-ulkomailla","tag-ajankohtaista","tag-berliini","tag-joulu","tag-saksa","tag-saksalainen-juttu"],"jetpack_featured_media_url":"","jetpack_sharing_enabled":true,"_links":{"self":[{"href":"https:\/\/www.vuosiamaailmalla.fi\/blog\/wp-json\/wp\/v2\/posts\/664","targetHints":{"allow":["GET"]}}],"collection":[{"href":"https:\/\/www.vuosiamaailmalla.fi\/blog\/wp-json\/wp\/v2\/posts"}],"about":[{"href":"https:\/\/www.vuosiamaailmalla.fi\/blog\/wp-json\/wp\/v2\/types\/post"}],"author":[{"embeddable":true,"href":"https:\/\/www.vuosiamaailmalla.fi\/blog\/wp-json\/wp\/v2\/users\/1"}],"replies":[{"embeddable":true,"href":"https:\/\/www.vuosiamaailmalla.fi\/blog\/wp-json\/wp\/v2\/comments?post=664"}],"version-history":[{"count":0,"href":"https:\/\/www.vuosiamaailmalla.fi\/blog\/wp-json\/wp\/v2\/posts\/664\/revisions"}],"wp:attachment":[{"href":"https:\/\/www.vuosiamaailmalla.fi\/blog\/wp-json\/wp\/v2\/media?parent=664"}],"wp:term":[{"taxonomy":"category","embeddable":true,"href":"https:\/\/www.vuosiamaailmalla.fi\/blog\/wp-json\/wp\/v2\/categories?post=664"},{"taxonomy":"post_tag","embeddable":true,"href":"https:\/\/www.vuosiamaailmalla.fi\/blog\/wp-json\/wp\/v2\/tags?post=664"}],"curies":[{"name":"wp","href":"https:\/\/api.w.org\/{rel}","templated":true}]}}