{"id":667,"date":"2011-10-23T15:10:18","date_gmt":"2011-10-23T22:10:18","guid":{"rendered":"http:\/\/13.53.127.146\/?p=667"},"modified":"2013-04-10T19:14:29","modified_gmt":"2013-04-11T02:14:29","slug":"autojen-tuhopolttosarjassa-merkittava-pidatys","status":"publish","type":"post","link":"https:\/\/www.vuosiamaailmalla.fi\/blog\/2011\/autojen-tuhopolttosarjassa-merkittava-pidatys\/","title":{"rendered":"Autojen tuhopolttosarjassa merkitt\u00e4v\u00e4 pid\u00e4tys"},"content":{"rendered":"<p style=\"text-align: justify;\">Berliinin poliisi onnistui eilen suorittamaan keskusrikospoliisin avustamana merkitt\u00e4v\u00e4n pid\u00e4tyksen kaupunkia varsinkin loppukes\u00e4st\u00e4 piinanneen autojen <a title=\"Autojen tuhopolttosarja laantui\" href=\"https:\/\/www.vuosiamaailmalla.fi\/?p=729\">tuhopolttosarjan<\/a> tiimoilta. Nyt pid\u00e4tetty 27-vuotias mies on kuulusteluissa my\u00f6nt\u00e4nyt osallisuutensa 67 tuhopoltossa, joissa vaurioitui yhteens\u00e4 yli 100 autoa. Automaalarina toiminutta jannua odottaakin noin miljoonan euron vahingonkorvausvaatimus, sill\u00e4 poltetut autot edustivat l\u00e4hinn\u00e4 kalliimpia merkkej\u00e4.<\/p>\n<p style=\"text-align: justify;\">Teoille ei ole l\u00f6ytynyt mit\u00e4\u00e4n kunnon motiivia, mutta ty\u00f6tt\u00f6m\u00e4n\u00e4 pitk\u00e4\u00e4n olleen miehen on sanottu olleen &#8221;eritt\u00e4in turhautunut&#8221;. Teoilla ei ole ollut \u00e4\u00e4rivasemmistolaisia yhteyksi\u00e4. T\u00e4ss\u00e4 mieless\u00e4 se eroaa erimerkiksi kuukauden takaisesta paikallisen vasemmistopoliitikon pojan toisesta <a title=\"Poliitikon poika pid\u00e4tettiin autojen tuhopoltosta \u2013 taas\" href=\"https:\/\/www.vuosiamaailmalla.fi\/?p=981\">pid\u00e4tyksest\u00e4<\/a>. Pid\u00e4tetyn teot ajoittuvat erityisesti kiihke\u00e4\u00e4n loppukes\u00e4\u00e4n, jonka aikana Berliiniss\u00e4 poltettiin satoja autoja monina per\u00e4kk\u00e4isin\u00e4 \u00f6in\u00e4. Kiihkein jakso p\u00e4\u00e4ttyi syyskuussa, milloin onnistuttiin tekem\u00e4\u00e4n muutamia pienempi\u00e4 pid\u00e4tyksi\u00e4. Suurin syy sarjan katkoon lienee kuitenkin ollut se, ett\u00e4 27-vuotias sai syyskuun alusta t\u00f6it\u00e4, mink\u00e4 j\u00e4lkeen t\u00e4m\u00e4 lopetti tekonsa.<\/p>\n<p><!--more--><\/p>\n<p style=\"text-align: justify;\">Miehen pid\u00e4tys onnistui paikallisliikenteen bussien ja metrojen kamerakuvien avulla. Sama mies n\u00e4htiin toistuvasti saapuvan ja poistuvan tekopaikkojen l\u00e4heisilt\u00e4 asemilta tuhopolttojen tienoilla. Koska teot tapahtuivat y\u00f6aikaan, oli poliisin kohtuullisen helppoa analysoida hiljaisilla asemilla ja pys\u00e4keill\u00e4 olevien hajanaisten ihmisten kuvia. Materiaalia kertyi paljon ja sen n\u00e4hty\u00e4\u00e4n syytetty tekikin tunnustuksen teoistaan.<\/p>\n<p style=\"text-align: justify;\">Vaikka poliisi onkin onnistunut tekem\u00e4\u00e4n lukuisia pid\u00e4tyksi\u00e4 viime aikoina, ei ongelmaa ole edelleenk\u00e4\u00e4n t\u00e4ysin ratkaistu. Tekoja sattuu edelleen monia viikossa ja yksitt\u00e4isi\u00e4 tekij\u00f6it\u00e4 onkin monia ilman sen suurempaa yhteytt\u00e4 toisiinsa. Ihmetell\u00e4 tosin t\u00e4ytyy, miten tyhm\u00e4 t\u00e4ytyy olla toimintaa viel\u00e4 jatkaessaan, sill\u00e4 poliisin viimeaikaiset onnistumiset osoittavat, ett\u00e4 on vain ajan kysymys j\u00e4\u00e4d\u00e4 kiinni. Toki lienee turha edes pohtia tekij\u00f6iden nerokkuutta t\u00e4llaisten tekojen yhteydess\u00e4&#8230;<\/p>\n","protected":false},"excerpt":{"rendered":"<p>Berliinin poliisi onnistui eilen suorittamaan keskusrikospoliisin avustamana merkitt\u00e4v\u00e4n pid\u00e4tyksen kaupunkia varsinkin loppukes\u00e4st\u00e4 piinanneen autojen tuhopolttosarjan tiimoilta. Nyt pid\u00e4tetty 27-vuotias mies on kuulusteluissa my\u00f6nt\u00e4nyt osallisuutensa 67 tuhopoltossa, joissa vaurioitui yhteens\u00e4 yli 100 autoa. Automaalarina toiminutta jannua odottaakin noin miljoonan euron vahingonkorvausvaatimus, sill\u00e4 poltetut autot edustivat l\u00e4hinn\u00e4 kalliimpia merkkej\u00e4. Teoille ei ole l\u00f6ytynyt mit\u00e4\u00e4n kunnon motiivia, mutta &hellip; <a href=\"https:\/\/www.vuosiamaailmalla.fi\/blog\/2011\/autojen-tuhopolttosarjassa-merkittava-pidatys\/\" class=\"more-link\">Jatka lukemista<span class=\"screen-reader-text\"> &#8221;Autojen tuhopolttosarjassa merkitt\u00e4v\u00e4 pid\u00e4tys&#8221;<\/span><\/a><\/p>\n","protected":false},"author":1,"featured_media":0,"comment_status":"open","ping_status":"open","sticky":false,"template":"","format":"standard","meta":{"_jetpack_memberships_contains_paid_content":false,"footnotes":""},"categories":[18,3],"tags":[25,39,49,190],"class_list":["post-667","post","type-post","status-publish","format-standard","hentry","category-arki-saksassa","category-arki-ulkomailla","tag-ajankohtaista","tag-autot","tag-berliini","tag-saksa"],"jetpack_featured_media_url":"","jetpack_sharing_enabled":true,"_links":{"self":[{"href":"https:\/\/www.vuosiamaailmalla.fi\/blog\/wp-json\/wp\/v2\/posts\/667","targetHints":{"allow":["GET"]}}],"collection":[{"href":"https:\/\/www.vuosiamaailmalla.fi\/blog\/wp-json\/wp\/v2\/posts"}],"about":[{"href":"https:\/\/www.vuosiamaailmalla.fi\/blog\/wp-json\/wp\/v2\/types\/post"}],"author":[{"embeddable":true,"href":"https:\/\/www.vuosiamaailmalla.fi\/blog\/wp-json\/wp\/v2\/users\/1"}],"replies":[{"embeddable":true,"href":"https:\/\/www.vuosiamaailmalla.fi\/blog\/wp-json\/wp\/v2\/comments?post=667"}],"version-history":[{"count":0,"href":"https:\/\/www.vuosiamaailmalla.fi\/blog\/wp-json\/wp\/v2\/posts\/667\/revisions"}],"wp:attachment":[{"href":"https:\/\/www.vuosiamaailmalla.fi\/blog\/wp-json\/wp\/v2\/media?parent=667"}],"wp:term":[{"taxonomy":"category","embeddable":true,"href":"https:\/\/www.vuosiamaailmalla.fi\/blog\/wp-json\/wp\/v2\/categories?post=667"},{"taxonomy":"post_tag","embeddable":true,"href":"https:\/\/www.vuosiamaailmalla.fi\/blog\/wp-json\/wp\/v2\/tags?post=667"}],"curies":[{"name":"wp","href":"https:\/\/api.w.org\/{rel}","templated":true}]}}