{"id":672,"date":"2011-09-30T09:31:07","date_gmt":"2011-09-30T16:31:07","guid":{"rendered":"http:\/\/13.53.127.146\/?p=672"},"modified":"2013-04-10T19:17:14","modified_gmt":"2013-04-11T02:17:14","slug":"672","status":"publish","type":"post","link":"https:\/\/www.vuosiamaailmalla.fi\/blog\/2011\/672\/","title":{"rendered":"Edess\u00e4 pitk\u00e4 luksusviikonloppu"},"content":{"rendered":"<p style=\"text-align: justify;\">3. lokakuuta juhlitaan Saksojen <a title=\"Saksan j\u00e4lleenyhdistymisest\u00e4 20 vuotta\" href=\"https:\/\/www.vuosiamaailmalla.fi\/?p=1413\">j\u00e4lleenyhdistymisen<\/a> 21. muistop\u00e4iv\u00e4\u00e4, mik\u00e4 tarkoittaa ett\u00e4 tuleva maanantai on Saksassa vapaap\u00e4iv\u00e4. Edess\u00e4 onkin miellytt\u00e4v\u00e4sti kolmip\u00e4iv\u00e4inen pitk\u00e4 viikonloppu, mik\u00e4 on ihan tarpeeseen parin kuukauden t\u00f6iss\u00e4 painamisen j\u00e4lkeen. Viikonlopuksi luvataan t\u00e4ydellist\u00e4 keli\u00e4 ja l\u00e4mp\u00f6tilan ennustetaan ylt\u00e4v\u00e4n jopa +26 asteeseen. L\u00e4mp\u00f6tilat ovat per\u00e4ti kymmenen astetta ajankohdan keskiarvoja ylemp\u00e4n\u00e4, mik\u00e4 on melko hyvin n\u00e4in lokakuussa.<\/p>\n<p style=\"text-align: justify;\">Olemmekin vuokranneet k\u00e4ytt\u00f6\u00f6mme auton ja l\u00e4hdemme viett\u00e4m\u00e4\u00e4n luksusviikonloppua Keski-Saksaan. Vuokrattu auto on viikonlopun luksus-teeman mukainen, sill\u00e4 peltilehm\u00e4n pit\u00e4isi olla <a title=\"2011 BMW M3:sen ratissa\" href=\"https:\/\/www.vuosiamaailmalla.fi\/?p=858\">BMW\u00a0M3<\/a>, joka on \u00e4rh\u00e4kk\u00e4 urheiluauto. Bemarilla huitastaan lauantaiaamuna <a title=\"Urheiluauto, kolmen t\u00e4hden illallinen ja viiden t\u00e4hden y\u00f6\" href=\"https:\/\/www.vuosiamaailmalla.fi\/?p=312\">Wolfsburgiin<\/a> noin 200 kilometri\u00e4 Berliinist\u00e4 l\u00e4nteen, jossa sijaitsee Volkswagenin p\u00e4\u00e4konttori vieress\u00e4\u00e4n kuuluisa Autostadt -teemapuisto. Autokaupungissa menee varmasti koko p\u00e4iv\u00e4, mink\u00e4 j\u00e4lkeen vet\u00e4ydyt\u00e4\u00e4n vieress\u00e4 sijaitsevaan viiden t\u00e4hden Ritz-Carltoniin illanviettoon. Iltaan kuuluu per\u00e4ti kahdeksan ruokalajin illallinen hotellin <a title=\"Kolmen Michelin-t\u00e4hden Aqua\" href=\"https:\/\/www.vuosiamaailmalla.fi\/?p=669\">kolmen Michelin-t\u00e4hden<\/a> ravintolassa, joka lienee ikimuistoinen. Y\u00f6 vietet\u00e4\u00e4n hotellissa ja seuraavana p\u00e4iv\u00e4n\u00e4 ajellaan l\u00e4hiseuduilla sek\u00e4 palataan illaksi Berliiniin. Maanantaina cruisaillaan M3:lla Berliiniss\u00e4 aina iltaan saakka, kunnes auto pit\u00e4\u00e4 j\u00e4lleen palauttaa.<\/p>\n<p style=\"text-align: justify;\">Kuten arvata saattaa, on tulevaa viikonloppua odotettu ja kirjoittelen siit\u00e4 blogiin toivottavasti jo ensi <a title=\"2011 BMW M3:sen ratissa\" href=\"https:\/\/www.vuosiamaailmalla.fi\/?p=858\">viikolla<\/a>.<\/p>\n","protected":false},"excerpt":{"rendered":"<p>3. lokakuuta juhlitaan Saksojen j\u00e4lleenyhdistymisen 21. muistop\u00e4iv\u00e4\u00e4, mik\u00e4 tarkoittaa ett\u00e4 tuleva maanantai on Saksassa vapaap\u00e4iv\u00e4. Edess\u00e4 onkin miellytt\u00e4v\u00e4sti kolmip\u00e4iv\u00e4inen pitk\u00e4 viikonloppu, mik\u00e4 on ihan tarpeeseen parin kuukauden t\u00f6iss\u00e4 painamisen j\u00e4lkeen. Viikonlopuksi luvataan t\u00e4ydellist\u00e4 keli\u00e4 ja l\u00e4mp\u00f6tilan ennustetaan ylt\u00e4v\u00e4n jopa +26 asteeseen. L\u00e4mp\u00f6tilat ovat per\u00e4ti kymmenen astetta ajankohdan keskiarvoja ylemp\u00e4n\u00e4, mik\u00e4 on melko hyvin n\u00e4in lokakuussa. &hellip; <a href=\"https:\/\/www.vuosiamaailmalla.fi\/blog\/2011\/672\/\" class=\"more-link\">Jatka lukemista<span class=\"screen-reader-text\"> &#8221;Edess\u00e4 pitk\u00e4 luksusviikonloppu&#8221;<\/span><\/a><\/p>\n","protected":false},"author":1,"featured_media":0,"comment_status":"open","ping_status":"open","sticky":false,"template":"","format":"standard","meta":{"_jetpack_memberships_contains_paid_content":false,"footnotes":""},"categories":[18,3],"tags":[25,34,308,190],"class_list":["post-672","post","type-post","status-publish","format-standard","hentry","category-arki-saksassa","category-arki-ulkomailla","tag-ajankohtaista","tag-arki","tag-matkakertomus-luksusviikonloppu","tag-saksa"],"jetpack_featured_media_url":"","jetpack_sharing_enabled":true,"_links":{"self":[{"href":"https:\/\/www.vuosiamaailmalla.fi\/blog\/wp-json\/wp\/v2\/posts\/672","targetHints":{"allow":["GET"]}}],"collection":[{"href":"https:\/\/www.vuosiamaailmalla.fi\/blog\/wp-json\/wp\/v2\/posts"}],"about":[{"href":"https:\/\/www.vuosiamaailmalla.fi\/blog\/wp-json\/wp\/v2\/types\/post"}],"author":[{"embeddable":true,"href":"https:\/\/www.vuosiamaailmalla.fi\/blog\/wp-json\/wp\/v2\/users\/1"}],"replies":[{"embeddable":true,"href":"https:\/\/www.vuosiamaailmalla.fi\/blog\/wp-json\/wp\/v2\/comments?post=672"}],"version-history":[{"count":0,"href":"https:\/\/www.vuosiamaailmalla.fi\/blog\/wp-json\/wp\/v2\/posts\/672\/revisions"}],"wp:attachment":[{"href":"https:\/\/www.vuosiamaailmalla.fi\/blog\/wp-json\/wp\/v2\/media?parent=672"}],"wp:term":[{"taxonomy":"category","embeddable":true,"href":"https:\/\/www.vuosiamaailmalla.fi\/blog\/wp-json\/wp\/v2\/categories?post=672"},{"taxonomy":"post_tag","embeddable":true,"href":"https:\/\/www.vuosiamaailmalla.fi\/blog\/wp-json\/wp\/v2\/tags?post=672"}],"curies":[{"name":"wp","href":"https:\/\/api.w.org\/{rel}","templated":true}]}}