{"id":677,"date":"2011-12-30T14:52:03","date_gmt":"2011-12-30T22:52:03","guid":{"rendered":"http:\/\/13.53.127.146\/?p=677"},"modified":"2021-02-26T21:13:06","modified_gmt":"2021-02-27T05:13:06","slug":"kahden-michelin-tahden-synttarit","status":"publish","type":"post","link":"https:\/\/www.vuosiamaailmalla.fi\/blog\/2011\/kahden-michelin-tahden-synttarit\/","title":{"rendered":"Kahden Michelin-t\u00e4hden syntt\u00e4rit"},"content":{"rendered":"<p style=\"text-align: justify;\">Keskiviikkona vietettiin Niinan syntym\u00e4p\u00e4ivi\u00e4, mink\u00e4 kunniaksi vein h\u00e4net illalla ulos sy\u00f6m\u00e4\u00e4n. Illallispaikaksi ei tietenk\u00e4\u00e4n kelvannut mik\u00e4\u00e4n tavallinen ravintola, vaan olimme tehneet varauksen ty\u00f6paikkamme sis\u00e4pihalla sijaitsevaan <em>Reinstoff<\/em> nimiseen ravintolaan. T\u00e4m\u00e4 sangen uusi ravintola avautui vuonna 2009 <a title=\"P\u00e4ivitt\u00e4isi\u00e4 maanj\u00e4ristyksi\u00e4 entisell\u00e4 hehkulampputehtaalla\" href=\"https:\/\/www.vuosiamaailmalla.fi\/?p=1382\">entisen hehkulampputehtaan<\/a> paloaseman tiloihin ja se on yksi Berliinin t\u00e4m\u00e4n hetken kuumimpia gourmet-ravintoloita. Tunnustuksena korkeasta laadustaan ravintola sai ensimm\u00e4isen Michelin-t\u00e4htens\u00e4 vain kuusi kuukautta ovien avaamisesta, mik\u00e4 on nosti suuresti kiinnostusta sit\u00e4 kohtaan.<\/p>\n<p><!--more--><\/p>\n<p style=\"text-align: center;\"><a href=\"\/blog\/wp-content\/uploads\/2011\/reinstoff.jpg\" target=\"_blank\" rel=\"noopener\"><img decoding=\"async\" style=\"border: 0px none; margin: 5px;\" src=\"\/blog\/wp-content\/uploads\/2011\/reinstoff.jpg\" alt=\"\" \/><\/a><\/p>\n<p style=\"text-align: center;\"><em>Kahden t\u00e4hden Reinstoff<\/em><\/p>\n<p style=\"text-align: justify;\">Toisen Michelin-t\u00e4htens\u00e4 ravintola sai yll\u00e4tt\u00e4en nyt syksyll\u00e4, mik\u00e4 tekee siit\u00e4 luksushotelleissa sijaitsevien <em>Fischers Fritzin<\/em> (<em>Hotel Regent<\/em>) ja <em>Lorenz Adlonin<\/em> (<em>Hotel Adlon<\/em>) veroisen illallispaikan. N\u00e4iden kolmen kahden t\u00e4hden paikan lis\u00e4ksi Berliiniss\u00e4 on yhteens\u00e4 kymmenen <a title=\"Michelin-t\u00e4hden makuiset j\u00e4\u00e4hyv\u00e4iset\" href=\"https:\/\/www.vuosiamaailmalla.fi\/?p=8849\">yhden Michelin-t\u00e4hden ravintolaa<\/a> vuoden 2012 listauksessa. Ravintoloiden m\u00e4\u00e4r\u00e4ss\u00e4 Berliini onkin Saksan suurkaupunkien johdossa (M\u00fcnchen 11, Hampuri 9 Michelin-ravintolaa).<\/p>\n<p style=\"text-align: justify;\"><a href=\"http:\/\/www.reinstoff.eu\">Reinstoff<\/a> on meille tuttu paikka, sill\u00e4 kuljemme sen ohitse joka p\u00e4iv\u00e4 t\u00f6iss\u00e4 k\u00e4ydess\u00e4mme. Ravintolan tilalla sijaitsi aiemmin sangen tavallista lounasruokaa tarjoileva ravintola, jossa tuli k\u00e4yty\u00e4 lounaalla muutamia kertoja ennen sen lopettamista. Melkeinp\u00e4 mystisen maineen saanut Reinstoff onkin kiinnostanut meit\u00e4 jo pitk\u00e4\u00e4n ja niinp\u00e4 olikin kiintoisaa vierailla siell\u00e4 keskiviikkoiltana.<\/p>\n<p style=\"text-align: justify;\">Ravintola aukaisee ovensa iltaseitsem\u00e4lt\u00e4 ja olimme (tietenkin) ensimm\u00e4isin\u00e4 paikalla. Henkil\u00f6kohtainen palvelija ohjasi meid\u00e4t ruokasalin puolelle, jossa meid\u00e4n istutettiin pieneen kulmap\u00f6yt\u00e4\u00e4n. Ruokatila on pienehk\u00f6 ja asiakaspaikkoja on ehk\u00e4 viisitoista p\u00f6yd\u00e4llist\u00e4. Sisustus on sangen moderni, mustine seinineen sek\u00e4 katosta roikkuvine kiilt\u00e4vine palloineen. Kolmella seinustalla sein\u00e4\u00e4 peitt\u00e4v\u00e4t koko sein\u00e4n mittaiset suuret peilit. Kes\u00e4aikaan ravintolan edustalla on pieni terassi.<\/p>\n<p style=\"text-align: center;\"><a href=\"\/blog\/wp-content\/uploads\/2011\/reinstoff_sisustus1.jpg\" target=\"_blank\" rel=\"noopener\"><img decoding=\"async\" style=\"border: 0px none; margin: 5px;\" src=\"\/blog\/wp-content\/uploads\/2011\/thumbs\/thumbs_reinstoff_sisustus1.jpg\" alt=\"\" \/><\/a><a href=\"\/blog\/wp-content\/uploads\/2011\/reinstoff_sisustus2.jpg\" target=\"_blank\" rel=\"noopener\"><img decoding=\"async\" style=\"border: 0px none; margin: 5px;\" src=\"\/blog\/wp-content\/uploads\/2011\/thumbs\/thumbs_reinstoff_sisustus2.jpg\" alt=\"\" \/><\/a><a href=\"\/blog\/wp-content\/uploads\/2011\/reinstoff_sisustus3.jpg\" target=\"_blank\" rel=\"noopener\"><img decoding=\"async\" style=\"border: 0px none; margin: 5px;\" src=\"\/blog\/wp-content\/uploads\/2011\/thumbs\/thumbs_reinstoff_sisustus3.jpg\" alt=\"\" \/><\/a><\/p>\n<p style=\"text-align: center;\"><em>Ravintolan moderni sisustus<\/em><\/p>\n<p style=\"text-align: justify;\">Ravintolan menu k\u00e4sitt\u00e4\u00e4 kaksi kokonaisuutta; <em>quite near<\/em> sek\u00e4 <em>far away<\/em>. N\u00e4ist\u00e4 ensimm\u00e4inen on valinnan mukaan 4-6 ruokalajin kokonaisuus paikallisista herkuista tehtyj\u00e4 luomuksia. J\u00e4lkimm\u00e4inen on puolestaan 5-8 ruokalajin kokonaisuus hieman et\u00e4\u00e4np\u00e4\u00e4 olevia makuja. Hinnat ovat (vuonna 2011) 66 euroa nelj\u00e4lt\u00e4 ja 129 euroa kahdeksalta ruokalajilta. Me p\u00e4\u00e4dyimme viiden ruokalajin illalliseen far away -listalta, sill\u00e4 koimme sen vastaavan parhaiten kiinnostustamme. Valitsemaamme ateriaankin tarjoiltiin lis\u00e4ksi kaikille kokonaisuuksille yhteisi\u00e4 alku- ja j\u00e4lkipaloja, sek\u00e4 kokin terveiset, joten illan lopullinen kokonaisuus oli 5+3 ruokalajia.<\/p>\n<p style=\"text-align: justify;\">Alkupaloina meille tuotiin &#8221;aistien her\u00e4tt\u00e4miseksi&#8221;\u00a0nelj\u00e4 pient\u00e4 tapasta. N\u00e4ist\u00e4 erityisesti mets\u00e4sieni sommitelma sek\u00e4 kumkvatti kera muikun m\u00e4din olivat meist\u00e4 kaksi parasta, mutta jokainen alkupala onnistui todellakin her\u00e4tt\u00e4m\u00e4\u00e4n aistimme. Kokin terveinen oli hieman erikoisempi, jonkinlaisia lehti\u00e4 ja juuria yhdistelev\u00e4 tekele.<\/p>\n<p style=\"text-align: center;\"><a href=\"\/blog\/wp-content\/uploads\/2011\/2_michelin_tahden_illallinen1.jpg\" target=\"_blank\" rel=\"noopener\"><img decoding=\"async\" style=\"border: 0px none; margin: 5px;\" src=\"\/blog\/wp-content\/uploads\/2011\/thumbs\/thumbs_2_michelin_tahden_illallinen1.jpg\" alt=\"\" \/><\/a><a href=\"\/blog\/wp-content\/uploads\/2011\/2_michelin_tahden_illallinen2.jpg\" target=\"_blank\" rel=\"noopener\"><img decoding=\"async\" style=\"border: 0px none; margin: 5px;\" src=\"\/blog\/wp-content\/uploads\/2011\/thumbs\/thumbs_2_michelin_tahden_illallinen2.jpg\" alt=\"\" \/><\/a><br \/>\n<a href=\"\/blog\/wp-content\/uploads\/2011\/2_michelin_tahden_illallinen3.jpg\" target=\"_blank\" rel=\"noopener\"><img decoding=\"async\" style=\"border: 0px none; margin: 5px;\" src=\"\/blog\/wp-content\/uploads\/2011\/thumbs\/thumbs_2_michelin_tahden_illallinen3.jpg\" alt=\"\" \/><\/a><a href=\"\/blog\/wp-content\/uploads\/2011\/2_michelin_tahden_illallinen4.jpg\" target=\"_blank\" rel=\"noopener\"><img decoding=\"async\" style=\"border: 0px none; margin: 5px;\" src=\"\/blog\/wp-content\/uploads\/2011\/thumbs\/thumbs_2_michelin_tahden_illallinen4.jpg\" alt=\"\" \/><\/a><\/p>\n<p style=\"text-align: center;\"><em>Makoisia alkupaloja aistien her\u00e4tt\u00e4miseksi<\/em><\/p>\n<p style=\"text-align: center;\"><a href=\"\/blog\/wp-content\/uploads\/2011\/2_michelin_tahden_illallinen5.jpg\" target=\"_blank\" rel=\"noopener\"><img decoding=\"async\" style=\"border: 0px none; margin: 5px;\" src=\"\/blog\/wp-content\/uploads\/2011\/2_michelin_tahden_illallinen5.jpg\" alt=\"\" \/><\/a><\/p>\n<p style=\"text-align: center;\"><em>Kokin erikoinen tervehdys<\/em><\/p>\n<p style=\"text-align: justify;\">P\u00e4\u00e4ruokien listalta valitsimme alkuun sek\u00e4 norjalaisen kuningasrapukoktailin ett\u00e4 asetelman kampasimpukkaa. Sit\u00e4 seurasi pikkukauriin lihasta tehty kevyesti grillattu tartar. Varsinaisena p\u00e4\u00e4ruokana oli erityisen Charolais-karjan sis\u00e4filett\u00e4 kera h\u00e4r\u00e4n kuonosta siivuloidun salaatin ja kermakastikkeen. Liha oli aivan jumalaisen hyv\u00e4\u00e4 ja nautimme jokaisen suupalan hiljaa, silm\u00e4t kiinni. Puhdasta parhautta, joka j\u00e4i mieleen!<\/p>\n<p style=\"text-align: center;\"><a href=\"\/blog\/wp-content\/uploads\/2011\/2_michelin_tahden_illallinen6.jpg\" target=\"_blank\" rel=\"noopener\"><img decoding=\"async\" style=\"border: 0px none; margin: 5px;\" src=\"\/blog\/wp-content\/uploads\/2011\/thumbs\/thumbs_2_michelin_tahden_illallinen6.jpg\" alt=\"\" \/><\/a><a href=\"\/blog\/wp-content\/uploads\/2011\/2_michelin_tahden_illallinen7.jpg\" target=\"_blank\" rel=\"noopener\"><img decoding=\"async\" style=\"border: 0px none; margin: 5px;\" src=\"\/blog\/wp-content\/uploads\/2011\/thumbs\/thumbs_2_michelin_tahden_illallinen7.jpg\" alt=\"\" \/><\/a><a href=\"\/blog\/wp-content\/uploads\/2011\/2_michelin_tahden_illallinen8.jpg\" target=\"_blank\" rel=\"noopener\"><img decoding=\"async\" style=\"border: 0px none; margin: 5px;\" src=\"\/blog\/wp-content\/uploads\/2011\/thumbs\/thumbs_2_michelin_tahden_illallinen8.jpg\" alt=\"\" \/><\/a><\/p>\n<p style=\"text-align: center;\"><em>Norjalainen kuningasrapukoktail, kampasimpukkaa sek\u00e4 pikkukauris tartar<\/em><\/p>\n<p style=\"text-align: center;\"><a href=\"\/blog\/wp-content\/uploads\/2011\/2_michelin_tahden_illallinen9.jpg\" target=\"_blank\" rel=\"noopener\"><img decoding=\"async\" style=\"border: 0px none; margin: 5px;\" src=\"\/blog\/wp-content\/uploads\/2011\/2_michelin_tahden_illallinen9.jpg\" alt=\"\" \/><\/a><\/p>\n<p style=\"text-align: center;\"><em>Uskomattoman makoisaa Charolais-sis\u00e4filett\u00e4<\/em><\/p>\n<p style=\"text-align: justify;\">Viimeisen\u00e4 ruokalajina nautimme suklaasta ja hunajakakusta tehty\u00e4 j\u00e4lkiruokaa, jota seurasi viel\u00e4 nelj\u00e4n herkkupalan kokonaisuus j\u00e4\u00e4tel\u00f6\u00e4, donitsia sek\u00e4 pieni jogurttiasetelma. Kuten kaikki muutkin annokset, my\u00f6s j\u00e4lkiruoat oli aseteltu kauniisti omille alustoilleen.<\/p>\n<p style=\"text-align: center;\"><a href=\"\/blog\/wp-content\/uploads\/2011\/2_michelin_tahden_illallinen10.jpg\" target=\"_blank\" rel=\"noopener\"><img decoding=\"async\" style=\"border: 0px none; margin: 5px;\" src=\"\/blog\/wp-content\/uploads\/2011\/thumbs\/thumbs_2_michelin_tahden_illallinen10.jpg\" alt=\"\" \/><\/a><a href=\"\/blog\/wp-content\/uploads\/2011\/2_michelin_tahden_illallinen11.jpg\" target=\"_blank\" rel=\"noopener\"><img decoding=\"async\" style=\"border: 0px none; margin: 5px;\" src=\"\/blog\/wp-content\/uploads\/2011\/thumbs\/thumbs_2_michelin_tahden_illallinen11.jpg\" alt=\"\" \/><\/a><\/p>\n<p style=\"text-align: center;\"><em>Suklaata ja hunajakakkua<\/em><\/p>\n<p style=\"text-align: center;\"><a href=\"\/blog\/wp-content\/uploads\/2011\/2_michelin_tahden_illallinen12.jpg\" target=\"_blank\" rel=\"noopener\"><img decoding=\"async\" style=\"border: 0px none; margin: 5px;\" src=\"\/blog\/wp-content\/uploads\/2011\/thumbs\/thumbs_2_michelin_tahden_illallinen12.jpg\" alt=\"\" \/><\/a><a href=\"\/blog\/wp-content\/uploads\/2011\/2_michelin_tahden_illallinen13.jpg\" target=\"_blank\" rel=\"noopener\"><img decoding=\"async\" style=\"border: 0px none; margin: 5px;\" src=\"\/blog\/wp-content\/uploads\/2011\/thumbs\/thumbs_2_michelin_tahden_illallinen13.jpg\" alt=\"\" \/><\/a><a href=\"\/blog\/wp-content\/uploads\/2011\/2_michelin_tahden_illallinen14.jpg\" target=\"_blank\" rel=\"noopener\"><img decoding=\"async\" style=\"border: 0px none; margin: 5px;\" src=\"\/blog\/wp-content\/uploads\/2011\/thumbs\/thumbs_2_michelin_tahden_illallinen14.jpg\" alt=\"\" \/><\/a><br \/>\n<a href=\"\/blog\/wp-content\/uploads\/2011\/2_michelin_tahden_illallinen15.jpg\" target=\"_blank\" rel=\"noopener\"><img decoding=\"async\" style=\"border: 0px none; margin: 5px;\" src=\"\/blog\/wp-content\/uploads\/2011\/thumbs\/thumbs_2_michelin_tahden_illallinen15.jpg\" alt=\"\" \/><\/a><a href=\"\/blog\/wp-content\/uploads\/2011\/2_michelin_tahden_illallinen16.jpg\" target=\"_blank\" rel=\"noopener\"><img decoding=\"async\" style=\"border: 0px none; margin: 5px;\" src=\"\/blog\/wp-content\/uploads\/2011\/thumbs\/thumbs_2_michelin_tahden_illallinen16.jpg\" alt=\"\" \/><\/a><\/p>\n<p style=\"text-align: center;\"><em>Toinen kattaus j\u00e4lkiruokaherkkuja<\/em><\/p>\n<p style=\"text-align: justify;\">Niina nautti menun viinisommitelman kanssa ja minulle tarjottiin alkoholittomia mehuja. Mehut toimivat j\u00e4lleen eritt\u00e4in hyvin yhteen ruoan kanssa, vaikka sommelier sanoikin joutuvansa toteuttamaan kohdallani harvinaisen ja siksi haastavan toiveen. Palvelu oli Reinstoffissa moitteetonta, sill\u00e4 aktiivisesti toimeen tarttuvaa henkil\u00f6kuntaa on runsaasti. Kietti\u00f6ss\u00e4kin ahkeroitiin, sill\u00e4 ruoka saapui hyvin rivakasti.<\/p>\n<p style=\"text-align: justify;\">Kaiken kaikkiaan kokonaisuudesta j\u00e4i eritt\u00e4in positiivinen kuva, mik\u00e4 vastasi hyvin ennakkok\u00e4sityst\u00e4 kahden Michelin-t\u00e4hden illallisesta. Vertailu on rajoittuneella kokemuksellamme hieman hankalaa, mutta lokakuussa koetun <a title=\"Kolmen Michelin-t\u00e4hden Aqua\" href=\"https:\/\/www.vuosiamaailmalla.fi\/?p=669\">kolmen Michelin-t\u00e4hden<\/a> <em>Aquan<\/em> tasolle Reinstoff ei meist\u00e4 aivan ylt\u00e4nyt. Erot ovat hyvin pieni\u00e4, mutta Aquassa palvelu oli viel\u00e4kin huomaavaisempaa ja t\u00e4ysin ammattimaista. Reinstoffin kokemuksessa oli jotain uutuudenomaista, mik\u00e4 on t\u00e4ysin ymm\u00e4rrett\u00e4v\u00e4\u00e4 nuoren ravintolan kohdalla. P\u00e4\u00e4kokki Daniel Achilleskin on vain 34-vuotias.<\/p>\n<p style=\"text-align: justify;\">Kaiken kaikkiaan meill\u00e4 kului 5+3 ruokalajin illallisella hieman reilut kaksi ja puoli tuntia. Hintaa el\u00e4mykselle tuli juomarahoineen 150 euroa per henki, mik\u00e4 on mielest\u00e4ni t\u00e4ysin koetun el\u00e4myksen tasolla. Hintaa kauhistelevan tulee muistaa, ett\u00e4 kolmen t\u00e4hden el\u00e4mys maksoi 250 euroa per henki. Siin\u00e4 on kyll\u00e4 sill\u00e4 kolmannella t\u00e4hdell\u00e4 paljon lis\u00e4hintaa. Joka tapauksessa Reinstoffia ei voi kuin suositella l\u00e4mpim\u00e4sti, sill\u00e4 se muistutti meit\u00e4 j\u00e4lleen kerran, miten silloin t\u00e4ll\u00f6in nautittu gourmer-illallinen on ikimuistoinen el\u00e4mys.<\/p>\n<p style=\"text-align: center;\"><a href=\"http:\/\/www.reinstoff.eu\">Reinstoff<\/a><br \/>\nSchlegelstra\u00dfe 26c<br \/>\n10115 Berlin-Mitte<\/p>\n<p style=\"text-align: center;\"><iframe loading=\"lazy\" src=\"https:\/\/maps.google.com\/maps?f=q&amp;source=s_q&amp;hl=fi&amp;geocode=&amp;q=Restaurant+reinstoff,+Schlegelstra%C3%9Fe,+Berlin,+Deutschland&amp;aq=0&amp;sll=37.0625,-95.677068&amp;sspn=51.04407,114.169922&amp;vpsrc=6&amp;ie=UTF8&amp;hq=Restaurant+reinstoff,+Schlegelstra%C3%9Fe,+Berlin,+Deutschland&amp;hnear=&amp;radius=15000&amp;t=m&amp;ll=52.530217,13.385682&amp;spn=0.009138,0.018239&amp;z=15&amp;&amp;iwloc=near&amp;addr&amp;output=embed\" width=\"425\" height=\"350\" frameborder=\"0\" marginwidth=\"0\" marginheight=\"0\" scrolling=\"no\"><span data-mce-type=\"bookmark\" style=\"display: inline-block; width: 0px; overflow: hidden; line-height: 0;\" class=\"mce_SELRES_start\">?<\/span><\/iframe><br \/>\n<small><a style=\"color: #0000ff; text-align: left;\" href=\"https:\/\/maps.google.com\/maps?f=q&amp;source=embed&amp;hl=fi&amp;geocode=&amp;q=Restaurant+reinstoff,+Schlegelstra%C3%9Fe,+Berlin,+Deutschland&amp;aq=0&amp;sll=37.0625,-95.677068&amp;sspn=51.04407,114.169922&amp;vpsrc=6&amp;ie=UTF8&amp;hq=Restaurant+reinstoff,+Schlegelstra%C3%9Fe,+Berlin,+Deutschland&amp;hnear=&amp;radius=15000&amp;t=m&amp;ll=52.530217,13.385682&amp;spn=0.009138,0.018239&amp;z=15&amp;&amp;iwloc=near&amp;addr&amp;\">N\u00e4yt\u00e4 suurempi kartta<\/a><\/small><\/p>\n","protected":false},"excerpt":{"rendered":"<p>Keskiviikkona vietettiin Niinan syntym\u00e4p\u00e4ivi\u00e4, mink\u00e4 kunniaksi vein h\u00e4net illalla ulos sy\u00f6m\u00e4\u00e4n. Illallispaikaksi ei tietenk\u00e4\u00e4n kelvannut mik\u00e4\u00e4n tavallinen ravintola, vaan olimme tehneet varauksen ty\u00f6paikkamme sis\u00e4pihalla sijaitsevaan Reinstoff nimiseen ravintolaan. T\u00e4m\u00e4 sangen uusi ravintola avautui vuonna 2009 entisen hehkulampputehtaan paloaseman tiloihin ja se on yksi Berliinin t\u00e4m\u00e4n hetken kuumimpia gourmet-ravintoloita. Tunnustuksena korkeasta laadustaan ravintola sai ensimm\u00e4isen Michelin-t\u00e4htens\u00e4 &hellip; <a href=\"https:\/\/www.vuosiamaailmalla.fi\/blog\/2011\/kahden-michelin-tahden-synttarit\/\" class=\"more-link\">Jatka lukemista<span class=\"screen-reader-text\"> &#8221;Kahden Michelin-t\u00e4hden syntt\u00e4rit&#8221;<\/span><\/a><\/p>\n","protected":false},"author":1,"featured_media":11993,"comment_status":"open","ping_status":"open","sticky":false,"template":"","format":"standard","meta":{"_jetpack_memberships_contains_paid_content":false,"footnotes":""},"categories":[18,3],"tags":[34,49,56,934,267,936,268,190],"class_list":["post-677","post","type-post","status-publish","format-standard","has-post-thumbnail","hentry","category-arki-saksassa","category-arki-ulkomailla","tag-arki","tag-berliini","tag-berlin-mitte","tag-fine-dining","tag-michelin-tahti","tag-ravintolat","tag-reinstoff","tag-saksa"],"jetpack_featured_media_url":"https:\/\/www.vuosiamaailmalla.fi\/blog\/wp-content\/uploads\/reinstoff_banner-1.jpg","jetpack_sharing_enabled":true,"_links":{"self":[{"href":"https:\/\/www.vuosiamaailmalla.fi\/blog\/wp-json\/wp\/v2\/posts\/677","targetHints":{"allow":["GET"]}}],"collection":[{"href":"https:\/\/www.vuosiamaailmalla.fi\/blog\/wp-json\/wp\/v2\/posts"}],"about":[{"href":"https:\/\/www.vuosiamaailmalla.fi\/blog\/wp-json\/wp\/v2\/types\/post"}],"author":[{"embeddable":true,"href":"https:\/\/www.vuosiamaailmalla.fi\/blog\/wp-json\/wp\/v2\/users\/1"}],"replies":[{"embeddable":true,"href":"https:\/\/www.vuosiamaailmalla.fi\/blog\/wp-json\/wp\/v2\/comments?post=677"}],"version-history":[{"count":5,"href":"https:\/\/www.vuosiamaailmalla.fi\/blog\/wp-json\/wp\/v2\/posts\/677\/revisions"}],"predecessor-version":[{"id":11997,"href":"https:\/\/www.vuosiamaailmalla.fi\/blog\/wp-json\/wp\/v2\/posts\/677\/revisions\/11997"}],"wp:featuredmedia":[{"embeddable":true,"href":"https:\/\/www.vuosiamaailmalla.fi\/blog\/wp-json\/wp\/v2\/media\/11993"}],"wp:attachment":[{"href":"https:\/\/www.vuosiamaailmalla.fi\/blog\/wp-json\/wp\/v2\/media?parent=677"}],"wp:term":[{"taxonomy":"category","embeddable":true,"href":"https:\/\/www.vuosiamaailmalla.fi\/blog\/wp-json\/wp\/v2\/categories?post=677"},{"taxonomy":"post_tag","embeddable":true,"href":"https:\/\/www.vuosiamaailmalla.fi\/blog\/wp-json\/wp\/v2\/tags?post=677"}],"curies":[{"name":"wp","href":"https:\/\/api.w.org\/{rel}","templated":true}]}}