{"id":682,"date":"2011-12-27T20:52:07","date_gmt":"2011-12-28T04:52:07","guid":{"rendered":"http:\/\/13.53.127.146\/?p=682"},"modified":"2012-09-23T13:55:13","modified_gmt":"2012-09-23T20:55:13","slug":"ilman-sahkoa","status":"publish","type":"post","link":"https:\/\/www.vuosiamaailmalla.fi\/blog\/2011\/ilman-sahkoa\/","title":{"rendered":"Ilman s\u00e4hk\u00f6\u00e4"},"content":{"rendered":"<p style=\"text-align: justify;\">P\u00e4iv\u00e4n puheenaihe on ollut kaikkialla Suomessa eilinen tapaninp\u00e4iv\u00e4n enn\u00e4tysmyrsky, joka vei s\u00e4hk\u00f6t jopa 300 000 suomalaiselta. Meill\u00e4kin s\u00e4hk\u00f6t katkesivat kes\u00e4m\u00f6kill\u00e4mme 26. p\u00e4iv\u00e4n aamuy\u00f6ll\u00e4, eiv\u00e4tk\u00e4 ne ole palautuneet\u00a0 sinne viel\u00e4k\u00e4\u00e4n, nyt jo puolitoista vuorokautta my\u00f6hemmin. Sama on tilanne l\u00e4heisell\u00e4 syrj\u00e4kyl\u00e4ll\u00e4 asustavalla mummollani, joka on edelleen ilman s\u00e4hk\u00f6\u00e4 ja vett\u00e4. H\u00e4nell\u00e4 on onneksi talossa puuhella sek\u00e4 kaksi takkaa, joten kylm\u00e4ss\u00e4 ei tarvitse hytist\u00e4. Silti el\u00e4m\u00e4 ilman s\u00e4hk\u00f6\u00e4 on melkoisen hankalaa.<\/p>\n<p style=\"text-align: justify;\">S\u00e4hk\u00f6jen ollessa poikki, oli ensimm\u00e4inen murhe tapaninp\u00e4iv\u00e4n lounas. Onneksi joululaatikoiden viimeiset t\u00e4hteet l\u00e4mpesiv\u00e4t kes\u00e4m\u00f6kin takassa, mutta siirryimme silti illaksi kodillemme kotikuntani keskustaajamaan. &#8221;Kyl\u00e4ll\u00e4kin&#8221; oli s\u00e4hk\u00f6t poikki sadoilta talouksilta, mutta onneksi illasta virta palasi kyl\u00e4lle. S\u00e4hk\u00f6st\u00e4 sai kuitenkin nauttia vain pari tuntia, kunnes ne taas katkesivat, palaten kuitenkin y\u00f6ksi. Tuona aikana kerkesi kuitenkin kynttil\u00e4n valossa miettim\u00e4\u00e4n, miten riippuvaisia nykyisin ollaankaan s\u00e4hk\u00f6st\u00e4.<\/p>\n<p><!--more--><\/p>\n<p style=\"text-align: justify;\">Ruoan laittaminen hankaloituu kummasti ilman s\u00e4hk\u00f6\u00e4 ja l\u00e4mmityksen kanssa saattaa tulla pelk\u00e4st\u00e4\u00e4n s\u00e4hk\u00f6l\u00e4mmitteisiss\u00e4 taloissa pahoja ongelmia. Onneksi keli oli nyt leuto ja Suomessa on melkein joka t\u00f6n\u00f6ss\u00e4 takka. Ongelmallista on kuitenkin j\u00e4\u00e4kaappien ja varsinkin pakastimien l\u00e4mpeneminen sek\u00e4 sulaminen, joka pilaa ruokia nopeasti. Haja-asutusalueella voi tulla vedenkin kanssa ongelmia, kun oman kaivon vesipumppu ei toimi. Taajama-alueella sent\u00e4\u00e4n vesitornien paine pit\u00e4\u00e4 veden juoksemassa reilun vuorokauden, joten vessassakin voi k\u00e4yd\u00e4. Tosin katkoksen pitkittyess\u00e4 t\u00e4m\u00e4kin vara ehtyy nopeasti.<\/p>\n<p style=\"text-align: justify;\">Lis\u00e4ksi tietysti valaistuksen t\u00e4ydellinen puuttuminen hankaloittaa mit\u00e4 vain toimintaa ilta-aikaan, joka on t\u00e4h\u00e4n aikaan vuodesta eritt\u00e4in suuri osa vuorokaudesta. Ilman s\u00e4hk\u00f6\u00e4 ei ole netti\u00e4, telkkaria taikka radiotakaan, mist\u00e4 kuulisi tilannetietoutta. Perinteinen lankapuhelin kyll\u00e4 toimii s\u00e4hk\u00f6katkoksenkin aikana, mutta monissa talouksissa on t\u00e4t\u00e4 nyky\u00e4 vain k\u00e4nnyk\u00f6it\u00e4. Niiden akut tyhjenev\u00e4t nopeasti (\u00e4lypuhelin sammuu jopa vuorokaudessa), eik\u00e4 matkapuhelinmastojen varavirtakaan kest\u00e4 montaa vuorokautta. Autossa on toki mahdollista kuunnella radiota, mutta polttoainettakaan ei ole tarjolla enemp\u00e4\u00e4, kun huoltoasemien pumput eiv\u00e4t toimi. Ja jos toimivat, ei maksuv\u00e4lineen\u00e4 v\u00e4ltt\u00e4m\u00e4tt\u00e4 k\u00e4y kuin kylm\u00e4 k\u00e4teinen, josta moni on jo luopunut.<\/p>\n<p style=\"text-align: justify;\">Moderni cityihminen onkin nopeasti tenkkapoo t\u00e4llaisen tilanteen edess\u00e4. Onneksi meid\u00e4n kohdallamme tilanne ratkesi puolen vuorokauden j\u00e4lkeen ja ei kukaan Suomessa t\u00e4h\u00e4n katkokseen kuole, vaikka s\u00e4hk\u00f6jen palauttamisessa voikin muutama p\u00e4iv\u00e4menn\u00e4. Mutta katkos antoi silti aikaa mietti\u00e4 miten pienest\u00e4 &#8221;moderni&#8221; el\u00e4m\u00e4 ja sen kaikki ihanuudet ovatkaan kiinni &#8211; s\u00e4hk\u00f6st\u00e4. \ud83d\udca1<\/p>\n","protected":false},"excerpt":{"rendered":"<p>P\u00e4iv\u00e4n puheenaihe on ollut kaikkialla Suomessa eilinen tapaninp\u00e4iv\u00e4n enn\u00e4tysmyrsky, joka vei s\u00e4hk\u00f6t jopa 300 000 suomalaiselta. Meill\u00e4kin s\u00e4hk\u00f6t katkesivat kes\u00e4m\u00f6kill\u00e4mme 26. p\u00e4iv\u00e4n aamuy\u00f6ll\u00e4, eiv\u00e4tk\u00e4 ne ole palautuneet\u00a0 sinne viel\u00e4k\u00e4\u00e4n, nyt jo puolitoista vuorokautta my\u00f6hemmin. Sama on tilanne l\u00e4heisell\u00e4 syrj\u00e4kyl\u00e4ll\u00e4 asustavalla mummollani, joka on edelleen ilman s\u00e4hk\u00f6\u00e4 ja vett\u00e4. H\u00e4nell\u00e4 on onneksi talossa puuhella sek\u00e4 kaksi &hellip; <a href=\"https:\/\/www.vuosiamaailmalla.fi\/blog\/2011\/ilman-sahkoa\/\" class=\"more-link\">Jatka lukemista<span class=\"screen-reader-text\"> &#8221;Ilman s\u00e4hk\u00f6\u00e4&#8221;<\/span><\/a><\/p>\n","protected":false},"author":1,"featured_media":0,"comment_status":"open","ping_status":"open","sticky":false,"template":"","format":"standard","meta":{"_jetpack_memberships_contains_paid_content":false,"footnotes":""},"categories":[7,12],"tags":[25,34,198],"class_list":["post-682","post","type-post","status-publish","format-standard","hentry","category-matkakertomukset","category-matkalla-kerrottua","tag-ajankohtaista","tag-arki","tag-suomi"],"jetpack_featured_media_url":"","jetpack_sharing_enabled":true,"_links":{"self":[{"href":"https:\/\/www.vuosiamaailmalla.fi\/blog\/wp-json\/wp\/v2\/posts\/682","targetHints":{"allow":["GET"]}}],"collection":[{"href":"https:\/\/www.vuosiamaailmalla.fi\/blog\/wp-json\/wp\/v2\/posts"}],"about":[{"href":"https:\/\/www.vuosiamaailmalla.fi\/blog\/wp-json\/wp\/v2\/types\/post"}],"author":[{"embeddable":true,"href":"https:\/\/www.vuosiamaailmalla.fi\/blog\/wp-json\/wp\/v2\/users\/1"}],"replies":[{"embeddable":true,"href":"https:\/\/www.vuosiamaailmalla.fi\/blog\/wp-json\/wp\/v2\/comments?post=682"}],"version-history":[{"count":0,"href":"https:\/\/www.vuosiamaailmalla.fi\/blog\/wp-json\/wp\/v2\/posts\/682\/revisions"}],"wp:attachment":[{"href":"https:\/\/www.vuosiamaailmalla.fi\/blog\/wp-json\/wp\/v2\/media?parent=682"}],"wp:term":[{"taxonomy":"category","embeddable":true,"href":"https:\/\/www.vuosiamaailmalla.fi\/blog\/wp-json\/wp\/v2\/categories?post=682"},{"taxonomy":"post_tag","embeddable":true,"href":"https:\/\/www.vuosiamaailmalla.fi\/blog\/wp-json\/wp\/v2\/tags?post=682"}],"curies":[{"name":"wp","href":"https:\/\/api.w.org\/{rel}","templated":true}]}}