{"id":684,"date":"2011-12-24T08:50:10","date_gmt":"2011-12-24T16:50:10","guid":{"rendered":"http:\/\/13.53.127.146\/?p=684"},"modified":"2012-09-23T14:03:47","modified_gmt":"2012-09-23T21:03:47","slug":"frohe-weihnachten","status":"publish","type":"post","link":"https:\/\/www.vuosiamaailmalla.fi\/blog\/2011\/frohe-weihnachten\/","title":{"rendered":"Frohe Weihnachten!"},"content":{"rendered":"<p style=\"text-align: justify;\"><em>Frohe Weihnachten<\/em>, eli iloista joulua, sanoisi saksalainen. Joulu on j\u00e4lleen t\u00e4\u00e4ll\u00e4 ja sit\u00e4 vietet\u00e4\u00e4n t\u00e4n\u00e4kin vuonna perinteisiss\u00e4 merkeiss\u00e4. Pitk\u00e4st\u00e4 aikaa olemme Niinan kanssa joulun eri osoitteissa, min\u00e4 Etel\u00e4-Suomessa ja h\u00e4n It\u00e4-Suomessa. P\u00e4\u00e4dyimme j\u00e4rjestelyyn, koska seuraava Suomen reissu on tulevan muuton vuoksi aikaisintaan ensi kes\u00e4n\u00e4, joten molemmat meist\u00e4 halusivat viett\u00e4\u00e4 hieman pidemm\u00e4n loman tuttujensa keskell\u00e4. It\u00e4-Suomessa joulu on t\u00e4n\u00e4kin vuonna valkoinen, mutta t\u00e4ss\u00e4 etel\u00e4rannikolla ollaan siin\u00e4 ja siin\u00e4, ett\u00e4 onko maassa hieman valkoista vai onko joulu musta. Perinteist\u00e4 on kyll\u00e4 t\u00e4m\u00e4kin tilanne, sill\u00e4 viime vuosien lumimassat ovat olleet t\u00e4ysin poikkeuksellisia t\u00e4\u00e4ll\u00e4 etel\u00e4ss\u00e4 ja musta joulu olisi vain paluuta normaaliin.<\/p>\n<p>Berliiniin palaamme 27. p\u00e4iv\u00e4 ja siell\u00e4 jatkamme muuttoon liittyvien asioiden j\u00e4rjestely\u00e4, kuten huonekalujen ja tavaroiden <a title=\"Viimeinen ty\u00f6p\u00e4iv\u00e4 ja Saksasta l\u00e4hd\u00f6n haikeus\" href=\"https:\/\/www.vuosiamaailmalla.fi\/?p=232\">myynti\u00e4<\/a>. T\u00f6ihin on palattava 2. tammikuuta ja ainakin aluksi Berliinin toimistolle. Tammikuusta ja koko alkuvuodesta tulee kyll\u00e4 kiintoisa, sill\u00e4 muutto Vancouveriin saattaa lopulta <a title=\"Maahanmuutto bisnesluokassa\" href=\"https:\/\/www.vuosiamaailmalla.fi\/?p=230\">toteutua<\/a> hyvinkin pieness\u00e4 ajassa. Teht\u00e4v\u00e4\u00e4 on sit\u00e4 ennen kuitenkin viel\u00e4 paljon ja toivommekin saavamme asioita reilaan v\u00e4lip\u00e4ivien aikana.<\/p>\n<p>Eip\u00e4 t\u00e4ss\u00e4 sitten muuta kuin eritt\u00e4in hyv\u00e4\u00e4 ja rauhallista joulua kaikille blogini lukijoille! <span style=\"color: #ff0000;\"><strong>Frohe Weihnachten!<\/strong><\/span><\/p>\n","protected":false},"excerpt":{"rendered":"<p>Frohe Weihnachten, eli iloista joulua, sanoisi saksalainen. Joulu on j\u00e4lleen t\u00e4\u00e4ll\u00e4 ja sit\u00e4 vietet\u00e4\u00e4n t\u00e4n\u00e4kin vuonna perinteisiss\u00e4 merkeiss\u00e4. Pitk\u00e4st\u00e4 aikaa olemme Niinan kanssa joulun eri osoitteissa, min\u00e4 Etel\u00e4-Suomessa ja h\u00e4n It\u00e4-Suomessa. P\u00e4\u00e4dyimme j\u00e4rjestelyyn, koska seuraava Suomen reissu on tulevan muuton vuoksi aikaisintaan ensi kes\u00e4n\u00e4, joten molemmat meist\u00e4 halusivat viett\u00e4\u00e4 hieman pidemm\u00e4n loman tuttujensa keskell\u00e4. It\u00e4-Suomessa &hellip; <a href=\"https:\/\/www.vuosiamaailmalla.fi\/blog\/2011\/frohe-weihnachten\/\" class=\"more-link\">Jatka lukemista<span class=\"screen-reader-text\"> &#8221;Frohe Weihnachten!&#8221;<\/span><\/a><\/p>\n","protected":false},"author":1,"featured_media":0,"comment_status":"open","ping_status":"open","sticky":false,"template":"","format":"standard","meta":{"_jetpack_memberships_contains_paid_content":false,"footnotes":""},"categories":[7,12],"tags":[25,34,264,198],"class_list":["post-684","post","type-post","status-publish","format-standard","hentry","category-matkakertomukset","category-matkalla-kerrottua","tag-ajankohtaista","tag-arki","tag-joulu","tag-suomi"],"jetpack_featured_media_url":"","jetpack_sharing_enabled":true,"_links":{"self":[{"href":"https:\/\/www.vuosiamaailmalla.fi\/blog\/wp-json\/wp\/v2\/posts\/684","targetHints":{"allow":["GET"]}}],"collection":[{"href":"https:\/\/www.vuosiamaailmalla.fi\/blog\/wp-json\/wp\/v2\/posts"}],"about":[{"href":"https:\/\/www.vuosiamaailmalla.fi\/blog\/wp-json\/wp\/v2\/types\/post"}],"author":[{"embeddable":true,"href":"https:\/\/www.vuosiamaailmalla.fi\/blog\/wp-json\/wp\/v2\/users\/1"}],"replies":[{"embeddable":true,"href":"https:\/\/www.vuosiamaailmalla.fi\/blog\/wp-json\/wp\/v2\/comments?post=684"}],"version-history":[{"count":0,"href":"https:\/\/www.vuosiamaailmalla.fi\/blog\/wp-json\/wp\/v2\/posts\/684\/revisions"}],"wp:attachment":[{"href":"https:\/\/www.vuosiamaailmalla.fi\/blog\/wp-json\/wp\/v2\/media?parent=684"}],"wp:term":[{"taxonomy":"category","embeddable":true,"href":"https:\/\/www.vuosiamaailmalla.fi\/blog\/wp-json\/wp\/v2\/categories?post=684"},{"taxonomy":"post_tag","embeddable":true,"href":"https:\/\/www.vuosiamaailmalla.fi\/blog\/wp-json\/wp\/v2\/tags?post=684"}],"curies":[{"name":"wp","href":"https:\/\/api.w.org\/{rel}","templated":true}]}}