{"id":691,"date":"2011-12-18T09:10:39","date_gmt":"2011-12-18T17:10:39","guid":{"rendered":"http:\/\/13.53.127.146\/?p=691"},"modified":"2012-09-23T18:14:57","modified_gmt":"2012-09-24T01:14:57","slug":"viimeinen-tyopaiva-melkein","status":"publish","type":"post","link":"https:\/\/www.vuosiamaailmalla.fi\/blog\/2011\/viimeinen-tyopaiva-melkein\/","title":{"rendered":"Viimeinen ty\u00f6p\u00e4iv\u00e4 &#8211; melkein"},"content":{"rendered":"<p style=\"text-align: justify;\">Perjantain piti olla viimeinen ty\u00f6p\u00e4iv\u00e4ni Berliiniss\u00e4, mutta loppuviikosta meille selvisikin, ettei asia ole aivan n\u00e4in. Kanadaan tarvittavan <a title=\"Ikuisuusprosessi kanadalaisesta ty\u00f6luvasta\" href=\"https:\/\/www.vuosiamaailmalla.fi\/?p=322\">ty\u00f6luvan<\/a> prosessi on nimitt\u00e4in ven\u00e4ht\u00e4nyt ja meid\u00e4t tarvitsee toimittaa leimattavaksi lis\u00e4\u00e4 paperia. N\u00e4in ollen n\u00e4ytt\u00e4\u00e4kin silt\u00e4, ett\u00e4 p\u00e4\u00e4sen aloittamaan uudet ty\u00f6t Vancouverissa parhaimmillaan vasta tammikuun puolenv\u00e4lin j\u00e4lkeen. Hyv\u00e4n\u00e4 uutisena pystyn jatkamaan nykyisess\u00e4 ty\u00f6ss\u00e4ni tuonne saakka ja palkkakin jatkaa juoksuaan. Tietysti tammikuun lopussa kiintoisaksi k\u00e4y nykyisen asuntomme luovuttaminen, joka on sovittu kuun viimeiselle viikolle. Toivon mukaan paperity\u00f6t selvi\u00e4v\u00e4t ennen sit\u00e4, koska kaikenlaiset lis\u00e4j\u00e4rjestelyt mutkistaisivat asioita entisest\u00e4\u00e4n&#8230;<\/p>\n<p>Vaikka perjantai ei ollutkaan viimeinen Berliinin ty\u00f6p\u00e4iv\u00e4, oli se kuitenkin viimeinen ty\u00f6p\u00e4iv\u00e4 t\u00e4n\u00e4 vuonna. Lensimme eilen Suomeen loppuvuoden mittaiselle joululomalle, joka onkin ihan tarpeeseen. Paluu Berliiniin on heti joulun pyhien j\u00e4lkeen 27. joulukuuta. Berliiniss\u00e4 pit\u00e4\u00e4 v\u00e4lip\u00e4ivin\u00e4 hoitaa paperiasioita, sek\u00e4 jatkaa tavaroidemme myymist\u00e4 eBayn kautta. Tarkoituksemme kun ei ole muuttaa suurtakaan tavaram\u00e4\u00e4r\u00e4\u00e4 mukanamme, sill\u00e4 s\u00e4hk\u00f6laitteet eiv\u00e4t p\u00e4\u00e4osin toimi kanadalaisella s\u00e4hk\u00f6j\u00e4nnitteell\u00e4 eik\u00e4 IKEA:n huonekaluja kehtaa en\u00e4\u00e4 pidemp\u00e4\u00e4n pit\u00e4\u00e4. Niinp\u00e4 <a title=\"Viimeinen ty\u00f6p\u00e4iv\u00e4 ja Saksasta l\u00e4hd\u00f6n haikeus\" href=\"https:\/\/www.vuosiamaailmalla.fi\/?p=232\">myymme<\/a> suurimman osan tavaroistamme viel\u00e4 Saksassa ollessamme ja ostamme sitten Vancouverissa uudet huonekalut uuteen asuntoomme. Mutta sinne on viel\u00e4 hieman matkaa ja paljon paperity\u00f6t\u00e4 sek\u00e4 j\u00e4rjestelyj\u00e4 teht\u00e4v\u00e4n\u00e4.<\/p>\n","protected":false},"excerpt":{"rendered":"<p>Perjantain piti olla viimeinen ty\u00f6p\u00e4iv\u00e4ni Berliiniss\u00e4, mutta loppuviikosta meille selvisikin, ettei asia ole aivan n\u00e4in. Kanadaan tarvittavan ty\u00f6luvan prosessi on nimitt\u00e4in ven\u00e4ht\u00e4nyt ja meid\u00e4t tarvitsee toimittaa leimattavaksi lis\u00e4\u00e4 paperia. N\u00e4in ollen n\u00e4ytt\u00e4\u00e4kin silt\u00e4, ett\u00e4 p\u00e4\u00e4sen aloittamaan uudet ty\u00f6t Vancouverissa parhaimmillaan vasta tammikuun puolenv\u00e4lin j\u00e4lkeen. Hyv\u00e4n\u00e4 uutisena pystyn jatkamaan nykyisess\u00e4 ty\u00f6ss\u00e4ni tuonne saakka ja palkkakin jatkaa &hellip; <a href=\"https:\/\/www.vuosiamaailmalla.fi\/blog\/2011\/viimeinen-tyopaiva-melkein\/\" class=\"more-link\">Jatka lukemista<span class=\"screen-reader-text\"> &#8221;Viimeinen ty\u00f6p\u00e4iv\u00e4 &#8211; melkein&#8221;<\/span><\/a><\/p>\n","protected":false},"author":1,"featured_media":0,"comment_status":"open","ping_status":"open","sticky":false,"template":"","format":"standard","meta":{"_jetpack_memberships_contains_paid_content":false,"footnotes":""},"categories":[3,13],"tags":[34,49,264,935,190,198,939],"class_list":["post-691","post","type-post","status-publish","format-standard","hentry","category-arki-ulkomailla","category-tyoskentely-kanadassa","tag-arki","tag-berliini","tag-joulu","tag-kanada","tag-saksa","tag-suomi","tag-vancouver"],"jetpack_featured_media_url":"","jetpack_sharing_enabled":true,"_links":{"self":[{"href":"https:\/\/www.vuosiamaailmalla.fi\/blog\/wp-json\/wp\/v2\/posts\/691","targetHints":{"allow":["GET"]}}],"collection":[{"href":"https:\/\/www.vuosiamaailmalla.fi\/blog\/wp-json\/wp\/v2\/posts"}],"about":[{"href":"https:\/\/www.vuosiamaailmalla.fi\/blog\/wp-json\/wp\/v2\/types\/post"}],"author":[{"embeddable":true,"href":"https:\/\/www.vuosiamaailmalla.fi\/blog\/wp-json\/wp\/v2\/users\/1"}],"replies":[{"embeddable":true,"href":"https:\/\/www.vuosiamaailmalla.fi\/blog\/wp-json\/wp\/v2\/comments?post=691"}],"version-history":[{"count":0,"href":"https:\/\/www.vuosiamaailmalla.fi\/blog\/wp-json\/wp\/v2\/posts\/691\/revisions"}],"wp:attachment":[{"href":"https:\/\/www.vuosiamaailmalla.fi\/blog\/wp-json\/wp\/v2\/media?parent=691"}],"wp:term":[{"taxonomy":"category","embeddable":true,"href":"https:\/\/www.vuosiamaailmalla.fi\/blog\/wp-json\/wp\/v2\/categories?post=691"},{"taxonomy":"post_tag","embeddable":true,"href":"https:\/\/www.vuosiamaailmalla.fi\/blog\/wp-json\/wp\/v2\/tags?post=691"}],"curies":[{"name":"wp","href":"https:\/\/api.w.org\/{rel}","templated":true}]}}