{"id":693,"date":"2011-11-26T13:26:30","date_gmt":"2011-11-26T21:26:30","guid":{"rendered":"http:\/\/13.53.127.146\/?p=693"},"modified":"2014-11-02T17:21:01","modified_gmt":"2014-11-03T01:21:01","slug":"viikko-vancouverissa","status":"publish","type":"post","link":"https:\/\/www.vuosiamaailmalla.fi\/blog\/2011\/viikko-vancouverissa\/","title":{"rendered":"Viikko Vancouverissa"},"content":{"rendered":"<p style=\"text-align: justify;\">T\u00e4m\u00e4 on ensimm\u00e4inen bloggaukseni lentokent\u00e4lt\u00e4, sill\u00e4 odotan paraikaa Vancouverin kansainv\u00e4lisell\u00e4 lentokent\u00e4ll\u00e4 (YVR)\u00a0Lufthansan lennon boardausta kohti <a title=\"Frankfurtin pilvenpiirt\u00e4jien katveessa\" href=\"https:\/\/www.vuosiamaailmalla.fi\/?p=3348\">Frankfurtia<\/a>. Kello on t\u00e4k\u00e4l\u00e4ist\u00e4 aikaa 14:20 lauantaina ja olen perill\u00e4 Frankfurtissa sik\u00e4l\u00e4ist\u00e4 aikaa 10:40 sunnuntaiaamuna. Melkein vuorokausi vier\u00e4ht\u00e4\u00e4kin tulevalla lennolla n\u00e4in vastap\u00e4iv\u00e4\u00e4n lennett\u00e4ess\u00e4.<\/p>\n<p><!--more--><\/p>\n<p style=\"text-align: justify;\">Viikko Vancouverissa oli mahtava, vaikka keli olikin vaihteleva. Loppuviikosta t\u00e4h\u00e4n vuodenaikaan normaali melkein yhten\u00e4inen sade kuitenkin taukosi ja torstaina paistoi jopa aurinko. Ehdin t\u00e4ten viikossa kokemaan sek\u00e4 Vancouverin kehnoimman, ett\u00e4 parhaimman, kelin. Ty\u00f6kaverit sanoivatkin, ett\u00e4 jos t\u00e4ll\u00e4 viikolla koettu keli ei lannistanut minua, on hyv\u00e4 mahdollisuus ett\u00e4 tulen ihastumaan Vancouveriin. Minusta tuntuu ett\u00e4 tuo ihastus syntyi jo t\u00e4ll\u00e4 viikolla, nimitt\u00e4in kaupunki on upea! Toki Vancouveria kohtaan olikin suuret odotukset kaiken kuullun ja luetun perusteella, mutta kaupunki ei pett\u00e4nyt noita odotuksia. Uskonkin, ett\u00e4 tulemme viihtym\u00e4\u00e4n Vancouverissa eritt\u00e4in hyvin ensi vuonna. Palataan aiheeseen esimerkiksi ensimm\u00e4isen asuinvuoden j\u00e4lkeen&#8230; 8)<\/p>\n<p style=\"text-align: justify;\">Viikon aikana ei kerennyt paljoa turisteilemaan, sill\u00e4 p\u00e4iv\u00e4t meniv\u00e4t ikkunattomassa kokoushuoneessa workshopissa tulevaan ty\u00f6h\u00f6n tutustuen. Tulevat kolleegani olivat eritt\u00e4in mukavia ja k\u00e4vimmekin yhdess\u00e4 niin lounaalla, kuin illallisellakin. Tuleva ty\u00f6 vaikuttaa eritt\u00e4in kiintoisalta ja haastavalta, sill\u00e4 aihealue on aivan eri kuin mink\u00e4 parissa olen Berliiniss\u00e4 ty\u00f6skennellyt. Vaihtelu virkist\u00e4\u00e4 ja se olikin yksi syy <a title=\"Seuraava kotimme: Vancouver, Kanada!\" href=\"https:\/\/www.vuosiamaailmalla.fi\/?p=3111\">muutolle Kanadaan<\/a>.<\/p>\n<p style=\"text-align: justify;\">Otin viikon aikana vain muutamia h\u00e4t\u00e4isi\u00e4 valokuvia ja kuvaraportointi alkaakin tosissaan vasta tammikuussa t\u00e4nne muutettuani. Tosin silloinkin voi olla ensimm\u00e4isin\u00e4 viikkoina kiireist\u00e4, sill\u00e4 muuttoon toiselle mantereelle liittyy paljon hoidettavia asioita. Nyt siirryn t\u00e4\u00e4lt\u00e4 terminaalista koneeseen ja seuraavat kirjoitukset tulevina viikkoina j\u00e4lleen Berliinist\u00e4.<\/p>\n","protected":false},"excerpt":{"rendered":"<p>T\u00e4m\u00e4 on ensimm\u00e4inen bloggaukseni lentokent\u00e4lt\u00e4, sill\u00e4 odotan paraikaa Vancouverin kansainv\u00e4lisell\u00e4 lentokent\u00e4ll\u00e4 (YVR)\u00a0Lufthansan lennon boardausta kohti Frankfurtia. Kello on t\u00e4k\u00e4l\u00e4ist\u00e4 aikaa 14:20 lauantaina ja olen perill\u00e4 Frankfurtissa sik\u00e4l\u00e4ist\u00e4 aikaa 10:40 sunnuntaiaamuna. Melkein vuorokausi vier\u00e4ht\u00e4\u00e4kin tulevalla lennolla n\u00e4in vastap\u00e4iv\u00e4\u00e4n lennett\u00e4ess\u00e4.<\/p>\n","protected":false},"author":1,"featured_media":0,"comment_status":"open","ping_status":"open","sticky":false,"template":"","format":"standard","meta":{"_jetpack_memberships_contains_paid_content":false,"footnotes":""},"categories":[7,12],"tags":[935,207,939],"class_list":["post-693","post","type-post","status-publish","format-standard","hentry","category-matkakertomukset","category-matkalla-kerrottua","tag-kanada","tag-tyo","tag-vancouver"],"jetpack_featured_media_url":"","jetpack_sharing_enabled":true,"_links":{"self":[{"href":"https:\/\/www.vuosiamaailmalla.fi\/blog\/wp-json\/wp\/v2\/posts\/693","targetHints":{"allow":["GET"]}}],"collection":[{"href":"https:\/\/www.vuosiamaailmalla.fi\/blog\/wp-json\/wp\/v2\/posts"}],"about":[{"href":"https:\/\/www.vuosiamaailmalla.fi\/blog\/wp-json\/wp\/v2\/types\/post"}],"author":[{"embeddable":true,"href":"https:\/\/www.vuosiamaailmalla.fi\/blog\/wp-json\/wp\/v2\/users\/1"}],"replies":[{"embeddable":true,"href":"https:\/\/www.vuosiamaailmalla.fi\/blog\/wp-json\/wp\/v2\/comments?post=693"}],"version-history":[{"count":0,"href":"https:\/\/www.vuosiamaailmalla.fi\/blog\/wp-json\/wp\/v2\/posts\/693\/revisions"}],"wp:attachment":[{"href":"https:\/\/www.vuosiamaailmalla.fi\/blog\/wp-json\/wp\/v2\/media?parent=693"}],"wp:term":[{"taxonomy":"category","embeddable":true,"href":"https:\/\/www.vuosiamaailmalla.fi\/blog\/wp-json\/wp\/v2\/categories?post=693"},{"taxonomy":"post_tag","embeddable":true,"href":"https:\/\/www.vuosiamaailmalla.fi\/blog\/wp-json\/wp\/v2\/tags?post=693"}],"curies":[{"name":"wp","href":"https:\/\/api.w.org\/{rel}","templated":true}]}}