{"id":6957,"date":"2015-08-07T12:01:00","date_gmt":"2015-08-07T19:01:00","guid":{"rendered":"http:\/\/13.53.127.146\/?p=6957"},"modified":"2016-10-15T15:12:57","modified_gmt":"2016-10-15T22:12:57","slug":"iso-lintu-saapuu-vancouveriin","status":"publish","type":"post","link":"https:\/\/www.vuosiamaailmalla.fi\/blog\/2015\/iso-lintu-saapuu-vancouveriin\/","title":{"rendered":"Iso lintu saapuu Vancouveriin"},"content":{"rendered":"<p style=\"text-align: justify;\">Marraskuussa 2012 saksalainen lentoyhti\u00f6 <em>Lufthansa<\/em> kohahdutti vancouverilaisia yhti\u00f6n <em>Facebookiin<\/em> laittamalla mainoksella toukokuussa 2013 alkavista lennoista M\u00fcnchenist\u00e4 Vancouveriin. Kohahduksen syy ei kuitenkina ollut itse lentoyhteys, sill\u00e4 Lufthansa lent\u00e4\u00e4 Vancouveriin p\u00e4ivitt\u00e4in <a href=\"https:\/\/www.vuosiamaailmalla.fi\/?p=3348\">Frankfurtista<\/a> sek\u00e4 useita kertoja viikossa M\u00fcnchenist\u00e4. Varsinainen syy kohahdukseen oli yll\u00e4tt\u00e4v\u00e4 tieto siit\u00e4, ett\u00e4 toukokuusta alkaen yhteys lennett\u00e4isiin Lufthansan upouudella <em>Airbus A380<\/em> super-jumbojetill\u00e4! \ud83d\ude2f<\/p>\n<p><!--more--><\/p>\n<p style=\"text-align: center;\"><a href=\"\/blog\/wp-content\/uploads\/2015\/lufthansa_a380_vancouver.jpg\"><img decoding=\"async\" style=\"border: 0px none; margin: 5px;\" src=\"\/blog\/wp-content\/uploads\/2015\/lufthansa_a380_vancouver.jpg\" alt=\"\" \/><\/a><\/p>\n<p style=\"text-align: center;\"><em>Valitettavasti v\u00e4\u00e4r\u00e4 uutinen<\/em><\/p>\n<p style=\"text-align: justify;\">Tieto osoittautui kuitekin Lufthansan virheeksi ja se oikaistiin pian. Vancouverilaiset olivat pettyneit\u00e4, sill\u00e4 monia on kiinnostanut suuresti mahdollisuus p\u00e4\u00e4st\u00e4 lent\u00e4m\u00e4\u00e4n t\u00e4ll\u00e4 ilmojen j\u00e4ttil\u00e4isell\u00e4 (allekirjoittanut mukaanlukien). Vancouverin lentokentt\u00e4 YVR on kuitenkin keskisuuri kansainv\u00e4linen lentokentt\u00e4, jonne useat suuret lentoyhti\u00f6t lent\u00e4v\u00e4t jo nykyisin suurilla laajarunkokoneilla. Airbusin A330 ja A340 sek\u00e4 <em>Boeingin <\/em>747 jumbojetti, 777 tripla-seiska sek\u00e4 upouusi <a href=\"https:\/\/www.vuosiamaailmalla.fi\/?p=3924\"><em>787 Dreamliner<\/em><\/a> (t\u00e4st\u00e4 viikosta alkaen my\u00f6s aivan uusi 787-900 malli) ovat kent\u00e4ll\u00e4 jo tuttu n\u00e4ky, mutta A380:lla lennett\u00e4v\u00e4\u00e4 yhteytt\u00e4 ei ole ollut n\u00e4kyviss\u00e4.<\/p>\n<p style=\"text-align: justify;\">Syy miksi A380 on tuttu n\u00e4ky l\u00e4hinn\u00e4 vain maailman suurkentill\u00e4 on, ett\u00e4 koneen kapasitetti on yleens\u00e4 parhaassa k\u00e4yt\u00f6ss\u00e4 ruuhkaisilla suurkentill\u00e4, joille lentoyhti\u00f6iden on vaikea saada uusia laskeutumisvuoroja. Esimerkiksi Lontoon <em>Heathrow<\/em> on t\u00e4llainen kentt\u00e4, mink\u00e4 vuoksi siell\u00e4 sek\u00e4 esimerkiksi Frankfurtissa A380:si\u00e4 voikin bongata joka p\u00e4iv\u00e4. Toinen ongelman pienemmill\u00e4 kentill\u00e4 on, ett\u00e4 lentoyhti\u00f6iden A380 konfiguraatiot painottuvat yleens\u00e4 karjaluokan sijaan kalliimpiin bisnes- ja ykk\u00f6sluokan istuimiin, joiden t\u00e4ytt\u00e4minen on haastavaa ilman ett\u00e4 kaupunkien v\u00e4lill\u00e4 on paljon bisnesmatkustusta.<\/p>\n<p style=\"text-align: justify;\">T\u00e4m\u00e4n vuoksi paikalliset lentokonebongaajat olivatkin jo ehtineet luopua toivosta n\u00e4hd\u00e4 t\u00e4t\u00e4 isoa lintua Vancouverin kent\u00e4ll\u00e4 l\u00e4hitulevaisuudessa. Kuitenkin t\u00e4ll\u00e4 viikolla <em>British Airways<\/em> ilmoitti t\u00e4ysin puskista alkavansa lent\u00e4\u00e4 ensi vuoden toukokuusta Lontoosta Vancouveriin <a title=\"Lent\u00e4v\u00e4 j\u00e4ttil\u00e4inen\" href=\"https:\/\/www.vuosiamaailmalla.fi\/?p=8456\">uudella Airbus A380:ll\u00e4\u00e4n<\/a>! Yhteys tulee kuitenkin olemaan j\u00e4ttikoneen varassa vain kes\u00e4aikaan ja se palautuu j\u00e4lleen syksyll\u00e4 normaaliksi 747 jumbojetiksi. Ilmoitus on kuitenkin yll\u00e4tt\u00e4nyt monet harrastajat positiivisesti ja tuleekin olemaan kiintoisa n\u00e4hd\u00e4 t\u00e4m\u00e4 j\u00e4ttikone YVR:ll\u00e4. Harmi vain ett\u00e4 kyse on kes\u00e4yhteydest\u00e4, sill\u00e4 oma Suomen matkamme on j\u00e4lleen mit\u00e4 todenn\u00e4k\u00f6isimmin joulun aikoihin, joten onkin ep\u00e4todenn\u00e4k\u00f6ist\u00e4 ett\u00e4 p\u00e4\u00e4sisimme <a title=\"Odottamaton maailmanymp\u00e4rysmatka\" href=\"https:\/\/www.vuosiamaailmalla.fi\/?p=8305\">j\u00e4ttikoneen kyytiin<\/a>. \ud83d\ude41<\/p>\n<p style=\"text-align: center;\"><a href=\"\/blog\/wp-content\/uploads\/2015\/bristish_airways_a380.jpg\"><img decoding=\"async\" style=\"border: 0px none; margin: 5px;\" src=\"\/blog\/wp-content\/uploads\/2015\/bristish_airways_a380.jpg\" alt=\"\" \/><\/a><\/p>\n<p style=\"text-align: center;\"><em>Ensi kev\u00e4\u00e4n iso lintu<\/em><\/p>\n<p style=\"text-align: justify;\">Nyt kun A380 saapuu varmasti Vancouveriin, tulee seuraava j\u00e4nnityksen aihe olemaan josko Lufthansa alkaa pian lent\u00e4m\u00e4\u00e4n kaupunkiin uudella 747-8 jumbollaan? Ja mik\u00e4 lentoyhti\u00f6 tuleekaan olemaan ensimm\u00e4inen tuomaan Vancouveriin t\u00e4ysin uuden <em>Airbus A350<\/em> koneen, jolla <em>Finnair<\/em> alkaa lent\u00e4m\u00e4\u00e4n Aasiaan nyt syksyll\u00e4. Kyseess\u00e4 on varmasti upeasta koneesta, joka on amerikkalaisen Dreamlinerin eurooppalainen kilpailija. Huhujen mukaan ainakin yksi kiinalainen lentoyhti\u00f6 harkitsee Vancouverin olevan ensimm\u00e4inen A350 kohde, joten voi olla ett\u00e4 meill\u00e4kin n\u00e4hd\u00e4\u00e4n kyseinen kone hyvin pian. Ehk\u00e4 jopa ennen A380:st\u00e4! \ud83d\ude2e<\/p>\n","protected":false},"excerpt":{"rendered":"<p>Marraskuussa 2012 saksalainen lentoyhti\u00f6 Lufthansa kohahdutti vancouverilaisia yhti\u00f6n Facebookiin laittamalla mainoksella toukokuussa 2013 alkavista lennoista M\u00fcnchenist\u00e4 Vancouveriin. Kohahduksen syy ei kuitenkina ollut itse lentoyhteys, sill\u00e4 Lufthansa lent\u00e4\u00e4 Vancouveriin p\u00e4ivitt\u00e4in Frankfurtista sek\u00e4 useita kertoja viikossa M\u00fcnchenist\u00e4. Varsinainen syy kohahdukseen oli yll\u00e4tt\u00e4v\u00e4 tieto siit\u00e4, ett\u00e4 toukokuusta alkaen yhteys lennett\u00e4isiin Lufthansan upouudella Airbus A380 super-jumbojetill\u00e4! \ud83d\ude2f<\/p>\n","protected":false},"author":1,"featured_media":8499,"comment_status":"open","ping_status":"open","sticky":false,"template":"","format":"standard","meta":{"_jetpack_memberships_contains_paid_content":false,"footnotes":""},"categories":[17,3],"tags":[921,922,25,828,920,935,939,781],"class_list":["post-6957","post","type-post","status-publish","format-standard","has-post-thumbnail","hentry","category-arki-kanadassa","category-arki-ulkomailla","tag-airbus","tag-airbus-a380","tag-ajankohtaista","tag-boeing","tag-british-airways","tag-kanada","tag-vancouver","tag-yvr"],"jetpack_featured_media_url":"https:\/\/www.vuosiamaailmalla.fi\/blog\/wp-content\/uploads\/bristish_airways_a380_banner.jpg","jetpack_sharing_enabled":true,"_links":{"self":[{"href":"https:\/\/www.vuosiamaailmalla.fi\/blog\/wp-json\/wp\/v2\/posts\/6957","targetHints":{"allow":["GET"]}}],"collection":[{"href":"https:\/\/www.vuosiamaailmalla.fi\/blog\/wp-json\/wp\/v2\/posts"}],"about":[{"href":"https:\/\/www.vuosiamaailmalla.fi\/blog\/wp-json\/wp\/v2\/types\/post"}],"author":[{"embeddable":true,"href":"https:\/\/www.vuosiamaailmalla.fi\/blog\/wp-json\/wp\/v2\/users\/1"}],"replies":[{"embeddable":true,"href":"https:\/\/www.vuosiamaailmalla.fi\/blog\/wp-json\/wp\/v2\/comments?post=6957"}],"version-history":[{"count":0,"href":"https:\/\/www.vuosiamaailmalla.fi\/blog\/wp-json\/wp\/v2\/posts\/6957\/revisions"}],"wp:featuredmedia":[{"embeddable":true,"href":"https:\/\/www.vuosiamaailmalla.fi\/blog\/wp-json\/wp\/v2\/media\/8499"}],"wp:attachment":[{"href":"https:\/\/www.vuosiamaailmalla.fi\/blog\/wp-json\/wp\/v2\/media?parent=6957"}],"wp:term":[{"taxonomy":"category","embeddable":true,"href":"https:\/\/www.vuosiamaailmalla.fi\/blog\/wp-json\/wp\/v2\/categories?post=6957"},{"taxonomy":"post_tag","embeddable":true,"href":"https:\/\/www.vuosiamaailmalla.fi\/blog\/wp-json\/wp\/v2\/tags?post=6957"}],"curies":[{"name":"wp","href":"https:\/\/api.w.org\/{rel}","templated":true}]}}