{"id":6966,"date":"2013-03-08T22:11:10","date_gmt":"2013-03-09T06:11:10","guid":{"rendered":"http:\/\/13.53.127.146\/?p=6966"},"modified":"2021-01-21T20:13:46","modified_gmt":"2021-01-22T04:13:46","slug":"washington-pimean-jalkeen","status":"publish","type":"post","link":"https:\/\/www.vuosiamaailmalla.fi\/blog\/2013\/washington-pimean-jalkeen\/","title":{"rendered":"Washington pime\u00e4n j\u00e4lkeen"},"content":{"rendered":"<p style=\"text-align: justify;\">Niinan saavuttua t\u00e4ll\u00e4 viikolla Washingtoniin <a href=\"https:\/\/www.vuosiamaailmalla.fi\/?p=1721\">omalle ty\u00f6matkalleen<\/a>, tarjoutui minulle mahdollisuus viett\u00e4\u00e4 h\u00e4nen kanssaan muutama p\u00e4iv\u00e4 p\u00e4\u00e4kaupungissa ennen omaa kotiinpaluutani loppuviikosta. Koska Niinan hotelli sijaitsi aivan ydinkeskustassa, p\u00e4\u00e4tin muuttaa sinne viimeisen viikon ajaksi hieman syrj\u00e4isest\u00e4 <a href=\"https:\/\/www.vuosiamaailmalla.fi\/?p=1615\">Pentagon Cityn<\/a> alueelta. Sijainti keskustassa mahdollisti meid\u00e4n my\u00f6s l\u00e4hte\u00e4 katsomaan Washingtonia aivan uudella tavalla eli pime\u00e4n j\u00e4lkeen.<\/p>\n<p><!--more--><\/p>\n<p style=\"text-align: justify;\">K\u00e4velimme hotellilta ensiksi kohti <em>Pennsylvania Avenueta<\/em>, jonka varrella sijaitsee lukuisia yleellisi\u00e4 hotelleja <a href=\"https:\/\/www.vuosiamaailmalla.fi\/?p=1717\">historiallisissa rakennuksissa<\/a>. Ilahduttavan moni rakennuksista oli valaistu ainakin jollain tapaa, tehden h\u00e4m\u00e4rtyv\u00e4st\u00e4 katukuvasta arvokkaan n\u00e4k\u00f6isen ihmisten tehdess\u00e4 viel\u00e4 matkaansa kotia kohti.<\/p>\n<p style=\"text-align: center;\"><a href=\"\/blog\/wp-content\/uploads\/2013\/pennsylvania_avenue_illalla2.jpg\"><img decoding=\"async\" style=\"border: 0px none; margin: 5px;\" src=\"\/blog\/wp-content\/uploads\/2013\/thumbs\/thumbs_pennsylvania_avenue_illalla2.jpg\" alt=\"\" \/><\/a><a href=\"\/blog\/wp-content\/uploads\/2013\/pennsylvania_avenue_illalla4.jpg\"><img decoding=\"async\" style=\"border: 0px none; margin: 5px;\" src=\"\/blog\/wp-content\/uploads\/2013\/thumbs\/thumbs_pennsylvania_avenue_illalla4.jpg\" alt=\"\" \/><\/a><a href=\"\/blog\/wp-content\/uploads\/2013\/pennsylvania_avenue_illalla1.jpg\"><img decoding=\"async\" style=\"border: 0px none; margin: 5px;\" src=\"\/blog\/wp-content\/uploads\/2013\/thumbs\/thumbs_pennsylvania_avenue_illalla1.jpg\" alt=\"\" \/><\/a><br \/>\n<a href=\"\/blog\/wp-content\/uploads\/2013\/pennsylvania_avenue_illalla6.jpg\"><img decoding=\"async\" style=\"border: 0px none; margin: 5px;\" src=\"\/blog\/wp-content\/uploads\/2013\/thumbs\/thumbs_pennsylvania_avenue_illalla6.jpg\" alt=\"\" \/><\/a><a href=\"\/blog\/wp-content\/uploads\/2013\/pennsylvania_avenue_illalla5.jpg\"><img decoding=\"async\" style=\"border: 0px none; margin: 5px;\" src=\"\/blog\/wp-content\/uploads\/2013\/thumbs\/thumbs_pennsylvania_avenue_illalla5.jpg\" alt=\"\" \/><\/a><a href=\"\/blog\/wp-content\/uploads\/2013\/pennsylvania_avenue_illalla3.jpg\"><img decoding=\"async\" style=\"border: 0px none; margin: 5px;\" src=\"\/blog\/wp-content\/uploads\/2013\/thumbs\/thumbs_pennsylvania_avenue_illalla3.jpg\" alt=\"\" \/><\/a><\/p>\n<p style=\"text-align: center;\"><em>Historiallisia rakennuksia keskustassa<\/em><\/p>\n<p style=\"text-align: center;\"><a href=\"\/blog\/wp-content\/uploads\/2013\/vanha_postitalo_pimealla.jpg\"><img decoding=\"async\" style=\"border: 0px none; margin: 5px;\" src=\"\/blog\/wp-content\/uploads\/2013\/vanha_postitalo_pimealla.jpg\" alt=\"\" \/><\/a><\/p>\n<p style=\"text-align: center;\"><em>Vanha postitalo iltasella<\/em><\/p>\n<p style=\"text-align: justify;\">Kadulle p\u00e4\u00e4sty\u00e4mme jatkoimme kohti Yhdysvaltain kongressin rakennusta <a href=\"https:\/\/www.vuosiamaailmalla.fi\/?p=2148\"><em>United States Capitolia<\/em><\/a>. Rakennuksen kuuluisa suuri alkoinen kupoli on valaistu n\u00e4ytt\u00e4v\u00e4sti pime\u00e4ll\u00e4 ja n\u00e4kyi pitk\u00e4lle ymp\u00e4rist\u00f6\u00f6n. N\u00e4kym\u00e4t Pennsylvania Avenueta sek\u00e4 <em>National Mallia<\/em> pitkin olivat molemmat hienot, n\u00e4ytt\u00e4en t\u00e4m\u00e4n suuren rakennuksen aivan uudesta vinkkelist\u00e4. Harmillisesti kuitenkin alueella sijaitsevia <em>Smithsonianin<\/em> <a href=\"https:\/\/www.vuosiamaailmalla.fi\/?p=6045\">lukuisia<\/a> <a href=\"https:\/\/www.vuosiamaailmalla.fi\/?p=5973\">museoita<\/a> ei ole valaistu juuri mitenk\u00e4\u00e4n ja jopa hieno <em>The Castle<\/em> nimell\u00e4 tunnettu historiallinen p\u00e4\u00e4rakennus on t\u00e4ysin pime\u00e4 y\u00f6aikaan. Liek\u00f6 kyse s\u00e4hk\u00f6n s\u00e4\u00e4st\u00e4misest\u00e4, sill\u00e4 Washingtonin l\u00e4hinn\u00e4 toimistoista ja hallintorakennuksista koostuvassa ydinkeskustassa ei ole pime\u00e4n tultua hirve\u00e4sti kulkijoita valoja n\u00e4kem\u00e4ss\u00e4, mutta valaisemattomuus oli meist\u00e4 silti hieman harmillista, p\u00e4\u00e4kaupungissa kun kuitenkin ollaan.<\/p>\n<p style=\"text-align: center;\"><a href=\"\/blog\/wp-content\/uploads\/2013\/pennsylvania_avenue_illalla7.jpg\"><img decoding=\"async\" style=\"border: 0px none; margin: 5px;\" src=\"\/blog\/wp-content\/uploads\/2013\/pennsylvania_avenue_illalla7.jpg\" alt=\"\" \/><\/a><\/p>\n<p style=\"text-align: center;\"><em>N\u00e4kym\u00e4 Pennsylvania Avenueta pitkin<\/em><\/p>\n<p style=\"text-align: center;\"><a href=\"\/blog\/wp-content\/uploads\/2013\/capitolin_kupoli_pimealla2.jpg\"><img decoding=\"async\" style=\"border: 0px none; margin: 5px;\" src=\"\/blog\/wp-content\/uploads\/2013\/thumbs\/thumbs_capitolin_kupoli_pimealla2.jpg\" alt=\"\" \/><\/a><a href=\"\/blog\/wp-content\/uploads\/2013\/capitolin_kupoli_pimealla3.jpg\"><img decoding=\"async\" style=\"border: 0px none; margin: 5px;\" src=\"\/blog\/wp-content\/uploads\/2013\/thumbs\/thumbs_capitolin_kupoli_pimealla3.jpg\" alt=\"\" \/><\/a><a href=\"\/blog\/wp-content\/uploads\/2013\/capitolin_kupoli_pimealla1.jpg\"><img decoding=\"async\" style=\"border: 0px none; margin: 5px;\" src=\"\/blog\/wp-content\/uploads\/2013\/thumbs\/thumbs_capitolin_kupoli_pimealla1.jpg\" alt=\"\" \/><\/a><\/p>\n<p style=\"text-align: center;\"><em>United States Capitolin suuri kupoli<\/em><\/p>\n<p style=\"text-align: center;\"><a href=\"\/blog\/wp-content\/uploads\/2013\/smithsonia_pimealla.jpg\"><img decoding=\"async\" style=\"border: 0px none; margin: 5px;\" src=\"\/blog\/wp-content\/uploads\/2013\/smithsonia_pimealla.jpg\" alt=\"\" \/><\/a><\/p>\n<p style=\"text-align: center;\"><em>Valaisematon The Castle<\/em><\/p>\n<p style=\"text-align: justify;\">Kaupungin selke\u00e4 maamerkki <em>Washington Monument<\/em> on sent\u00e4\u00e4n kirkkaasti valaistu ja loistaa valkeana pimentyv\u00e4ss\u00e4 illassa. My\u00f6s puiston toisessa p\u00e4\u00e4ss\u00e4 sijaitseva <a href=\"https:\/\/www.vuosiamaailmalla.fi\/?p=1670\"><em>Lincoln Memorial<\/em><\/a> on valaistu kirkkaasti, joskin matka sinne on hieman j\u00e4nnitt\u00e4v\u00e4 melkein pilkkopime\u00e4n puiston halki. <a href=\"https:\/\/www.vuosiamaailmalla.fi\/?p=1697\">Abraham Lincoln<\/a> kuitenkin istuu y\u00f6ll\u00e4kin marmorisella istuimellaan muistomerkkins\u00e4 sis\u00e4puolella ja paikalla olikin lukuisia turisteja valokuvaamassa monumenttia.<\/p>\n<p style=\"text-align: center;\"><a href=\"\/blog\/wp-content\/uploads\/2013\/washington_monument_pimealla2.jpg\"><img decoding=\"async\" style=\"border: 0px none; margin: 5px;\" src=\"\/blog\/wp-content\/uploads\/2013\/thumbs\/thumbs_washington_monument_pimealla2.jpg\" alt=\"\" \/><\/a><a href=\"\/blog\/wp-content\/uploads\/2013\/washington_monument_pimealla3.jpg\"><img decoding=\"async\" style=\"border: 0px none; margin: 5px;\" src=\"\/blog\/wp-content\/uploads\/2013\/thumbs\/thumbs_washington_monument_pimealla3.jpg\" alt=\"\" \/><\/a><\/p>\n<p style=\"text-align: center;\"><em>Washington Monument illan h\u00e4m\u00e4rt\u00e4ess\u00e4<\/em><\/p>\n<p style=\"text-align: center;\"><a href=\"\/blog\/wp-content\/uploads\/2013\/washington_monument_pimealla1.jpg\"><img decoding=\"async\" style=\"border: 0px none; margin: 5px;\" src=\"\/blog\/wp-content\/uploads\/2013\/thumbs\/thumbs_washington_monument_pimealla1.jpg\" alt=\"\" \/><\/a><\/p>\n<p style=\"text-align: center;\"><em>N\u00e4kym\u00e4 Lincoln Memorialilta<\/em><\/p>\n<p style=\"text-align: center;\"><a href=\"\/blog\/wp-content\/uploads\/2013\/lincoln_monument_pimealla2.jpg\"><img decoding=\"async\" style=\"border: 0px none; margin: 5px;\" src=\"\/blog\/wp-content\/uploads\/2013\/thumbs\/thumbs_lincoln_monument_pimealla2.jpg\" alt=\"\" \/><\/a><a href=\"\/blog\/wp-content\/uploads\/2013\/lincoln_monument_pimealla3.jpg\"><img decoding=\"async\" style=\"border: 0px none; margin: 5px;\" src=\"\/blog\/wp-content\/uploads\/2013\/thumbs\/thumbs_lincoln_monument_pimealla3.jpg\" alt=\"\" \/><\/a><a href=\"\/blog\/wp-content\/uploads\/2013\/lincoln_monument_pimealla1.jpg\"><img decoding=\"async\" style=\"border: 0px none; margin: 5px;\" src=\"\/blog\/wp-content\/uploads\/2013\/thumbs\/thumbs_lincoln_monument_pimealla1.jpg\" alt=\"\" \/><\/a><\/p>\n<p style=\"text-align: center;\"><em>Lincoln Memorial keskell\u00e4 pimeytt\u00e4<\/em><\/p>\n<p style=\"text-align: center;\"><a href=\"\/blog\/wp-content\/uploads\/2013\/lincoln_monument_pimealla4.jpg\"><img decoding=\"async\" style=\"border: 0px none; margin: 5px;\" src=\"\/blog\/wp-content\/uploads\/2013\/thumbs\/thumbs_lincoln_monument_pimealla4.jpg\" alt=\"\" \/><\/a><a href=\"\/blog\/wp-content\/uploads\/2013\/lincoln_monument_pimealla5.jpg\"><img decoding=\"async\" style=\"border: 0px none; margin: 5px;\" src=\"\/blog\/wp-content\/uploads\/2013\/thumbs\/thumbs_lincoln_monument_pimealla5.jpg\" alt=\"\" \/><\/a><a href=\"\/blog\/wp-content\/uploads\/2013\/lincoln_monument_pimealla6.jpg\"><img decoding=\"async\" style=\"border: 0px none; margin: 5px;\" src=\"\/blog\/wp-content\/uploads\/2013\/thumbs\/thumbs_lincoln_monument_pimealla6.jpg\" alt=\"\" \/><\/a><\/p>\n<p style=\"text-align: center;\"><em>Lincoln rauhallisena istuimellaan<\/em><\/p>\n<p style=\"text-align: justify;\">Illan kierroksemme viimeinen pys\u00e4hdys oli tietenkin <a href=\"https:\/\/www.vuosiamaailmalla.fi\/?p=6703\">Valkoisella talolla<\/a>, joka on valaistu ilta-aikaan kirkkaasti ja loistaa pimeyden keskell\u00e4 valkeana. Alueella on y\u00f6ll\u00e4kin runsaasti vartijoita, jotka p\u00e4ivyst\u00e4v\u00e4t Yhdysvaltain presidentin virka-asunnon turvallisuuden puolesta l\u00e4pi vuorokauden. Tunnelma on kuitenkin leppoisa, eiv\u00e4tk\u00e4 vartijat sanoneet mit\u00e4\u00e4n <a href=\"https:\/\/www.vuosiamaailmalla.fi\/?p=4345\">jalustalla<\/a> valokuvia s\u00e4\u00e4t\u00e4ess\u00e4. Valkoisen talon vieress\u00e4 sijaitseva <em>Eisenhower Executive Office Building<\/em> on my\u00f6s valaistu ja klassisen tyylik\u00e4s.<\/p>\n<p style=\"text-align: center;\"><a href=\"\/blog\/wp-content\/uploads\/2013\/eisenhower_executive_building_pimealla2.jpg\"><img decoding=\"async\" style=\"border: 0px none; margin: 5px;\" src=\"\/blog\/wp-content\/uploads\/2013\/thumbs\/thumbs_eisenhower_executive_building_pimealla2.jpg\" alt=\"\" \/><\/a><a href=\"\/blog\/wp-content\/uploads\/2013\/eisenhower_executive_building_pimealla3.jpg\"><img decoding=\"async\" style=\"border: 0px none; margin: 5px;\" src=\"\/blog\/wp-content\/uploads\/2013\/thumbs\/thumbs_eisenhower_executive_building_pimealla3.jpg\" alt=\"\" \/><\/a><a href=\"\/blog\/wp-content\/uploads\/2013\/eisenhower_executive_building_pimealla1.jpg\"><img decoding=\"async\" style=\"border: 0px none; margin: 5px;\" src=\"\/blog\/wp-content\/uploads\/2013\/thumbs\/thumbs_eisenhower_executive_building_pimealla1.jpg\" alt=\"\" \/><\/a><\/p>\n<p style=\"text-align: center;\"><em>Klassisen tyylik\u00e4s naapurirakennus<\/em><\/p>\n<p style=\"text-align: center;\"><a href=\"\/blog\/wp-content\/uploads\/2013\/valkoinen_talo_pimealla1.jpg\"><img decoding=\"async\" style=\"border: 0px none; margin: 5px;\" src=\"\/blog\/wp-content\/uploads\/2013\/thumbs\/thumbs_valkoinen_talo_pimealla1.jpg\" alt=\"\" \/><\/a><a href=\"\/blog\/wp-content\/uploads\/2013\/valkoinen_talo_pimealla3.jpg\"><img decoding=\"async\" style=\"border: 0px none; margin: 5px;\" src=\"\/blog\/wp-content\/uploads\/2013\/thumbs\/thumbs_valkoinen_talo_pimealla3.jpg\" alt=\"\" \/><\/a><a href=\"\/blog\/wp-content\/uploads\/2013\/valkoinen_talo_pimealla2.jpg\"><img decoding=\"async\" style=\"border: 0px none; margin: 5px;\" src=\"\/blog\/wp-content\/uploads\/2013\/thumbs\/thumbs_valkoinen_talo_pimealla2.jpg\" alt=\"\" \/><\/a><\/p>\n<p style=\"text-align: center;\"><em>Valkoinen talo valaistuna<\/em><\/p>\n<p style=\"text-align: center;\"><a href=\"\/blog\/wp-content\/uploads\/2013\/ratsastajapatsas_pimealla.jpg\"><img decoding=\"async\" style=\"border: 0px none; margin: 5px;\" src=\"\/blog\/wp-content\/uploads\/2013\/ratsastajapatsas_pimealla.jpg\" alt=\"\" \/><\/a><\/p>\n<p style=\"text-align: center;\"><em>Patsas Valkoisen talon l\u00e4hist\u00f6ll\u00e4<\/em><\/p>\n<p style=\"text-align: justify;\">Parituntinen kierroksemme esitteli meille p\u00e4\u00e4kaupungin n\u00e4ht\u00e4vyyden hieman eri valossa ja oli mukava p\u00e4\u00e4t\u00f6s <a href=\"https:\/\/www.vuosiamaailmalla.fi\/?p=1609\">pitk\u00e4lle Washingtonin ty\u00f6matkalleni<\/a>. Seuraavana aamuna min\u00e4 suuntasinkin tiimil\u00e4isteni kanssa takaisin kohti Vancouveria, jonne Niina palasi viikkoa my\u00f6hemmin. Matka oli takana ja edess\u00e4 uusien t\u00f6iden aloitus nyt koulutuksen j\u00e4lkeen Vancouverissa. T\u00e4m\u00e4 viesti onkin viimeinen osa <a href=\"https:\/\/www.vuosiamaailmalla.fi\/?tag=matkakertomus-washington\">Washingtonin matkakertomukseeni<\/a>, joka on nyt kokonaan selattavissa t\u00e4\u00e4ll\u00e4 blogissani.<\/p>\n","protected":false},"excerpt":{"rendered":"<p>Niinan saavuttua t\u00e4ll\u00e4 viikolla Washingtoniin omalle ty\u00f6matkalleen, tarjoutui minulle mahdollisuus viett\u00e4\u00e4 h\u00e4nen kanssaan muutama p\u00e4iv\u00e4 p\u00e4\u00e4kaupungissa ennen omaa kotiinpaluutani loppuviikosta. Koska Niinan hotelli sijaitsi aivan ydinkeskustassa, p\u00e4\u00e4tin muuttaa sinne viimeisen viikon ajaksi hieman syrj\u00e4isest\u00e4 Pentagon Cityn alueelta. Sijainti keskustassa mahdollisti meid\u00e4n my\u00f6s l\u00e4hte\u00e4 katsomaan Washingtonia aivan uudella tavalla eli pime\u00e4n j\u00e4lkeen.<\/p>\n","protected":false},"author":1,"featured_media":11406,"comment_status":"open","ping_status":"open","sticky":false,"template":"","format":"standard","meta":{"_jetpack_memberships_contains_paid_content":false,"footnotes":""},"categories":[7,890],"tags":[471,457,462,460,395,461,11],"class_list":["post-6966","post","type-post","status-publish","format-standard","has-post-thumbnail","hentry","category-matkakertomukset","category-yhdysvallat","tag-lincoln-memorial","tag-matkakertomus-washington","tag-united-states-capitol","tag-valkoinen-talo","tag-washington","tag-washington-monument","tag-matkakertomukset-yhdysvallat"],"jetpack_featured_media_url":"https:\/\/www.vuosiamaailmalla.fi\/blog\/wp-content\/uploads\/washington_monument_pimealla_banner-1.jpg","jetpack_sharing_enabled":true,"_links":{"self":[{"href":"https:\/\/www.vuosiamaailmalla.fi\/blog\/wp-json\/wp\/v2\/posts\/6966","targetHints":{"allow":["GET"]}}],"collection":[{"href":"https:\/\/www.vuosiamaailmalla.fi\/blog\/wp-json\/wp\/v2\/posts"}],"about":[{"href":"https:\/\/www.vuosiamaailmalla.fi\/blog\/wp-json\/wp\/v2\/types\/post"}],"author":[{"embeddable":true,"href":"https:\/\/www.vuosiamaailmalla.fi\/blog\/wp-json\/wp\/v2\/users\/1"}],"replies":[{"embeddable":true,"href":"https:\/\/www.vuosiamaailmalla.fi\/blog\/wp-json\/wp\/v2\/comments?post=6966"}],"version-history":[{"count":2,"href":"https:\/\/www.vuosiamaailmalla.fi\/blog\/wp-json\/wp\/v2\/posts\/6966\/revisions"}],"predecessor-version":[{"id":11408,"href":"https:\/\/www.vuosiamaailmalla.fi\/blog\/wp-json\/wp\/v2\/posts\/6966\/revisions\/11408"}],"wp:featuredmedia":[{"embeddable":true,"href":"https:\/\/www.vuosiamaailmalla.fi\/blog\/wp-json\/wp\/v2\/media\/11406"}],"wp:attachment":[{"href":"https:\/\/www.vuosiamaailmalla.fi\/blog\/wp-json\/wp\/v2\/media?parent=6966"}],"wp:term":[{"taxonomy":"category","embeddable":true,"href":"https:\/\/www.vuosiamaailmalla.fi\/blog\/wp-json\/wp\/v2\/categories?post=6966"},{"taxonomy":"post_tag","embeddable":true,"href":"https:\/\/www.vuosiamaailmalla.fi\/blog\/wp-json\/wp\/v2\/tags?post=6966"}],"curies":[{"name":"wp","href":"https:\/\/api.w.org\/{rel}","templated":true}]}}