{"id":6989,"date":"2015-08-11T11:00:48","date_gmt":"2015-08-11T18:00:48","guid":{"rendered":"http:\/\/13.53.127.146\/?p=6989"},"modified":"2025-03-17T23:30:36","modified_gmt":"2025-03-18T06:30:36","slug":"kilpajuoksu-parlamenttivaaleihin-alkoi","status":"publish","type":"post","link":"https:\/\/www.vuosiamaailmalla.fi\/blog\/2015\/kilpajuoksu-parlamenttivaaleihin-alkoi\/","title":{"rendered":"Kilpajuoksu parlamenttivaaleihin alkoi"},"content":{"rendered":"<p style=\"text-align: justify;\">Kanadassa elet\u00e4\u00e4n vaalivuotta ja lokakuun 19. p\u00e4iv\u00e4 kanadalaiset \u00e4\u00e4nest\u00e4v\u00e4t maalleen <a href=\"https:\/\/www.vuosiamaailmalla.fi\/?p=7290\">uuden parlamentin<\/a>. Kanadalainen j\u00e4rjestelm\u00e4 on sangen omanlaisensa, pienell\u00e4 <a title=\"Kanada sulattelee USA:n vaalitulosta\" href=\"https:\/\/www.vuosiamaailmalla.fi\/?p=8606\">amerikkalaisella vivahteella<\/a>. Se ei kuitenkaan ole amerikkalainen (k\u00e4yt\u00e4nn\u00f6ss\u00e4) kaksipuoluej\u00e4rjestelm\u00e4, vaan ennemminkin kolmipuoluej\u00e4rjestelm\u00e4. Kanadan konservatiivipuolue (t\u00e4m\u00e4n hetkinen hallituspuolue), Kanadan liberaalipuolue sek\u00e4 Uusi demokraattinen puolue NDP jakavat kesken\u00e4\u00e4n 98% Ottawan 338 parlamenttipaikasta, Vihre\u00e4n puolueen sek\u00e4 Quebecil\u00e4isen separatistipuolueen hallitessa vain viitt\u00e4 paikkaa.<\/p>\n<p><!--more--><\/p>\n<p style=\"text-align: center;\"><a href=\"\/blog\/wp-content\/uploads\/2015\/vaalit_2015.jpg\"><img decoding=\"async\" style=\"border: 0px none; margin: 5px;\" src=\"\/blog\/wp-content\/uploads\/2015\/vaalit_2015.jpg\" alt=\"\" \/><\/a><\/p>\n<p style=\"text-align: justify;\">Varsinainen vaalikamppailu alkoi virallisesti viime viikon maanantaina, kun konservatiivinen p\u00e4\u00e4ministeri Stephen Harper k\u00e4ynnisti vaalikampanjan. Kiintoisana erikoisuutena vaalikampanjan aloitusp\u00e4iv\u00e4 ei ole ennalta sovittu, vaan p\u00e4\u00e4ministeri p\u00e4\u00e4tt\u00e4\u00e4 milloin kampanja alkaa. T\u00e4m\u00e4 voi halutessaan k\u00e4ynnist\u00e4\u00e4 kampanjan ennenaikaisesti, mink\u00e4 Harper tekikin k\u00e4ynnist\u00e4ess\u00e4\u00e4n per\u00e4ti 10-viikkoisen maratoonikampanjan normaalin 5-6 viikkoisen sijaan. Poikkeuksellisen vedon syyt\u00e4 on arvuuteltu ja se on spekuloitu olevan suuryritysten tukeman paksukassaisen konservatiivipuolueen yritys ajaa ahtaalle v\u00e4hemm\u00e4n rahaa omaavien muiden puolueiden mahdollisuudet mediakent\u00e4n hallitsemiseksi.<\/p>\n<p style=\"text-align: justify;\"><a href=\"https:\/\/www.vuosiamaailmalla.fi\/?p=5348\">Kanadalainen mediakentt\u00e4<\/a> on sangen erilainen kuin Euroopassa ja valitettavasti t\u00e4\u00e4ll\u00e4 amerikkalaistyyliset negatiiviset mainokset hallitsevat vaalikampanjoita. Konservatiivit ovat py\u00f6ritt\u00e4neet paikallisilla televisio- ja radiokanavilla jo kuukausien ajan liberaalipuolue <a href=\"https:\/\/www.youtube.com\/watch?v=c86-9HitWg0\">Justin Trudeaun vastaista kampanjaa<\/a>, jolla on yritetty luoda ep\u00e4illyst\u00e4 t\u00e4m\u00e4n kyvykkyydest\u00e4 johtaa maata. V\u00e4h\u00e4tteleviss\u00e4 ja herjaavissa mainoksissa on esiintynyt paljon ep\u00e4m\u00e4\u00e4r\u00e4isest\u00e4 kontekstista poimittuja lainauksia ja keskitytty <a title=\"Kanadan Fidel Castro\" href=\"https:\/\/www.vuosiamaailmalla.fi\/blog\/2024\/kanadan-fidel-castro\/\">Trudeaun<\/a> habitukselle (kuten hiustyylille) naureskelulle. Valitettavasti my\u00f6s muiden puolueiden vaalimainokset ovat keskittyneet l\u00e4hinn\u00e4 esittelem\u00e4\u00e4n vallassa olevan <a href=\"https:\/\/www.youtube.com\/watch?v=CmmSV1jtK3s\">konservatiivipuolueen petettyj\u00e4 lupauksia<\/a> omien agendojen esittelyn sijaan, mutta tyyli on silti huomattavasti v\u00e4hemm\u00e4n hy\u00f6kk\u00e4\u00e4v\u00e4 kuin valta-asemansa menetyksest\u00e4 suuresti huolestuneen konservatiivipuolueen.<\/p>\n<p style=\"text-align: center;\"><iframe loading=\"lazy\" src=\"https:\/\/www.youtube-nocookie.com\/embed\/l6iuTCsvUus?list=PL0f074h-CFoyCiGhHGif6WV0hoOvowjaC\" width=\"640\" height=\"360\" frameborder=\"0\" allowfullscreen=\"allowfullscreen\"><\/iframe><\/p>\n<p style=\"text-align: center;\"><em>Kanadalaisia vaalimainoksia<\/em><\/p>\n<p style=\"text-align: justify;\">Kanadalaisiin vaalikampanjoihin kuuluvat tietysti my\u00f6s vaaliv\u00e4ittelyt, mutta kiintoisasti puoluejohtajat voivat valita osallistuvatko he niihin ollenkaan. Aluksi n\u00e4yttikin silt\u00e4 ett\u00e4 p\u00e4\u00e4ministeri Stephen Harper j\u00e4tt\u00e4isi osallistumatta niihin ollenkaan yskiv\u00e4n talouden luoman h\u00e4nelle hankalan poliittisen tilanteen vuoksi. Tilanne kuitenkin muuttui ja viime viikon torstaina televisioitiin kanadalaisen aikakauslehti <em>MacLean&#8217;sin<\/em> johtama ensimm\u00e4inen vaaliv\u00e4ittely.<\/p>\n<p style=\"text-align: center;\"><a href=\"\/blog\/wp-content\/uploads\/2015\/macleans.jpg\"><img decoding=\"async\" style=\"border: 0px none; margin: 5px;\" src=\"\/blog\/wp-content\/uploads\/2015\/macleans.jpg\" alt=\"\" \/><\/a><\/p>\n<p style=\"text-align: justify;\"><a href=\"https:\/\/www.youtube.com\/watch?v=hSf2__qpeGA\">Kaksituntinen v\u00e4ittely<\/a> oli kiintoisa katsottava ja poliittinen keskustelu oli rauhallista ja \u00e4\u00e4rimm\u00e4isen <a href=\"https:\/\/www.youtube.com\/watch?v=WADmLW5TNAI\">rasittavaa p\u00e4\u00e4lle puhumista<\/a> esiintyi eritt\u00e4in v\u00e4h\u00e4n. Aiheet olivat oikeasti merkityksellisi\u00e4 ja pakottivat puoluejohtajat selvent\u00e4m\u00e4\u00e4n kantojaan. Keskustelussa oikeista asioista on suuri ero amerikkalaiseen vaaliv\u00e4ittelyyn verrattuna, jossa kohut ja viihdearvot viev\u00e4t p\u00e4\u00e4llimm\u00e4isen huomion. Alapuoleinen loistava video esittelee hyvin eron viime torstain Kanadan vaaliv\u00e4ittelyn ja samaan aikaan roskakanava <em>Fox Newsill\u00e4<\/em> esitetyn Yhdysvaltojen republikaanipuolueen puoluekokouksen v\u00e4lill\u00e4. Samaan aikaan kun Kanadassa nelj\u00e4 puoluejohtajaa v\u00e4itteliv\u00e4t rauhallisesti todellisista asioista, Amerikan puolella per\u00e4ti kymmenen republikaanikandidaatin rivist\u00f6 yritti heitt\u00e4\u00e4 yksitt\u00e4isi\u00e4 kommentteja 20 000:nen vahvuisen urheilustadion yleis\u00f6n ulvoessa ymp\u00e4rill\u00e4. Show koko n\u00e4ytt\u00e4\u00e4kin p\u00e4\u00e4llimm\u00e4iselt\u00e4 amerikkalaisessa versiossa.<\/p>\n<p style=\"text-align: justify;\">Amerikkalainen vaaliv\u00e4ittely on <a href=\"https:\/\/www.vuosiamaailmalla.fi\/?p=1137\">viihdepohjaista<\/a> asia-aiheiden j\u00e4\u00e4dess\u00e4 taka-alalle ja t\u00e4t\u00e4 vasten kanadalaista asiapitoista keskustelua oli ilahduttava seurata. Kuka sitten voitti ensimm\u00e4isen v\u00e4ittelyn? Mielipiteet jakautuvat, mutta <a title=\"Justin Trudeaun valtakauden p\u00e4\u00e4t\u00f6s\" href=\"https:\/\/www.vuosiamaailmalla.fi\/blog\/2025\/justin-trudeaun-valtakauden-paatos\/\">Justin Trudean<\/a> on arveltu p\u00e4rj\u00e4nneen hieman p\u00e4\u00e4ministeri Harperia sek\u00e4 NDP:n Thomas Mulcairia paremmin. Vihre\u00e4n puolueen johtaja Elizabeth Mayn arvellaan suoriutuneen my\u00f6s eritt\u00e4in hyvin, huolimatta puolueen k\u00e4yt\u00e4nn\u00f6ss\u00e4 statistin asemasta koko vaalitaistelussa.<\/p>\n<p style=\"text-align: center;\"><a href=\"\/blog\/wp-content\/uploads\/2015\/kanadan_puoluejohtajat.jpg\"><img decoding=\"async\" style=\"border: 0px none; margin: 5px;\" src=\"\/blog\/wp-content\/uploads\/2015\/kanadan_puoluejohtajat.jpg\" alt=\"\" \/><\/a><\/p>\n<p style=\"text-align: center;\"><em>Puoluejohtajat Harper, May, Trudeau ja Mulcair<\/em><\/p>\n<p style=\"text-align: justify;\">Onkin kiintoisaa n\u00e4hd\u00e4 miten vaalikamppailu t\u00e4st\u00e4 jatkuu ja pystyv\u00e4tk\u00f6 oppositiopuolueet jatkamaan konservatiivipuolueen haastamista. Toivoa sopii, sill\u00e4 monien ihmisten mielest\u00e4 Kanadaa kymmenen vuotta hallinneet konservatiivit ovat siirt\u00e4neet Kanadaa poliittisesti amerikkalaiseen suuntaan niin ymp\u00e4rist\u00f6asioissa, kansalaisten yksityisyydess\u00e4 kuin ulkopolitiikassakin, mik\u00e4 on monen mielest\u00e4 v\u00e4\u00e4r\u00e4 suunta maalle. T\u00e4ss\u00e4 valossa vaaleissa saattaakin olla kyse Kanadan tulevaisuuden suunnasta, jossa konservatiivit toivovat voivansa jatkaa nykyisell\u00e4 linjallaan kun liberaalit painaisivat hieman jarrua monessa asiassa ja NDP haluaisi muuttaa suuntaa monissa aiheissa kokonaan. Lokakuun 19. p\u00e4iv\u00e4 tied\u00e4mme mill\u00e4 puolueilla raha riitti koko kampanhan ajan ja <a href=\"https:\/\/www.vuosiamaailmalla.fi\/?p=7308\">mihin tulokseen<\/a> kanadalaiset saatiin vakuutettua.<\/p>\n","protected":false},"excerpt":{"rendered":"<p>Kanadassa elet\u00e4\u00e4n vaalivuotta ja lokakuun 19. p\u00e4iv\u00e4 kanadalaiset \u00e4\u00e4nest\u00e4v\u00e4t maalleen uuden parlamentin. Kanadalainen j\u00e4rjestelm\u00e4 on sangen omanlaisensa, pienell\u00e4 amerikkalaisella vivahteella. Se ei kuitenkaan ole amerikkalainen (k\u00e4yt\u00e4nn\u00f6ss\u00e4) kaksipuoluej\u00e4rjestelm\u00e4, vaan ennemminkin kolmipuoluej\u00e4rjestelm\u00e4. Kanadan konservatiivipuolue (t\u00e4m\u00e4n hetkinen hallituspuolue), Kanadan liberaalipuolue sek\u00e4 Uusi demokraattinen puolue NDP jakavat kesken\u00e4\u00e4n 98% Ottawan 338 parlamenttipaikasta, Vihre\u00e4n puolueen sek\u00e4 Quebecil\u00e4isen separatistipuolueen hallitessa vain &hellip; <a href=\"https:\/\/www.vuosiamaailmalla.fi\/blog\/2015\/kilpajuoksu-parlamenttivaaleihin-alkoi\/\" class=\"more-link\">Jatka lukemista<span class=\"screen-reader-text\"> &#8221;Kilpajuoksu parlamenttivaaleihin alkoi&#8221;<\/span><\/a><\/p>\n","protected":false},"author":1,"featured_media":8971,"comment_status":"open","ping_status":"open","sticky":false,"template":"","format":"standard","meta":{"_jetpack_memberships_contains_paid_content":false,"footnotes":""},"categories":[17,3],"tags":[25,32,935,155,297,11],"class_list":["post-6989","post","type-post","status-publish","format-standard","has-post-thumbnail","hentry","category-arki-kanadassa","category-arki-ulkomailla","tag-ajankohtaista","tag-amerikkalainen-juttu","tag-kanada","tag-kanadalainen-juttu","tag-vaalit","tag-matkakertomukset-yhdysvallat"],"jetpack_featured_media_url":"https:\/\/www.vuosiamaailmalla.fi\/blog\/wp-content\/uploads\/vaalit_2015_banner.jpg","jetpack_sharing_enabled":true,"_links":{"self":[{"href":"https:\/\/www.vuosiamaailmalla.fi\/blog\/wp-json\/wp\/v2\/posts\/6989","targetHints":{"allow":["GET"]}}],"collection":[{"href":"https:\/\/www.vuosiamaailmalla.fi\/blog\/wp-json\/wp\/v2\/posts"}],"about":[{"href":"https:\/\/www.vuosiamaailmalla.fi\/blog\/wp-json\/wp\/v2\/types\/post"}],"author":[{"embeddable":true,"href":"https:\/\/www.vuosiamaailmalla.fi\/blog\/wp-json\/wp\/v2\/users\/1"}],"replies":[{"embeddable":true,"href":"https:\/\/www.vuosiamaailmalla.fi\/blog\/wp-json\/wp\/v2\/comments?post=6989"}],"version-history":[{"count":3,"href":"https:\/\/www.vuosiamaailmalla.fi\/blog\/wp-json\/wp\/v2\/posts\/6989\/revisions"}],"predecessor-version":[{"id":13943,"href":"https:\/\/www.vuosiamaailmalla.fi\/blog\/wp-json\/wp\/v2\/posts\/6989\/revisions\/13943"}],"wp:featuredmedia":[{"embeddable":true,"href":"https:\/\/www.vuosiamaailmalla.fi\/blog\/wp-json\/wp\/v2\/media\/8971"}],"wp:attachment":[{"href":"https:\/\/www.vuosiamaailmalla.fi\/blog\/wp-json\/wp\/v2\/media?parent=6989"}],"wp:term":[{"taxonomy":"category","embeddable":true,"href":"https:\/\/www.vuosiamaailmalla.fi\/blog\/wp-json\/wp\/v2\/categories?post=6989"},{"taxonomy":"post_tag","embeddable":true,"href":"https:\/\/www.vuosiamaailmalla.fi\/blog\/wp-json\/wp\/v2\/tags?post=6989"}],"curies":[{"name":"wp","href":"https:\/\/api.w.org\/{rel}","templated":true}]}}