{"id":7008,"date":"2015-08-13T10:53:27","date_gmt":"2015-08-13T17:53:27","guid":{"rendered":"http:\/\/13.53.127.146\/?p=7008"},"modified":"2015-08-12T15:54:37","modified_gmt":"2015-08-12T22:54:37","slug":"nuorallakavelyn-maailmanennatys","status":"publish","type":"post","link":"https:\/\/www.vuosiamaailmalla.fi\/blog\/2015\/nuorallakavelyn-maailmanennatys\/","title":{"rendered":"Nuorallak\u00e4velyn maailmanenn\u00e4tys"},"content":{"rendered":"<p style=\"text-align: justify;\">Hulluja on monenlaisia. Yksi sellainen on ehdottomasti ontariolainen Spencer Seabrooke, joka rikkoi menneell\u00e4 viikolla kirist\u00e4m\u00e4tt\u00f6m\u00e4ll\u00e4 nuoralla k\u00e4velyn (eng. <em>slackline<\/em>) maailmanenn\u00e4tyksen. Spencer osallistui Squamishin vierell\u00e4 sijaitsevan korkean <em><a href=\"https:\/\/www.vuosiamaailmalla.fi\/?p=2952\">Stawamus Chiefin<\/a><\/em> huipulla j\u00e4rjestettyyn nuorallak\u00e4velytapahtumaan, jossa h\u00e4nen onnistui useiden yritysten j\u00e4lkeen k\u00e4vell\u00e4 yht\u00e4jaksoisesti 64 metrin matka nuoraa pitkin allaan 290 metri\u00e4 syv\u00e4 kanjoni! \ud83d\ude2f<\/p>\n<p style=\"text-align: justify;\">Turvana Spencerill\u00e4 ei ollut mit\u00e4\u00e4n turvavaljaita tai -v\u00e4lineit\u00e4 ja h\u00e4n meinasikin pudota muutamalla ensimm\u00e4isell\u00e4 yrityksell\u00e4\u00e4n. Lopulta ylitys kuitenkin onnistui, tehden siit\u00e4 yhden vuoden hurjimmista extreme-tempuista koko maailmassa! \ud83d\ude2e<\/p>\n<p><iframe loading=\"lazy\" src=\"https:\/\/www.youtube-nocookie.com\/embed\/EzrI8BeOw_0?rel=0\" width=\"640\" height=\"360\" frameborder=\"0\" allowfullscreen=\"allowfullscreen\"><\/iframe><\/p>\n","protected":false},"excerpt":{"rendered":"<p>Hulluja on monenlaisia. Yksi sellainen on ehdottomasti ontariolainen Spencer Seabrooke, joka rikkoi menneell\u00e4 viikolla kirist\u00e4m\u00e4tt\u00f6m\u00e4ll\u00e4 nuoralla k\u00e4velyn (eng. slackline) maailmanenn\u00e4tyksen. Spencer osallistui Squamishin vierell\u00e4 sijaitsevan korkean Stawamus Chiefin huipulla j\u00e4rjestettyyn nuorallak\u00e4velytapahtumaan, jossa h\u00e4nen onnistui useiden yritysten j\u00e4lkeen k\u00e4vell\u00e4 yht\u00e4jaksoisesti 64 metrin matka nuoraa pitkin allaan 290 metri\u00e4 syv\u00e4 kanjoni! \ud83d\ude2f Turvana Spencerill\u00e4 ei ollut mit\u00e4\u00e4n &hellip; <a href=\"https:\/\/www.vuosiamaailmalla.fi\/blog\/2015\/nuorallakavelyn-maailmanennatys\/\" class=\"more-link\">Jatka lukemista<span class=\"screen-reader-text\"> &#8221;Nuorallak\u00e4velyn maailmanenn\u00e4tys&#8221;<\/span><\/a><\/p>\n","protected":false},"author":1,"featured_media":0,"comment_status":"open","ping_status":"open","sticky":false,"template":"","format":"standard","meta":{"_jetpack_memberships_contains_paid_content":false,"footnotes":""},"categories":[17,3],"tags":[25,935,612,734],"class_list":["post-7008","post","type-post","status-publish","format-standard","hentry","category-arki-kanadassa","category-arki-ulkomailla","tag-ajankohtaista","tag-kanada","tag-squamish","tag-stawamus-chief"],"jetpack_featured_media_url":"","jetpack_sharing_enabled":true,"_links":{"self":[{"href":"https:\/\/www.vuosiamaailmalla.fi\/blog\/wp-json\/wp\/v2\/posts\/7008","targetHints":{"allow":["GET"]}}],"collection":[{"href":"https:\/\/www.vuosiamaailmalla.fi\/blog\/wp-json\/wp\/v2\/posts"}],"about":[{"href":"https:\/\/www.vuosiamaailmalla.fi\/blog\/wp-json\/wp\/v2\/types\/post"}],"author":[{"embeddable":true,"href":"https:\/\/www.vuosiamaailmalla.fi\/blog\/wp-json\/wp\/v2\/users\/1"}],"replies":[{"embeddable":true,"href":"https:\/\/www.vuosiamaailmalla.fi\/blog\/wp-json\/wp\/v2\/comments?post=7008"}],"version-history":[{"count":0,"href":"https:\/\/www.vuosiamaailmalla.fi\/blog\/wp-json\/wp\/v2\/posts\/7008\/revisions"}],"wp:attachment":[{"href":"https:\/\/www.vuosiamaailmalla.fi\/blog\/wp-json\/wp\/v2\/media?parent=7008"}],"wp:term":[{"taxonomy":"category","embeddable":true,"href":"https:\/\/www.vuosiamaailmalla.fi\/blog\/wp-json\/wp\/v2\/categories?post=7008"},{"taxonomy":"post_tag","embeddable":true,"href":"https:\/\/www.vuosiamaailmalla.fi\/blog\/wp-json\/wp\/v2\/tags?post=7008"}],"curies":[{"name":"wp","href":"https:\/\/api.w.org\/{rel}","templated":true}]}}