{"id":7017,"date":"2011-10-24T15:21:52","date_gmt":"2011-10-24T22:21:52","guid":{"rendered":"http:\/\/13.53.127.146\/?p=7017"},"modified":"2016-10-16T17:14:26","modified_gmt":"2016-10-17T00:14:26","slug":"funkturmin-huipulla","status":"publish","type":"post","link":"https:\/\/www.vuosiamaailmalla.fi\/blog\/2011\/funkturmin-huipulla\/","title":{"rendered":"Funkturmin huipulla"},"content":{"rendered":"<p style=\"text-align: justify;\">Suuri osa Berliiniss\u00e4 vierailevista turisteista vierailee matkansa aikana <em>Alexanderplatzin<\/em> vierell\u00e4 kohoavassa 368-metrisess\u00e4 <em>Berliner Fernsehturmissa<\/em> eli Berliinin televisiotornissa. Sielt\u00e4 aukeavat upeat maisemat ovatkin upeat ja ylt\u00e4v\u00e4t yli koko kaupungin. Harva kuitenkaan edes tiet\u00e4\u00e4, ett\u00e4 Berliiniss\u00e4 on my\u00f6s toinen korkea ja huomattavasti historiallisempi televisiotorni, jonne kiipe\u00e4minen maksaa vain muutaman euron ja maisema on samaa tasoa. \ud83d\ude2e<\/p>\n<p><!--more--><\/p>\n<p style=\"text-align: justify;\">Kyse on tietenkin L\u00e4nsi-Berliinin Westendin kaupunginosassa sijaitsevasta 147-metrisest\u00e4 <em>Funkturmista<\/em>, jonka paikalliset tuntevat tuttavallisesti &#8221;hujoppina&#8221; (saks. <em>der lange Lulatsch<\/em>). Nimitys tulee tornin kapeasta muodosta, sill\u00e4 147-metrinen ter\u00e4storni seisoo vain seisoo vain 20&#215;20 metrin kokoisella alueella, antaen sen korkeuden ja pinta-alan suhteeksi kiintoisat 1:6,9. Samanlaisella ter\u00e4srakenteella rakennetun Pariisin Eiffel-tornin lukema on huomattavasti tasaisempi 1:2,3 eli toisin sanoen Eiffel on tuplasti Funkturmin korkuinen, mutta sen pinta-ala on per\u00e4ti 41-kertaa suurempi.<\/p>\n<p style=\"text-align: center;\"><a href=\"\/blog\/wp-content\/uploads\/2011\/funkturm_vs_eiffel_tower.png\"><img decoding=\"async\" style=\"border: 0px none; margin: 5px;\" src=\"\/blog\/wp-content\/uploads\/2011\/funkturm_vs_eiffel_tower.png\" alt=\"\" \/><\/a><\/p>\n<p style=\"text-align: center;\"><em>Hujoppi pikkuveli<\/em><\/p>\n<p style=\"text-align: justify;\">Funkturm valmistui vuonna 1926 Berliinin kolmansille radiomessuille (saks. <em>Gro\u00dfe Deutsche Funkausstellung<\/em>, nykyisin uusimman tekniikan IFA-messut) kaupungin suurimmaksi radiomastoksi. Kolme vuotta my\u00f6hemmin tornin kautta l\u00e4hetettiin my\u00f6s Saksan ensimm\u00e4iset televisiokuvat ja vuonna 1935 Funkturmin kautta alettiin l\u00e4hett\u00e4\u00e4 maailman ensimm\u00e4ist\u00e4 jatkuvaa televisiol\u00e4hetyst\u00e4, <em>Fernsehsender Paul Nipkowia<\/em>. Tuohon aikaan vain harvalla oli televisiota, mutta seuraavana televisioituja Berliinin olympialaisia seurasi julkisten televisioiden kautta arviolta 160 000 kaupunkilaista. Toisen maailmansodan pommituksissa yksi tornin nelj\u00e4st\u00e4 jalasta vaurioitui, mutta torni pysyi kuitenkin pystyss\u00e4 ja korjattiin pian sodan j\u00e4lkeen. Se kuitenkin menetti merkityksens\u00e4 televisiol\u00e4hetysten v\u00e4lityskanavana uusille korkeammille mastoille vuonna 1962 ja radiol\u00e4hetyksetkin hiljeniv\u00e4t lopullisesti vuonna 1973.<\/p>\n<p style=\"text-align: center;\"><a href=\"\/blog\/wp-content\/uploads\/2011\/funkturm_rakenteilla.jpg\"><img decoding=\"async\" style=\"border: 0px none; margin: 5px;\" src=\"\/blog\/wp-content\/uploads\/2011\/funkturm_rakenteilla.jpg\" alt=\"\" \/><\/a><\/p>\n<p style=\"text-align: center;\"><em>Funkturm rakenteilla<\/em><\/p>\n<p style=\"text-align: justify;\">T\u00e4m\u00e4n j\u00e4lkeen torni on toiminut l\u00e4hinn\u00e4 historiallisena maamerkkin\u00e4 sek\u00e4 n\u00e4k\u00f6alatasanteena sinne eksyville. Tornissa sijaitsee n\u00e4k\u00f6alatasanne 125 metrin korkeudessa ja sielt\u00e4 aukeaa hieno maisema yli koko l\u00e4ntisen Berliinin. Tornissa toimii my\u00f6s hienohko ravintola 52 metrin korkeudessa.<\/p>\n<p style=\"text-align: center;\"><a href=\"\/blog\/wp-content\/uploads\/2011\/funkturm1.jpg\"><img decoding=\"async\" style=\"border: 0px none; margin: 5px;\" src=\"\/blog\/wp-content\/uploads\/2011\/thumbs\/thumbs_funkturm1.jpg\" alt=\"\" \/><\/a><a href=\"\/blog\/wp-content\/uploads\/2011\/funkturm3.jpg\"><img decoding=\"async\" style=\"border: 0px none; margin: 5px;\" src=\"\/blog\/wp-content\/uploads\/2011\/thumbs\/thumbs_funkturm3.jpg\" alt=\"\" \/><\/a><\/p>\n<p style=\"text-align: center;\"><em>147-metrinen historiallinen torni<\/em><\/p>\n<p style=\"text-align: justify;\">Meit\u00e4 oli jo pitk\u00e4\u00e4n kiinnostanut k\u00e4yd\u00e4 katsomassa maisemat t\u00e4st\u00e4 &#8221;pienest\u00e4 Eiffel-tornista&#8221;, kuten moni Funkturmia kutsuu. Tuumasta k\u00e4ytiin toimeen paraikaa meneill\u00e4\u00e4nolevan <a href=\"https:\/\/www.vuosiamaailmalla.fi\/?p=661\"><em>Festival of Lights<\/em><\/a> tapahtuman vuoksi, jonka kunniaksi torni on valaistu tyylikk\u00e4\u00e4sti. Valaistus on t\u00e4st\u00e4 vuodesta alkaen pysyv\u00e4 ja sit\u00e4 tullaan pit\u00e4m\u00e4\u00e4n p\u00e4\u00e4ll\u00e4 my\u00f6s tapahtuman ulkopuolella.<\/p>\n<p style=\"text-align: center;\"><a href=\"\/blog\/wp-content\/uploads\/2011\/funkturm2.jpg\"><img decoding=\"async\" style=\"border: 0px none; margin: 5px;\" src=\"\/blog\/wp-content\/uploads\/2011\/funkturm2.jpg\" alt=\"\" \/><\/a><\/p>\n<p style=\"text-align: center;\"><em>Funkturmin juurella<\/em><\/p>\n<p style=\"text-align: justify;\">Saavuimme paikalle noin tunti ennen auringonlaskua. Paikalla oli lis\u00e4ksemme vain muutama muu ihminen ja <a href=\"https:\/\/www.youtube.com\/watch?v=OtyohSi8FjY\">hissimatka tornin huipulle<\/a> oli ripe\u00e4. Ylh\u00e4\u00e4ll\u00e4 sijaitsee kaksi n\u00e4k\u00f6alatasannetta, joista toinen sis\u00e4ll\u00e4 ja toinen sen katolla ulkona. Ilta oli harmillisesti hyvin tuulinen ja lokakuinen tuuli sen verran kylm\u00e4, ett\u00e4 p\u00e4\u00e4dyimme viett\u00e4m\u00e4\u00e4n ison osan illasta sis\u00e4tilan puolella.<\/p>\n<p style=\"text-align: center;\"><a href=\"\/blog\/wp-content\/uploads\/2011\/messukeskus_alapuolella.jpg\"><img decoding=\"async\" style=\"border: 0px none; margin: 5px;\" src=\"\/blog\/wp-content\/uploads\/2011\/thumbs\/thumbs_messukeskus_alapuolella.jpg\" alt=\"\" \/><\/a><a href=\"\/blog\/wp-content\/uploads\/2011\/funkturm_huipulla2.jpg\"><img decoding=\"async\" style=\"border: 0px none; margin: 5px;\" src=\"\/blog\/wp-content\/uploads\/2011\/thumbs\/thumbs_funkturm_huipulla2.jpg\" alt=\"\" \/><\/a><a href=\"\/blog\/wp-content\/uploads\/2011\/funkturm_huipulla1.jpg\"><img decoding=\"async\" style=\"border: 0px none; margin: 5px;\" src=\"\/blog\/wp-content\/uploads\/2011\/thumbs\/thumbs_funkturm_huipulla1.jpg\" alt=\"\" \/><\/a><\/p>\n<p style=\"text-align: center;\"><em>Tuulisella n\u00e4k\u00f6alatasanteella<\/em><\/p>\n<p style=\"text-align: justify;\">Funkturmilla on hyv\u00e4 vierailla juuri iltasella, sill\u00e4 tuolloin aurinko on kaupunkiin n\u00e4hden takana. Auringonlaskun v\u00e4rj\u00e4\u00e4m\u00e4 Berliini olikin kaunis ja pienest\u00e4 udusta huolimatta katse ylsi helposti noin kymmenen kilometrin p\u00e4\u00e4ss\u00e4 sijaitsevalle Alexanderplatzille. Tarkasti katsomalla taustalta erottuivat my\u00f6s It\u00e4-Berliinin suuret betonil\u00e4hi\u00f6t kuten <a href=\"https:\/\/www.vuosiamaailmalla.fi\/?p=4615\">Hohensch\u00f6nhausen<\/a> sek\u00e4 Marzahn, muodostaen horisonttiin kilometrien mittaisen tasaisen talomuurin.<\/p>\n<p style=\"text-align: center;\"><a href=\"\/blog\/wp-content\/uploads\/2011\/alexanderplatz_funkturmista.jpg\"><img decoding=\"async\" style=\"border: 0px none; margin: 5px;\" src=\"\/blog\/wp-content\/uploads\/2011\/alexanderplatz_funkturmista.jpg\" alt=\"\" \/><\/a><\/p>\n<p style=\"text-align: center;\"><em>Alexanderplatz 10 kilometrin p\u00e4\u00e4ss\u00e4<\/em><\/p>\n<p style=\"text-align: center;\"><a href=\"\/blog\/wp-content\/uploads\/2011\/funkturm_maisemia6.jpg\"><img decoding=\"async\" style=\"border: 0px none; margin: 5px;\" src=\"\/blog\/wp-content\/uploads\/2011\/funkturm_maisemia6.jpg\" alt=\"\" \/><\/a><\/p>\n<p style=\"text-align: center;\"><em>Wittenaun betonil\u00e4hi\u00f6 Pohjois-Berliiniss\u00e4<br \/>\n<\/em><\/p>\n<p style=\"text-align: center;\"><a href=\"\/blog\/wp-content\/uploads\/2011\/berliini_panoraama_funkturmista.jpg\"><img decoding=\"async\" style=\"border: 0px none; margin: 5px;\" src=\"\/blog\/wp-content\/uploads\/2011\/berliini_panoraama_funkturmista_pieni.jpg\" alt=\"\" \/><\/a><\/p>\n<p style=\"text-align: center;\"><em>Ymp\u00e4r\u00f6iv\u00e4\u00e4 Berliini\u00e4<\/em><\/p>\n<p style=\"text-align: center;\"><a href=\"\/blog\/wp-content\/uploads\/2011\/berliini_panoraama_funkturmista2.jpg\"><img decoding=\"async\" style=\"border: 0px none; margin: 5px;\" src=\"\/blog\/wp-content\/uploads\/2011\/berliini_panoraama_funkturmista2_pieni.jpg\" alt=\"\" \/><\/a><\/p>\n<p style=\"text-align: justify;\">Hieman l\u00e4hemp\u00e4n\u00e4 <a title=\"Ikoninen Brandenburger Tor\" href=\"https:\/\/www.vuosiamaailmalla.fi\/?p=8080\">Brandenburgin portti<\/a>, <a href=\"https:\/\/www.vuosiamaailmalla.fi\/?p=2386\"><em>Siegess\u00e4ule<\/em><\/a> kuin <a title=\"Historiallinen asuinkorttelimme Nikolaiviertel\" href=\"https:\/\/www.vuosiamaailmalla.fi\/?p=8515\">kotikorttelimme<\/a> keskuskirkko <em>Nikolaikirche<\/em> olivat helposti erotettavissa. Siit\u00e4 hieman sivuun n\u00e4kyiv\u00e4t sek\u00e4 Potsdamer Platz ett\u00e4 alle viiden kilometrin p\u00e4\u00e4ss\u00e4 sijaitsevan Berliinin l\u00e4nsikeskustan korkeat rakennukset kuten uusi <a href=\"https:\/\/www.vuosiamaailmalla.fi\/?p=1416\"><em>Zoofenster<\/em><\/a>.<\/p>\n<p style=\"text-align: center;\"><a href=\"\/blog\/wp-content\/uploads\/2011\/potsdamer_platz_funkturmista.jpg\"><img decoding=\"async\" style=\"border: 0px none; margin: 5px;\" src=\"\/blog\/wp-content\/uploads\/2011\/thumbs\/thumbs_potsdamer_platz_funkturmista.jpg\" alt=\"\" \/><\/a><a href=\"\/blog\/wp-content\/uploads\/2011\/lansikeskusta_funkturmista.jpg\"><img decoding=\"async\" style=\"border: 0px none; margin: 5px;\" src=\"\/blog\/wp-content\/uploads\/2011\/thumbs\/thumbs_lansikeskusta_funkturmista.jpg\" alt=\"\" \/><\/a><a href=\"\/blog\/wp-content\/uploads\/2011\/lansikeskusta_funkturmista2.jpg\"><img decoding=\"async\" style=\"border: 0px none; margin: 5px;\" src=\"\/blog\/wp-content\/uploads\/2011\/thumbs\/thumbs_lansikeskusta_funkturmista2.jpg\" alt=\"\" \/><\/a><\/p>\n<p style=\"text-align: center;\"><em>Potsdamer Platzin ja l\u00e4nsikeskusta tornitaloja<\/em><\/p>\n<p style=\"text-align: center;\"><a href=\"\/blog\/wp-content\/uploads\/2011\/nikolaikirche_funkturmista.jpg\"><img decoding=\"async\" style=\"border: 0px none; margin: 5px;\" src=\"\/blog\/wp-content\/uploads\/2011\/thumbs\/thumbs_nikolaikirche_funkturmista.jpg\" alt=\"\" \/><\/a><a href=\"\/blog\/wp-content\/uploads\/2011\/tiergarten_funkturmista.jpg\"><img decoding=\"async\" style=\"border: 0px none; margin: 5px;\" src=\"\/blog\/wp-content\/uploads\/2011\/thumbs\/thumbs_tiergarten_funkturmista.jpg\" alt=\"\" \/><\/a><a href=\"\/blog\/wp-content\/uploads\/2011\/tiergarten_funkturmista2.jpg\"><img decoding=\"async\" style=\"border: 0px none; margin: 5px;\" src=\"\/blog\/wp-content\/uploads\/2011\/thumbs\/thumbs_tiergarten_funkturmista2.jpg\" alt=\"\" \/><\/a><\/p>\n<p style=\"text-align: center;\"><em>Tiergarten keskell\u00e4 Berliini\u00e4<\/em><\/p>\n<p style=\"text-align: justify;\">Suurin ero Funkturmin ja Ferhsehturmin maisemien v\u00e4lill\u00e4 syntyy niiden erilaisesta sijainnista. Vaikka Berliinin televisiotornin n\u00e4k\u00f6alatasanne onkin melkein tuplasti korkeammalla, sijaitsee se entisen It\u00e4-Berliinin alueella ja on siksi suurten ja rumien betonitalojen ymp\u00e4r\u00f6im\u00e4. Funkturmia ymp\u00e4r\u00f6iv\u00e4t Charlottenburgin ja Wilmersdorfin kauniin punakattoiset tiiviit asuinkorttelit, jotka n\u00e4ytt\u00e4v\u00e4t ylh\u00e4\u00e4lt\u00e4kin kauniilta.<\/p>\n<p style=\"text-align: center;\"><a href=\"\/blog\/wp-content\/uploads\/2011\/funkturm_maisemia4.jpg\"><img decoding=\"async\" style=\"border: 0px none; margin: 5px;\" src=\"\/blog\/wp-content\/uploads\/2011\/thumbs\/thumbs_funkturm_maisemia4.jpg\" alt=\"\" \/><\/a><a href=\"\/blog\/wp-content\/uploads\/2011\/funkturm_maisemia3.jpg\"><img decoding=\"async\" style=\"border: 0px none; margin: 5px;\" src=\"\/blog\/wp-content\/uploads\/2011\/thumbs\/thumbs_funkturm_maisemia3.jpg\" alt=\"\" \/><\/a><a href=\"\/blog\/wp-content\/uploads\/2011\/funkturm_maisemia9.jpg\"><img decoding=\"async\" style=\"border: 0px none; margin: 5px;\" src=\"\/blog\/wp-content\/uploads\/2011\/thumbs\/thumbs_funkturm_maisemia9.jpg\" alt=\"\" \/><\/a><\/p>\n<p style=\"text-align: center;\"><em>Punakattoista Charlottenburgia<\/em><\/p>\n<p style=\"text-align: center;\"><a href=\"\/blog\/wp-content\/uploads\/2011\/funkturm_maisemia1.jpg\"><img decoding=\"async\" style=\"border: 0px none; margin: 5px;\" src=\"\/blog\/wp-content\/uploads\/2011\/thumbs\/thumbs_funkturm_maisemia1.jpg\" alt=\"\" \/><\/a><a href=\"\/blog\/wp-content\/uploads\/2011\/funkturm_maisemia2.jpg\"><img decoding=\"async\" style=\"border: 0px none; margin: 5px;\" src=\"\/blog\/wp-content\/uploads\/2011\/thumbs\/thumbs_funkturm_maisemia2.jpg\" alt=\"\" \/><\/a><a href=\"\/blog\/wp-content\/uploads\/2011\/funkturm_maisemia7.jpg\"><img decoding=\"async\" style=\"border: 0px none; margin: 5px;\" src=\"\/blog\/wp-content\/uploads\/2011\/thumbs\/thumbs_funkturm_maisemia7.jpg\" alt=\"\" \/><\/a><br \/>\n<a href=\"\/blog\/wp-content\/uploads\/2011\/steglitzin_suunta.jpg\"><img decoding=\"async\" style=\"border: 0px none; margin: 5px;\" src=\"\/blog\/wp-content\/uploads\/2011\/thumbs\/thumbs_steglitzin_suunta.jpg\" alt=\"\" \/><\/a><a href=\"\/blog\/wp-content\/uploads\/2011\/funkturm_maisemia8.jpg\"><img decoding=\"async\" style=\"border: 0px none; margin: 5px;\" src=\"\/blog\/wp-content\/uploads\/2011\/thumbs\/thumbs_funkturm_maisemia8.jpg\" alt=\"\" \/><\/a><\/p>\n<p style=\"text-align: center;\"><em>Voimaloita sek\u00e4 Berliinin sisempi keh\u00e4tie<\/em><\/p>\n<p style=\"text-align: justify;\">Kaupungista ulosp\u00e4in katsottaessa, on n\u00e4ht\u00e4viss\u00e4 l\u00e4hinn\u00e4 Berliinin l\u00e4nsipuolen metsi\u00e4 Wannseen alueella sek\u00e4 horisontissa suuret m\u00e4\u00e4r\u00e4t tuulivoimaloita. Pieni erikoisuus on kuitenkin vain muutaman kilometrin p\u00e4\u00e4ss\u00e4 sijaitseva Teufelsberg, jonka p\u00e4\u00e4ll\u00e4 sijainneen <a href=\"https:\/\/www.vuosiamaailmalla.fi\/?p=7374\">tutka-aseman rauniot<\/a> n\u00e4kyv\u00e4t eritt\u00e4in hyvin. Hyvin l\u00e4hell\u00e4 sijaitsee my\u00f6s Berliinin olympiastadion, jonka hieno kaareva katto erottuu Funkturmista selv\u00e4sti.<\/p>\n<p style=\"text-align: center;\"><a href=\"\/blog\/wp-content\/uploads\/2011\/funkturm_maisemia5.jpg\"><img decoding=\"async\" style=\"border: 0px none; margin: 5px;\" src=\"\/blog\/wp-content\/uploads\/2011\/thumbs\/thumbs_funkturm_maisemia5.jpg\" alt=\"\" \/><\/a><a href=\"\/blog\/wp-content\/uploads\/2011\/olympiastadion_funkturmista.jpg\"><img decoding=\"async\" style=\"border: 0px none; margin: 5px;\" src=\"\/blog\/wp-content\/uploads\/2011\/thumbs\/thumbs_olympiastadion_funkturmista.jpg\" alt=\"\" \/><\/a><\/p>\n<p style=\"text-align: center;\"><em>Wannseen metsi\u00e4 sek\u00e4 olympiastadion<\/em><\/p>\n<p style=\"text-align: center;\"><a href=\"\/blog\/wp-content\/uploads\/2011\/teufelsberg_funkturmista2.jpg\"><img decoding=\"async\" style=\"border: 0px none; margin: 5px;\" src=\"\/blog\/wp-content\/uploads\/2011\/thumbs\/thumbs_teufelsberg_funkturmista2.jpg\" alt=\"\" \/><\/a><a href=\"\/blog\/wp-content\/uploads\/2011\/teufelsberg_funkturmista1.jpg\"><img decoding=\"async\" style=\"border: 0px none; margin: 5px;\" src=\"\/blog\/wp-content\/uploads\/2011\/thumbs\/thumbs_teufelsberg_funkturmista1.jpg\" alt=\"\" \/><\/a><\/p>\n<p style=\"text-align: center;\"><em>Teufelsbergin entinen tutka-asema<\/em><\/p>\n<p style=\"text-align: justify;\">Auringon laskettua horisontin taakse, aukeaa edess\u00e4 viel\u00e4 aivan uudenlainen maisema Berliinin miljoonien valojen syttyess\u00e4. Maisema on omin silmin n\u00e4htyn\u00e4 todella upea, mutta valitettavasti kylm\u00e4 tuuli heilutti tornia niin, ett\u00e4 valokuvistamme tuli todella ep\u00e4tarkkoja. Maisema on kuitenkin n\u00e4kemisen arvoinen ja olemme todella tyytyv\u00e4isi\u00e4 ett\u00e4 saavuimme paikalle erityisesti n\u00e4in valojuhlan aikana.<\/p>\n<p style=\"text-align: center;\"><a href=\"\/blog\/wp-content\/uploads\/2011\/funkturm_auringonlasku.jpg\"><img decoding=\"async\" style=\"border: 0px none; margin: 5px;\" src=\"\/blog\/wp-content\/uploads\/2011\/funkturm_auringonlasku.jpg\" alt=\"\" \/><\/a><\/p>\n<p style=\"text-align: center;\"><em>Aurinko laskee horisontin taakse<\/em><\/p>\n<p><a href=\"\/blog\/wp-content\/uploads\/2011\/funkturm_pimean_maisema2.jpg\"><img decoding=\"async\" style=\"border: 0px none; margin: 5px;\" src=\"\/blog\/wp-content\/uploads\/2011\/thumbs\/thumbs_funkturm_pimean_maisema2.jpg\" alt=\"\" \/><\/a><a href=\"\/blog\/wp-content\/uploads\/2011\/funkturm_pimean_maisema1.jpg\"><img decoding=\"async\" style=\"border: 0px none; margin: 5px;\" src=\"\/blog\/wp-content\/uploads\/2011\/thumbs\/thumbs_funkturm_pimean_maisema1.jpg\" alt=\"\" \/><\/a><a href=\"\/blog\/wp-content\/uploads\/2011\/funkturm_pimean_maisema3.jpg\"><img decoding=\"async\" style=\"border: 0px none; margin: 5px;\" src=\"\/blog\/wp-content\/uploads\/2011\/thumbs\/thumbs_funkturm_pimean_maisema3.jpg\" alt=\"\" \/><\/a><\/p>\n<p style=\"text-align: center;\"><em>Berliini pimeyden tullen<\/em><\/p>\n<p style=\"text-align: center;\"><a href=\"\/blog\/wp-content\/uploads\/2011\/punainen_funkturm.jpg\" target=\"_blank\"><img decoding=\"async\" style=\"border: 0px none; margin: 5px;\" src=\"\/blog\/wp-content\/uploads\/2011\/thumbs\/thumbs_punainen_funkturm.jpg\" alt=\"\" \/><\/a><a href=\"\/blog\/wp-content\/uploads\/2011\/sininen_funkturm.jpg\" target=\"_blank\"><img decoding=\"async\" style=\"border: 0px none; margin: 5px;\" src=\"\/blog\/wp-content\/uploads\/2011\/thumbs\/thumbs_sininen_funkturm.jpg\" alt=\"\" \/><\/a><a href=\"\/blog\/wp-content\/uploads\/2011\/vihrea_funkturm.jpg\" target=\"_blank\"><img decoding=\"async\" style=\"border: 0px none; margin: 5px;\" src=\"\/blog\/wp-content\/uploads\/2011\/thumbs\/thumbs_vihrea_funkturm.jpg\" alt=\"\" \/><\/a><\/p>\n<p style=\"text-align: center;\"><em>Funkturm eri v\u00e4reiss\u00e4<\/em><\/p>\n<p style=\"text-align: justify;\">Hyvin maisemien sek\u00e4 v\u00e4h\u00e4isen ihmism\u00e4\u00e4r\u00e4n vuoksi Funkturmia voikin pit\u00e4\u00e4 yhten\u00e4 Berliinin salaisena l\u00f6yt\u00f6n\u00e4, johon vain harva turisti hoksaa suunnata. Vaikka ruuhkaa ei juuri olekaan, on torni ollut kuitenkin vuosiensa saatossa suosittu n\u00e4k\u00f6alapaikka ja siell\u00e4 onkin vieraillun sen 85-vuotisen historian aikana 17 miljoonaa ihmist\u00e4. Nyt lukemassa olemme mukana sitten mekin. \ud83d\ude1b<\/p>\n<p style=\"text-align: center;\"><iframe loading=\"lazy\" src=\"https:\/\/www.youtube-nocookie.com\/embed\/kY9KLWpmxYg?rel=0\" width=\"560\" height=\"315\" frameborder=\"0\" allowfullscreen=\"allowfullscreen\"><\/iframe><\/p>\n<p style=\"text-align: center;\"><em>Video iltamaisemasta huipulla<br \/>\n<\/em><\/p>\n","protected":false},"excerpt":{"rendered":"<p>Suuri osa Berliiniss\u00e4 vierailevista turisteista vierailee matkansa aikana Alexanderplatzin vierell\u00e4 kohoavassa 368-metrisess\u00e4 Berliner Fernsehturmissa eli Berliinin televisiotornissa. Sielt\u00e4 aukeavat upeat maisemat ovatkin upeat ja ylt\u00e4v\u00e4t yli koko kaupungin. Harva kuitenkaan edes tiet\u00e4\u00e4, ett\u00e4 Berliiniss\u00e4 on my\u00f6s toinen korkea ja huomattavasti historiallisempi televisiotorni, jonne kiipe\u00e4minen maksaa vain muutaman euron ja maisema on samaa tasoa. \ud83d\ude2e<\/p>\n","protected":false},"author":1,"featured_media":8528,"comment_status":"open","ping_status":"open","sticky":false,"template":"","format":"standard","meta":{"_jetpack_memberships_contains_paid_content":false,"footnotes":""},"categories":[18,3],"tags":[34,49,51,67,68,70,109,119,139,172,190,925],"class_list":["post-7017","post","type-post","status-publish","format-standard","has-post-thumbnail","hentry","category-arki-saksassa","category-arki-ulkomailla","tag-arki","tag-berliini","tag-berlin-charlottenburg","tag-berlin-westend","tag-berlin-wilmersdorf","tag-berliner-fernsehturm","tag-festival-of-lights","tag-funkturm","tag-historiaa-2","tag-lansi-berliini","tag-saksa","tag-teufelsberg"],"jetpack_featured_media_url":"https:\/\/www.vuosiamaailmalla.fi\/blog\/wp-content\/uploads\/berliini_panoraama_banner.jpg","jetpack_sharing_enabled":true,"_links":{"self":[{"href":"https:\/\/www.vuosiamaailmalla.fi\/blog\/wp-json\/wp\/v2\/posts\/7017","targetHints":{"allow":["GET"]}}],"collection":[{"href":"https:\/\/www.vuosiamaailmalla.fi\/blog\/wp-json\/wp\/v2\/posts"}],"about":[{"href":"https:\/\/www.vuosiamaailmalla.fi\/blog\/wp-json\/wp\/v2\/types\/post"}],"author":[{"embeddable":true,"href":"https:\/\/www.vuosiamaailmalla.fi\/blog\/wp-json\/wp\/v2\/users\/1"}],"replies":[{"embeddable":true,"href":"https:\/\/www.vuosiamaailmalla.fi\/blog\/wp-json\/wp\/v2\/comments?post=7017"}],"version-history":[{"count":0,"href":"https:\/\/www.vuosiamaailmalla.fi\/blog\/wp-json\/wp\/v2\/posts\/7017\/revisions"}],"wp:featuredmedia":[{"embeddable":true,"href":"https:\/\/www.vuosiamaailmalla.fi\/blog\/wp-json\/wp\/v2\/media\/8528"}],"wp:attachment":[{"href":"https:\/\/www.vuosiamaailmalla.fi\/blog\/wp-json\/wp\/v2\/media?parent=7017"}],"wp:term":[{"taxonomy":"category","embeddable":true,"href":"https:\/\/www.vuosiamaailmalla.fi\/blog\/wp-json\/wp\/v2\/categories?post=7017"},{"taxonomy":"post_tag","embeddable":true,"href":"https:\/\/www.vuosiamaailmalla.fi\/blog\/wp-json\/wp\/v2\/tags?post=7017"}],"curies":[{"name":"wp","href":"https:\/\/api.w.org\/{rel}","templated":true}]}}