{"id":702,"date":"2012-09-28T16:30:54","date_gmt":"2012-09-28T23:30:54","guid":{"rendered":"http:\/\/13.53.127.146\/?p=702"},"modified":"2021-07-01T17:39:21","modified_gmt":"2021-07-02T00:39:21","slug":"ennatysten-kesa","status":"publish","type":"post","link":"https:\/\/www.vuosiamaailmalla.fi\/blog\/2012\/ennatysten-kesa\/","title":{"rendered":"Enn\u00e4tysten kes\u00e4"},"content":{"rendered":"<p style=\"text-align: justify;\">Mennyt kes\u00e4 on ollut kelien puolesta melkoisen arvaamaton. Alkukes\u00e4st\u00e4 t\u00e4\u00e4ll\u00e4 Vancouverissa <a title=\"Juneary sek\u00e4 keskikes\u00e4 Kanadassa\" href=\"https:\/\/www.vuosiamaailmalla.fi\/?p=119\">manailtiin kylmint\u00e4 kes\u00e4kuuta 30 vuoteen<\/a> sek\u00e4 v\u00e4hint\u00e4\u00e4n joka toinen p\u00e4iv\u00e4 saatuja kaatosateita. Kes\u00e4st\u00e4 ei ollut tietoakaan ja kuukauden keskil\u00e4mp\u00f6tila j\u00e4i 17,8 asteeseen (normaalisti 19,2 astetta). Sadetta saatiin kes\u00e4kuussa 76,8 millimetri\u00e4 kun normaali lukema on 54,8 milli\u00e4. Kaikki muuttui kuitenkin hein\u00e4kuun alkupuolella, jolloin kelit viimein l\u00e4mpeniv\u00e4t ja aurinko tuli esiin. Silloin sen kelin ei halunnut milloinkaan loppuvan ja niin n\u00e4ytt\u00e4\u00e4 my\u00f6s k\u00e4yneen&#8230;<\/p>\n<p><!--more--><\/p>\n<p style=\"text-align: justify;\">Kuten tuota sivupalkissa olevaa s\u00e4\u00e4ennustetta seuranneet ovat voineet havaita, on viiden p\u00e4iv\u00e4n s\u00e4\u00e4ennuste ollut viikkokausia aurinkoa auringon per\u00e4\u00e4n, vain muutamalla puolipilvisell\u00e4 p\u00e4iv\u00e4ll\u00e4 t\u00e4ydennettyn\u00e4. L\u00e4mmint\u00e4 on ollut ja elokuun keskil\u00e4mp\u00f6tila olikin 23,5 astetta, mik\u00e4 on pari astetta normaalia enemm\u00e4n. Kuukauteen mahtuikin monia yli <a title=\"Kaikkien aikojen enn\u00e4tyshelle\" href=\"https:\/\/www.vuosiamaailmalla.fi\/blog\/2021\/kaikkien-aikojen-ennatyshelle\/\">kolmenkymmenen asteen hellep\u00e4ivi\u00e4<\/a>, jotka ovat harvinaisia Vancouverissa. Sadetta on puolestaan saatu elokuun 1. p\u00e4iv\u00e4n j\u00e4lkeen ainoastaan 6,3 millimetri\u00e4, mik\u00e4 on kuivin loppukes\u00e4 paikallisen tilastohistorian aikana. Vuodesta 1907 ker\u00e4tty s\u00e4\u00e4data kertoo aiemman enn\u00e4tyksen olleen 9,4 millimetri\u00e4, joten kuluva kes\u00e4 rikkoo enn\u00e4tyksen suurella kaulalla. Ero normaaliin sadem\u00e4\u00e4r\u00e4\u00e4n (92 millimetri\u00e4) on merkitt\u00e4v\u00e4.<\/p>\n<p style=\"text-align: justify;\">Vancouverin tilanne ei ole ainutlaatuinen, vaan koko Pohjois-Amerikassa on k\u00e4rsitty t\u00e4n\u00e4 vuonna enn\u00e4tyskuivasta kes\u00e4st\u00e4. Keskil\u00e4nness\u00e4 suurin osa t\u00e4m\u00e4n vuoden maissisadosta on menetetty, kun yli +40 asteen helteinen keli kuivatti viljelysmaat. Normaalisti vuorten ja tyynen valtameren v\u00e4liss\u00e4 sijaitseva Vancouverin metropolialue on turvassa \u00e4\u00e4rimm\u00e4iselt\u00e4 s\u00e4\u00e4lt\u00e4, mutta t\u00e4m\u00e4 vuosi on osoittanut ilmastonmuutoksen tuntuvan t\u00e4\u00e4ll\u00e4kin.<\/p>\n<p style=\"text-align: justify;\">Meneill\u00e4\u00e4n oleva kuivuus johti t\u00e4ll\u00e4 viikolla siihen, ett\u00e4 Vancouverista noin 50 kilometri\u00e4 l\u00e4nteen sijaitsevalla <a title=\"Kauniilla Sunshine Coastilla\" href=\"https:\/\/www.vuosiamaailmalla.fi\/?p=8152\">Sunshine Coastin alueella<\/a> jouduttiin asettamaan rajoituksia veden k\u00e4yt\u00f6lle, kun vesivarastona toimivan paikallisen j\u00e4rven pinta laski enn\u00e4tyksellisen alas. Vancouverissa tilanne ei onneksi ole n\u00e4in vakava. Kaupunkialueen vesi tulee p\u00e4\u00e4asiassa North Shore Mountainsien pohjoispuolella sijaitsevilta <a title=\"Py\u00f6r\u00e4retki Seymour Lakelle\" href=\"https:\/\/www.vuosiamaailmalla.fi\/?p=3058\">tekoj\u00e4rvilt\u00e4<\/a> ja siell\u00e4 vett\u00e4 on edelleen runsaasti. Tosin siell\u00e4kin kuiva kes\u00e4 on lehtitietojen mukaan n\u00e4ht\u00e4viss\u00e4.<\/p>\n<p style=\"text-align: justify;\">Kuivan kes\u00e4n ennustetaan johtavan my\u00f6s mietoon talveen, jollainen n\u00e4htiin viimeeksi vuonna 2010. Silloin tyynell\u00e4 valtamerell\u00e4 vaikuttava <em>El Ni\u00f1o<\/em> s\u00e4\u00e4ilmi\u00f6 uhkasi jopa talviolympialaisia, kun lunta ei meinattu saada tarpeeksi ajoissa. Lopulta taivas kuitenkin aukeni ja lunta saatiin lopputalveen menness\u00e4 reippaastikin. Toivon mukaan lunta saadaan t\u00e4n\u00e4kin vuonna vuorilla, sill\u00e4 sit\u00e4 n\u00e4ky\u00e4 odottaa jo kovasti. Mahdollisuus ensilumen n\u00e4kemiseen alkaakin pian olla, sill\u00e4 y\u00f6l\u00e4mp\u00f6tilat alkavat l\u00e4hesty\u00e4 +10 astetta t\u00e4\u00e4ll\u00e4 keskustassa, mik\u00e4 normaalisti tarkoittaa nollan tienoota vuorilla. Tarvittaisiinkin vain sit\u00e4 sadetta.<\/p>\n","protected":false},"excerpt":{"rendered":"<p>Mennyt kes\u00e4 on ollut kelien puolesta melkoisen arvaamaton. Alkukes\u00e4st\u00e4 t\u00e4\u00e4ll\u00e4 Vancouverissa manailtiin kylmint\u00e4 kes\u00e4kuuta 30 vuoteen sek\u00e4 v\u00e4hint\u00e4\u00e4n joka toinen p\u00e4iv\u00e4 saatuja kaatosateita. Kes\u00e4st\u00e4 ei ollut tietoakaan ja kuukauden keskil\u00e4mp\u00f6tila j\u00e4i 17,8 asteeseen (normaalisti 19,2 astetta). Sadetta saatiin kes\u00e4kuussa 76,8 millimetri\u00e4 kun normaali lukema on 54,8 milli\u00e4. Kaikki muuttui kuitenkin hein\u00e4kuun alkupuolella, jolloin kelit viimein &hellip; <a href=\"https:\/\/www.vuosiamaailmalla.fi\/blog\/2012\/ennatysten-kesa\/\" class=\"more-link\">Jatka lukemista<span class=\"screen-reader-text\"> &#8221;Enn\u00e4tysten kes\u00e4&#8221;<\/span><\/a><\/p>\n","protected":false},"author":1,"featured_media":0,"comment_status":"open","ping_status":"open","sticky":false,"template":"","format":"standard","meta":{"_jetpack_memberships_contains_paid_content":false,"footnotes":""},"categories":[17,3],"tags":[25,34,935,159,271,270,939],"class_list":["post-702","post","type-post","status-publish","format-standard","hentry","category-arki-kanadassa","category-arki-ulkomailla","tag-ajankohtaista","tag-arki","tag-kanada","tag-kesa","tag-sunshine-coast","tag-saa","tag-vancouver"],"jetpack_featured_media_url":"","jetpack_sharing_enabled":true,"_links":{"self":[{"href":"https:\/\/www.vuosiamaailmalla.fi\/blog\/wp-json\/wp\/v2\/posts\/702","targetHints":{"allow":["GET"]}}],"collection":[{"href":"https:\/\/www.vuosiamaailmalla.fi\/blog\/wp-json\/wp\/v2\/posts"}],"about":[{"href":"https:\/\/www.vuosiamaailmalla.fi\/blog\/wp-json\/wp\/v2\/types\/post"}],"author":[{"embeddable":true,"href":"https:\/\/www.vuosiamaailmalla.fi\/blog\/wp-json\/wp\/v2\/users\/1"}],"replies":[{"embeddable":true,"href":"https:\/\/www.vuosiamaailmalla.fi\/blog\/wp-json\/wp\/v2\/comments?post=702"}],"version-history":[{"count":2,"href":"https:\/\/www.vuosiamaailmalla.fi\/blog\/wp-json\/wp\/v2\/posts\/702\/revisions"}],"predecessor-version":[{"id":12328,"href":"https:\/\/www.vuosiamaailmalla.fi\/blog\/wp-json\/wp\/v2\/posts\/702\/revisions\/12328"}],"wp:attachment":[{"href":"https:\/\/www.vuosiamaailmalla.fi\/blog\/wp-json\/wp\/v2\/media?parent=702"}],"wp:term":[{"taxonomy":"category","embeddable":true,"href":"https:\/\/www.vuosiamaailmalla.fi\/blog\/wp-json\/wp\/v2\/categories?post=702"},{"taxonomy":"post_tag","embeddable":true,"href":"https:\/\/www.vuosiamaailmalla.fi\/blog\/wp-json\/wp\/v2\/tags?post=702"}],"curies":[{"name":"wp","href":"https:\/\/api.w.org\/{rel}","templated":true}]}}