{"id":7062,"date":"2015-08-17T08:00:40","date_gmt":"2015-08-17T15:00:40","guid":{"rendered":"http:\/\/13.53.127.146\/?p=7062"},"modified":"2021-01-01T12:27:30","modified_gmt":"2021-01-01T20:27:30","slug":"nyt-myos-sosiaalisessa-mediassa","status":"publish","type":"post","link":"https:\/\/www.vuosiamaailmalla.fi\/blog\/2015\/nyt-myos-sosiaalisessa-mediassa\/","title":{"rendered":"Nyt my\u00f6s sosiaalisessa mediassa"},"content":{"rendered":"<p style=\"text-align: justify;\">Kuten blogia pitk\u00e4\u00e4n lukeneet tiet\u00e4v\u00e4t, olen ollut melkoinen vastarannan kiiski sosiaalisen median suhteen. Vuonna 2011 <a href=\"https:\/\/www.vuosiamaailmalla.fi\/?p=974\">p\u00e4\u00e4tin poistaa<\/a> blogistani <em>Facebookin<\/em> tykk\u00e4\u00e4-napin perustelluista syist\u00e4. Maailma on kuitenkin muuttunut Eskoseni ja sosiaalinen media n\u00e4ytt\u00e4\u00e4 vakiinnuttaneen paikkansa ihmisten arjessa. Ja koska haluan palvella lukijoitani parhaalla mahdollisella tavalla, on Vuosia Maailmalla blogi nyt seurattavissa <a href=\"https:\/\/www.facebook.com\/pages\/Vuosia-Maailmalla\/685729794891190\">Facebookin<\/a> ja <em><a href=\"https:\/\/twitter.com\/vuosiamaailma\">Twitterin<\/a><\/em> (<strong>@vuosiamaailma<\/strong>) kautta, sek\u00e4 blogin kaikki videot n\u00e4ht\u00e4viss\u00e4 <a href=\"https:\/\/www.youtube.com\/user\/Klazu\"><em>Youtubessa<\/em><\/a>. Jokaisen kirjoituksen yhteydess\u00e4 on nyt my\u00f6s mahdollisuus jakaa kirjoitus Facebookissa, Twitteriss\u00e4, <em>Redditiss\u00e4<\/em>, <em>LinkedIniss\u00e4<\/em>, <em>Pinterestiss\u00e4<\/em> sek\u00e4 s\u00e4hk\u00f6postilla.<\/p>\n<p style=\"text-align: center;\"><a href=\"https:\/\/www.facebook.com\/pages\/Vuosia-Maailmalla\/685729794891190\"><img decoding=\"async\" class=\"zxsbvontwvrjngumomci osoloeztzatcuntdgzfm\" style=\"border-style: none;\" src=\"\/blog\/wp-content\/uploads\/general\/fb_icon_vari.jpg\" alt=\"Tykk\u00e4\u00e4 Facebookissa\" \/><\/a> <a href=\"https:\/\/twitter.com\/vuosiamaailma\"><img decoding=\"async\" class=\"zxsbvontwvrjngumomci osoloeztzatcuntdgzfm\" style=\"border-style: none;\" src=\"\/blog\/wp-content\/uploads\/general\/twitter_icon_vari.jpg\" alt=\"Seuraa Twitteriss\u00e4\" \/><\/a> <a href=\"https:\/\/www.youtube.com\/user\/Klazu\"><img decoding=\"async\" class=\"zxsbvontwvrjngumomci osoloeztzatcuntdgzfm\" style=\"border-style: none;\" src=\"\/blog\/wp-content\/uploads\/general\/youtube_icon_vari.jpg\" alt=\"\" \/><\/a><\/p>\n<p style=\"text-align: justify;\">Jos siis koet parhaaksi seurata blogiani n\u00e4iden medioiden kautta, ole hyv\u00e4 ja tykk\u00e4\u00e4 tai seuraa n\u00e4it\u00e4 tilej\u00e4 n\u00e4hd\u00e4ksesi uusimmat blogip\u00e4ivitykset heti tuoreimmiltaan. Sosiaalinen media tarjoaa my\u00f6s uuden reitin kommenttien sek\u00e4 palautteen antamiseksi. Vanhoja, mutta edelleen suositeltuja keinoja ovat my\u00f6s suora kommentointi kirjoitusten yhteyteen sek\u00e4 <a href=\"https:\/\/www.vuosiamaailmalla.fi\/?p=698\">kirjoitusten pisteytt\u00e4minen<\/a>, joista molemmista pid\u00e4n ja joita arvostan suuresti.<\/p>\n<p style=\"text-align: justify;\">Kiitos kaikesta annetusta palautteesta, sill\u00e4 se pit\u00e4\u00e4 yll\u00e4 intoani t\u00e4m\u00e4n blogin aktiiviseksi p\u00e4ivitt\u00e4miseksi vuodesta toiseen! Antoisia lukuhetki\u00e4 kaikille lukijoilleni. \ud83d\ude1b<\/p>\n","protected":false},"excerpt":{"rendered":"<p>Kuten blogia pitk\u00e4\u00e4n lukeneet tiet\u00e4v\u00e4t, olen ollut melkoinen vastarannan kiiski sosiaalisen median suhteen. Vuonna 2011 p\u00e4\u00e4tin poistaa blogistani Facebookin tykk\u00e4\u00e4-napin perustelluista syist\u00e4. Maailma on kuitenkin muuttunut Eskoseni ja sosiaalinen media n\u00e4ytt\u00e4\u00e4 vakiinnuttaneen paikkansa ihmisten arjessa. Ja koska haluan palvella lukijoitani parhaalla mahdollisella tavalla, on Vuosia Maailmalla blogi nyt seurattavissa Facebookin ja Twitterin (@vuosiamaailma) kautta, sek\u00e4 &hellip; <a href=\"https:\/\/www.vuosiamaailmalla.fi\/blog\/2015\/nyt-myos-sosiaalisessa-mediassa\/\" class=\"more-link\">Jatka lukemista<span class=\"screen-reader-text\"> &#8221;Nyt my\u00f6s sosiaalisessa mediassa&#8221;<\/span><\/a><\/p>\n","protected":false},"author":1,"featured_media":0,"comment_status":"open","ping_status":"open","sticky":false,"template":"","format":"standard","meta":{"_jetpack_memberships_contains_paid_content":false,"footnotes":""},"categories":[226],"tags":[107,123,928,929],"class_list":["post-7062","post","type-post","status-publish","format-standard","hentry","category-blogista","tag-facebook","tag-google","tag-twitter","tag-youtube"],"jetpack_featured_media_url":"","jetpack_sharing_enabled":true,"_links":{"self":[{"href":"https:\/\/www.vuosiamaailmalla.fi\/blog\/wp-json\/wp\/v2\/posts\/7062","targetHints":{"allow":["GET"]}}],"collection":[{"href":"https:\/\/www.vuosiamaailmalla.fi\/blog\/wp-json\/wp\/v2\/posts"}],"about":[{"href":"https:\/\/www.vuosiamaailmalla.fi\/blog\/wp-json\/wp\/v2\/types\/post"}],"author":[{"embeddable":true,"href":"https:\/\/www.vuosiamaailmalla.fi\/blog\/wp-json\/wp\/v2\/users\/1"}],"replies":[{"embeddable":true,"href":"https:\/\/www.vuosiamaailmalla.fi\/blog\/wp-json\/wp\/v2\/comments?post=7062"}],"version-history":[{"count":1,"href":"https:\/\/www.vuosiamaailmalla.fi\/blog\/wp-json\/wp\/v2\/posts\/7062\/revisions"}],"predecessor-version":[{"id":11180,"href":"https:\/\/www.vuosiamaailmalla.fi\/blog\/wp-json\/wp\/v2\/posts\/7062\/revisions\/11180"}],"wp:attachment":[{"href":"https:\/\/www.vuosiamaailmalla.fi\/blog\/wp-json\/wp\/v2\/media?parent=7062"}],"wp:term":[{"taxonomy":"category","embeddable":true,"href":"https:\/\/www.vuosiamaailmalla.fi\/blog\/wp-json\/wp\/v2\/categories?post=7062"},{"taxonomy":"post_tag","embeddable":true,"href":"https:\/\/www.vuosiamaailmalla.fi\/blog\/wp-json\/wp\/v2\/tags?post=7062"}],"curies":[{"name":"wp","href":"https:\/\/api.w.org\/{rel}","templated":true}]}}