{"id":7065,"date":"2012-08-09T18:16:30","date_gmt":"2012-08-10T01:16:30","guid":{"rendered":"http:\/\/13.53.127.146\/?p=7065"},"modified":"2021-02-01T19:48:26","modified_gmt":"2021-02-02T03:48:26","slug":"high-note-trail","status":"publish","type":"post","link":"https:\/\/www.vuosiamaailmalla.fi\/blog\/2012\/high-note-trail\/","title":{"rendered":"High Note Trail"},"content":{"rendered":"<p style=\"text-align: justify;\">Monet mielt\u00e4v\u00e4t Whistlerin laskettelukeskuksena jossa on tekemist\u00e4 <a href=\"https:\/\/www.vuosiamaailmalla.fi\/?p=2686\">vain talvella<\/a>. Vaikka talvi onkin Whistleriss\u00e4 vilkkainta aikaa, on keskus kehitt\u00e4nyt kovasti my\u00f6s kes\u00e4aktiviteettiensa puolta. Tarjolla on nykyisin muun muassa <a href=\"https:\/\/www.vuosiamaailmalla.fi\/?p=1828\">maastopy\u00f6r\u00e4ily\u00e4<\/a> laskettelurinteiden yhteyteen tehtyj\u00e4 pitki\u00e4 polkuja pitkin sek\u00e4 tietysti vaeltamista. Vaeltamista l\u00f6ytyy niin Whistlerin kyl\u00e4n ymp\u00e4rilt\u00e4 kuin ylh\u00e4\u00e4lt\u00e4 vuoriltakin. Maisemat ovat tietysti eeppisimm\u00e4t ylh\u00e4\u00e4ll\u00e4, jonne p\u00e4\u00e4st\u00e4kseen pit\u00e4\u00e4 kuitenkin ostaa viidenkympin hintainen hissilippu. Samalla pystyy kuitenkin katsastamaan my\u00f6s huikean <a href=\"https:\/\/www.vuosiamaailmalla.fi\/?p=7000\"><em>Peak 2 Peak<\/em> gondola-hissin<\/a> Blackcomb ja Whistler vuorten v\u00e4lill\u00e4. Itse vaelluspolkuja l\u00f6ytyy molemmilta vuorilla, mutta kaikkein suosituin polku on 9,5 kilometrin mittainen <em>High Note Trail<\/em> Whistler Mountainin puolella.<\/p>\n<p><!--more--><\/p>\n<p style=\"text-align: center;\"><a href=\"\/blog\/wp-content\/uploads\/2012\/whistlerin_huippu6.jpg\"><img decoding=\"async\" style=\"border: 0px none; margin: 5px;\" src=\"\/blog\/wp-content\/uploads\/2012\/thumbs\/thumbs_whistlerin_huippu6.jpg\" alt=\"\" \/><\/a><a href=\"\/blog\/wp-content\/uploads\/2012\/whistlerin_huippu.jpg\"><img decoding=\"async\" style=\"border: 0px none; margin: 5px;\" src=\"\/blog\/wp-content\/uploads\/2012\/thumbs\/thumbs_whistlerin_huippu.jpg\" alt=\"\" \/><\/a><a href=\"\/blog\/wp-content\/uploads\/2012\/hissi_whistlerin_huipulle.jpg\"><img decoding=\"async\" style=\"border: 0px none; margin: 5px;\" src=\"\/blog\/wp-content\/uploads\/2012\/thumbs\/thumbs_hissi_whistlerin_huipulle.jpg\" alt=\"\" \/><\/a><\/p>\n<p style=\"text-align: center;\"><em>Hissimatka Whisterlin huipulle<\/em><\/p>\n<p style=\"text-align: center;\"><a href=\"\/blog\/wp-content\/uploads\/2012\/whistlerin_huippu5.jpg\"><img decoding=\"async\" style=\"border: 0px none; margin: 5px;\" src=\"\/blog\/wp-content\/uploads\/2012\/whistlerin_huippu5.jpg\" alt=\"\" \/><\/a><\/p>\n<p style=\"text-align: center;\"><em>Tuolihissi korkeuksiin<\/em><\/p>\n<p style=\"text-align: justify;\">Polku alkaa aivan vuoren huipulta, joten sinne p\u00e4\u00e4st\u00e4kseen on otettava v\u00e4liasemalta tuolihissi 2160 metrin korkeuteen. Huipulta aukeaa kauniina p\u00e4iv\u00e4n\u00e4 mielett\u00f6m\u00e4n upeat 360 asteen vuoristomaisemat alas laaksoon. Viel\u00e4 n\u00e4in elokuussakin vuorten huipuilla on lunta, vaikka p\u00e4iv\u00e4l\u00e4mp\u00f6tila ylh\u00e4\u00e4ll\u00e4 saattaa nousta jopa +30 asteeseen. Joka puolella solisee sulamisvesist\u00e4 muodostuvia kirkasvetisi\u00e4 puroja kilpaa alas vuorenrinnett\u00e4.<\/p>\n<p style=\"text-align: center;\"><a href=\"\/blog\/wp-content\/uploads\/2012\/whistler_2160m.jpg\"><img decoding=\"async\" style=\"border: 0px none; margin: 5px;\" src=\"\/blog\/wp-content\/uploads\/2012\/whistler_2160m.jpg\" alt=\"\" \/><\/a><\/p>\n<p style=\"text-align: center;\"><em>T\u00e4st\u00e4 se alkaa<\/em><\/p>\n<p style=\"text-align: center;\"><a href=\"\/blog\/wp-content\/uploads\/2012\/whistlerin_huippu1.jpg\"><img decoding=\"async\" style=\"border: 0px none; margin: 5px;\" src=\"\/blog\/wp-content\/uploads\/2012\/whistlerin_huippu1.jpg\" alt=\"\" \/><\/a><\/p>\n<p style=\"text-align: center;\"><em>Kiviukkeli huipulla<\/em><\/p>\n<p style=\"text-align: center;\"><a href=\"\/blog\/wp-content\/uploads\/2012\/whistlerin_huippu2.jpg\"><img decoding=\"async\" style=\"border: 0px none; margin: 5px;\" src=\"\/blog\/wp-content\/uploads\/2012\/thumbs\/thumbs_whistlerin_huippu2.jpg\" alt=\"\" \/><\/a><a href=\"\/blog\/wp-content\/uploads\/2012\/whistlerin_huippu4.jpg\"><img decoding=\"async\" style=\"border: 0px none; margin: 5px;\" src=\"\/blog\/wp-content\/uploads\/2012\/thumbs\/thumbs_whistlerin_huippu4.jpg\" alt=\"\" \/><\/a><a href=\"\/blog\/wp-content\/uploads\/2012\/blackcomb_whistlerilta.jpg\"><img decoding=\"async\" style=\"border: 0px none; margin: 5px;\" src=\"\/blog\/wp-content\/uploads\/2012\/thumbs\/thumbs_blackcomb_whistlerilta.jpg\" alt=\"\" \/><\/a><\/p>\n<p style=\"text-align: center;\"><em>Huipun maisema Blackcombin suuntaan<\/em><\/p>\n<p style=\"text-align: center;\"><a href=\"\/blog\/wp-content\/uploads\/2012\/whistlerin_huippu3.jpg\"><img decoding=\"async\" style=\"border: 0px none; margin: 5px;\" src=\"\/blog\/wp-content\/uploads\/2012\/whistlerin_huippu3.jpg\" alt=\"\" \/><\/a><\/p>\n<p style=\"text-align: center;\"><em>Poseeraus huipulla<\/em><\/p>\n<p style=\"text-align: center;\"><a href=\"\/blog\/wp-content\/uploads\/2012\/whistler_kesapanoraama1.jpg\"><img decoding=\"async\" style=\"border: 0px none; margin: 5px;\" src=\"\/blog\/wp-content\/uploads\/2012\/whistler_kesapanoraama1_pieni.jpg\" alt=\"\" \/><\/a><\/p>\n<p style=\"text-align: center;\"><em>Whistlerin laakson panoraama<\/em><\/p>\n<p style=\"text-align: justify;\">Polku alkaa kivikkoisena laskeutumisena huipulta alasp\u00e4in. Vaikka polku onkin hyvin merkitty ja hyv\u00e4kuntoinen, tekee vaihteleva maasto etenemisest\u00e4 hidasta. Alasp\u00e4in laskeuduttaessa ei tule kuuma, mutta puuttomalla alppialueella porottava aurinko grillaa vaeltajaa armottomasti. Pienell\u00e4 huilitauolla n\u00e4imme kivikossa juoksentevan murmelin, joita on vuorilla paljon ja jotka ovat my\u00f6s antaneet nimens\u00e4 koko vuorelle. Whistler Mountainin alkuper\u00e4inen nimi oli nimitt\u00e4in London Mountain, mutta se muutettiin Whistleriksi 60-luvulla avautuneen ensimm\u00e4isen hiihtokeskuksen vuoksi. Nimi Whistler tulee puolestaan murmeleiden vihellyksist\u00e4 (eng. <em>whistle<\/em>), mik\u00e4 on hieman yll\u00e4tt\u00e4en \u00e4\u00e4ni jonka n\u00e4m\u00e4 p\u00f6rr\u00f6iset jyrsij\u00e4t p\u00e4\u00e4st\u00e4v\u00e4t.<\/p>\n<p style=\"text-align: center;\"><a href=\"\/blog\/wp-content\/uploads\/2012\/high_note_trail_maisema13.jpg\"><img decoding=\"async\" style=\"border: 0px none; margin: 5px;\" src=\"\/blog\/wp-content\/uploads\/2012\/thumbs\/thumbs_high_note_trail_maisema13.jpg\" alt=\"\" \/><\/a><a href=\"\/blog\/wp-content\/uploads\/2012\/high_note_trail_maisema1.jpg\"><img decoding=\"async\" style=\"border: 0px none; margin: 5px;\" src=\"\/blog\/wp-content\/uploads\/2012\/thumbs\/thumbs_high_note_trail_maisema1.jpg\" alt=\"\" \/><\/a><a href=\"\/blog\/wp-content\/uploads\/2012\/high_note_trail_maisema6.jpg\"><img decoding=\"async\" style=\"border: 0px none; margin: 5px;\" src=\"\/blog\/wp-content\/uploads\/2012\/thumbs\/thumbs_high_note_trail_maisema6.jpg\" alt=\"\" \/><\/a><\/p>\n<p style=\"text-align: center;\"><em>Alkumatkan kivikkoista polkua<br \/>\n<\/em><\/p>\n<p style=\"text-align: center;\"><a href=\"\/blog\/wp-content\/uploads\/2012\/murmeli1.jpg\"><img decoding=\"async\" style=\"border: 0px none; margin: 5px;\" src=\"\/blog\/wp-content\/uploads\/2012\/murmeli1.jpg\" alt=\"\" \/><\/a><\/p>\n<p style=\"text-align: center;\"><em>Vuorten asukki<\/em><\/p>\n<p style=\"text-align: justify;\">Jyrsij\u00f6iden lis\u00e4ksi katse hakeutuu pakostikin vastap\u00e4\u00e4t\u00e4 kohoavalle 2319 metri\u00e4 korkealle Black Tusk Mountain vuorelle. Vuoren ehdottomasti erottuvin osa on sen pikimusta huippu, jota paikalliset alkuasukkaat palvoivat aikoinaan pyh\u00e4n\u00e4 paikkana. Huipulle on mahdollista my\u00f6s tehd\u00e4 raskas vaellus, mik\u00e4 meid\u00e4n pit\u00e4\u00e4 ehdottomasti tehd\u00e4 jokin p\u00e4iv\u00e4.<\/p>\n<p style=\"text-align: center;\"><a href=\"\/blog\/wp-content\/uploads\/2012\/black_tusk3.jpg\"><img decoding=\"async\" style=\"border: 0px none; margin: 5px;\" src=\"\/blog\/wp-content\/uploads\/2012\/thumbs\/thumbs_black_tusk3.jpg\" alt=\"\" \/><\/a><a href=\"\/blog\/wp-content\/uploads\/2012\/black_tusk1.jpg\"><img decoding=\"async\" style=\"border: 0px none; margin: 5px;\" src=\"\/blog\/wp-content\/uploads\/2012\/thumbs\/thumbs_black_tusk1.jpg\" alt=\"\" \/><\/a><a href=\"\/blog\/wp-content\/uploads\/2012\/black_tusk2.jpg\"><img decoding=\"async\" style=\"border: 0px none; margin: 5px;\" src=\"\/blog\/wp-content\/uploads\/2012\/thumbs\/thumbs_black_tusk2.jpg\" alt=\"\" \/><\/a><\/p>\n<p style=\"text-align: center;\"><em>Helposti erottuva mustahammas<\/em><\/p>\n<p style=\"text-align: justify;\">Polku jatkuu seuraavat kilometrit tasaisena pitkin Whistlerin l\u00e4nsireunaa. T\u00e4ll\u00e4 etapilla tarjoutuu yksi parhaimmista mahdollisuuksista ihailla elokuussa kukkivia alppikukkaketoja. V\u00e4rik\u00e4s kukin on kes\u00e4n kaunis huipentuma n\u00e4ill\u00e4 muun vuoden hyvin kylmill\u00e4 ja karuilla huipuilla.<\/p>\n<p style=\"text-align: center;\"><a href=\"\/blog\/wp-content\/uploads\/2012\/whistler_kukkaketo1.jpg\"><img decoding=\"async\" style=\"border: 0px none; margin: 5px;\" src=\"\/blog\/wp-content\/uploads\/2012\/thumbs\/thumbs_whistler_kukkaketo1.jpg\" alt=\"\" \/><\/a><a href=\"\/blog\/wp-content\/uploads\/2012\/whistler_kukkaketo2.jpg\"><img decoding=\"async\" style=\"border: 0px none; margin: 5px;\" src=\"\/blog\/wp-content\/uploads\/2012\/thumbs\/thumbs_whistler_kukkaketo2.jpg\" alt=\"\" \/><\/a><a href=\"\/blog\/wp-content\/uploads\/2012\/high_note_trail_maisema2.jpg\"><img decoding=\"async\" style=\"border: 0px none; margin: 5px;\" src=\"\/blog\/wp-content\/uploads\/2012\/thumbs\/thumbs_high_note_trail_maisema2.jpg\" alt=\"\" \/><\/a><br \/>\n<a href=\"\/blog\/wp-content\/uploads\/2012\/high_note_trail_maisema3.jpg\"><img decoding=\"async\" style=\"border: 0px none; margin: 5px;\" src=\"\/blog\/wp-content\/uploads\/2012\/thumbs\/thumbs_high_note_trail_maisema3.jpg\" alt=\"\" \/><\/a><a href=\"\/blog\/wp-content\/uploads\/2012\/high_note_trail_maisema4.jpg\"><img decoding=\"async\" style=\"border: 0px none; margin: 5px;\" src=\"\/blog\/wp-content\/uploads\/2012\/thumbs\/thumbs_high_note_trail_maisema4.jpg\" alt=\"\" \/><\/a><\/p>\n<p style=\"text-align: center;\"><em>Kauniita alppikukkaketoja<\/em><\/p>\n<p style=\"text-align: center;\"><a href=\"\/blog\/wp-content\/uploads\/2012\/high_note_trail_maisema5.jpg\"><img decoding=\"async\" style=\"border: 0px none; margin: 5px;\" src=\"\/blog\/wp-content\/uploads\/2012\/thumbs\/thumbs_high_note_trail_maisema5.jpg\" alt=\"\" \/><\/a><a href=\"\/blog\/wp-content\/uploads\/2012\/vuoristolampi.jpg\"><img decoding=\"async\" style=\"border: 0px none; margin: 5px;\" src=\"\/blog\/wp-content\/uploads\/2012\/thumbs\/thumbs_vuoristolampi.jpg\" alt=\"\" \/><\/a><\/p>\n<p style=\"text-align: center;\"><em>Er\u00e4maata ja vuoria<\/em><\/p>\n<p style=\"text-align: justify;\">Reitin puoliv\u00e4liin saavuttaessa alkaa alapuolella n\u00e4kym\u00e4\u00e4n suuri Cheakamus Laken vuoristoj\u00e4rvi. Kauniin turkoosina loistava j\u00e4rvi on mielett\u00f6m\u00e4n upea n\u00e4ky taustallaan lumihuippuiset vuoret, joilta mineraalien v\u00e4rj\u00e4\u00e4m\u00e4 vesi on per\u00e4isin.<\/p>\n<p style=\"text-align: center;\"><a href=\"\/blog\/wp-content\/uploads\/2012\/cheakamus_lake.jpg\"><img decoding=\"async\" style=\"border: 0px none; margin: 5px;\" src=\"\/blog\/wp-content\/uploads\/2012\/cheakamus_lake.jpg\" alt=\"\" \/><\/a><\/p>\n<p style=\"text-align: center;\"><em>Turkoosi Cheakamus Lake<\/em><\/p>\n<p style=\"text-align: justify;\">Pian Cheakamus Laken j\u00e4lkeen polku k\u00e4\u00e4ntyy takaisin p\u00e4in ja maisemat muuttuvat erilaisiksi. Vuoren it\u00e4puolella reitti nimitt\u00e4in kulkee talvella laskettelurintein\u00e4 toimivien <a href=\"https:\/\/www.vuosiamaailmalla.fi\/?p=2753\">aavojen aukeiden<\/a> l\u00e4vitse. Kuumuus on tuulettomille aukeilla porottavaa, mutta onneksi vilvoitusta tarjoavat niin vuoristopurot kuin viile\u00e4t lumil\u00e4mp\u00e4reetkin.<\/p>\n<p style=\"text-align: center;\"><a href=\"\/blog\/wp-content\/uploads\/2012\/high_note_trail_maisema14.jpg\"><img decoding=\"async\" style=\"border: 0px none; margin: 5px;\" src=\"\/blog\/wp-content\/uploads\/2012\/thumbs\/thumbs_high_note_trail_maisema14.jpg\" alt=\"\" \/><\/a><a href=\"\/blog\/wp-content\/uploads\/2012\/high_note_trail_maisema8.jpg\"><img decoding=\"async\" style=\"border: 0px none; margin: 5px;\" src=\"\/blog\/wp-content\/uploads\/2012\/thumbs\/thumbs_high_note_trail_maisema8.jpg\" alt=\"\" \/><\/a><a href=\"\/blog\/wp-content\/uploads\/2012\/high_note_trail_maisema10.jpg\"><img decoding=\"async\" style=\"border: 0px none; margin: 5px;\" src=\"\/blog\/wp-content\/uploads\/2012\/thumbs\/thumbs_high_note_trail_maisema10.jpg\" alt=\"\" \/><\/a><\/p>\n<p style=\"text-align: center;\"><em>Paluumatkan erilaiset maisemat<\/em><\/p>\n<p style=\"text-align: center;\"><a href=\"\/blog\/wp-content\/uploads\/2012\/high_note_trail_maisema12.jpg\"><img decoding=\"async\" style=\"border: 0px none; margin: 5px;\" src=\"\/blog\/wp-content\/uploads\/2012\/thumbs\/thumbs_high_note_trail_maisema12.jpg\" alt=\"\" \/><\/a><a href=\"\/blog\/wp-content\/uploads\/2012\/high_note_trail_maisema7.jpg\"><img decoding=\"async\" style=\"border: 0px none; margin: 5px;\" src=\"\/blog\/wp-content\/uploads\/2012\/thumbs\/thumbs_high_note_trail_maisema7.jpg\" alt=\"\" \/><\/a><\/p>\n<p style=\"text-align: center;\"><em>Vilvoitusta matkalla<\/em><\/p>\n<p style=\"text-align: justify;\">Maasto on loppumatkan kivikkoista ja vaatii kahden harjanteen ylityst\u00e4. Kaikkialta aukeaa kuitenkin koko ajan niin upeat maisemat, ettei puuskuttamista edes huomaa. Onneksemme elokuussa ei ole en\u00e4\u00e4 paljoa itikoita, jotka voivat olla alkukes\u00e4st\u00e4 melkoinen vitsaus juuri paljastuneilla vuorenhuipuilla.<\/p>\n<p style=\"text-align: center;\"><a href=\"\/blog\/wp-content\/uploads\/2012\/high_note_trail_maisema11.jpg\"><img decoding=\"async\" style=\"border: 0px none; margin: 5px;\" src=\"\/blog\/wp-content\/uploads\/2012\/high_note_trail_maisema11.jpg\" alt=\"\" \/><\/a><\/p>\n<p style=\"text-align: center;\"><em>Kivikkoinen paluumatka<\/em><\/p>\n<p style=\"text-align: center;\"><a href=\"\/blog\/wp-content\/uploads\/2012\/high_note_trail_maisema9.jpg\"><img decoding=\"async\" style=\"border: 0px none; margin: 5px;\" src=\"\/blog\/wp-content\/uploads\/2012\/thumbs\/thumbs_high_note_trail_maisema9.jpg\" alt=\"\" \/><\/a><\/p>\n<p style=\"text-align: center;\"><em>Harjannetta ylitt\u00e4m\u00e4ss\u00e4<\/em><\/p>\n<p style=\"text-align: justify;\">Meilt\u00e4 kului High Note Trailin kiert\u00e4miseen aikaa noin kolme ja puoli tuntia, mutta nautimme jokaisesta hetkest\u00e4. P\u00e4iv\u00e4 oli kyll\u00e4 todella l\u00e4mmin ja siksi jopa korkealla oli melkein tukalaa, mutta reitin maisemat olivat ehdottomasti kaiken sen vaivan arvoista. Whistler Mountain on meille hyvin tuttu <a href=\"https:\/\/www.vuosiamaailmalla.fi\/?p=3938\">laskettelukausilta<\/a>, mutta maisemat ovat kiehtovan erilaiset kes\u00e4ll\u00e4 ja ilman suksia nautittaessa. T\u00e4m\u00e4 vaellus nouseekin t\u00e4ss\u00e4 vaiheessa korkealle suosikkireittiemme listalla!<\/p>\n<p style=\"text-align: center;\"><a href=\"\/blog\/wp-content\/uploads\/2012\/whistler_kesapanoraama2.jpg\"><img decoding=\"async\" style=\"border: 0px none; margin: 5px;\" src=\"\/blog\/wp-content\/uploads\/2012\/whistler_kesapanoraama2_pieni.jpg\" alt=\"\" \/><\/a><\/p>\n<p style=\"text-align: center;\"><em>Viiden t\u00e4hden vaellusmaisemat<\/em><\/p>\n","protected":false},"excerpt":{"rendered":"<p>Monet mielt\u00e4v\u00e4t Whistlerin laskettelukeskuksena jossa on tekemist\u00e4 vain talvella. Vaikka talvi onkin Whistleriss\u00e4 vilkkainta aikaa, on keskus kehitt\u00e4nyt kovasti my\u00f6s kes\u00e4aktiviteettiensa puolta. Tarjolla on nykyisin muun muassa maastopy\u00f6r\u00e4ily\u00e4 laskettelurinteiden yhteyteen tehtyj\u00e4 pitki\u00e4 polkuja pitkin sek\u00e4 tietysti vaeltamista. Vaeltamista l\u00f6ytyy niin Whistlerin kyl\u00e4n ymp\u00e4rilt\u00e4 kuin ylh\u00e4\u00e4lt\u00e4 vuoriltakin. Maisemat ovat tietysti eeppisimm\u00e4t ylh\u00e4\u00e4ll\u00e4, jonne p\u00e4\u00e4st\u00e4kseen pit\u00e4\u00e4 kuitenkin &hellip; <a href=\"https:\/\/www.vuosiamaailmalla.fi\/blog\/2012\/high-note-trail\/\" class=\"more-link\">Jatka lukemista<span class=\"screen-reader-text\"> &#8221;High Note Trail&#8221;<\/span><\/a><\/p>\n","protected":false},"author":1,"featured_media":11514,"comment_status":"open","ping_status":"open","sticky":false,"template":"","format":"standard","meta":{"_jetpack_memberships_contains_paid_content":false,"footnotes":""},"categories":[17,3,774,15],"tags":[931,930,935,159,938,218],"class_list":["post-7065","post","type-post","status-publish","format-standard","has-post-thumbnail","hentry","category-arki-kanadassa","category-arki-ulkomailla","category-ulkoilu","category-vaeltaminen","tag-cheakamus-lake","tag-high-note-trail","tag-kanada","tag-kesa","tag-vaellus","tag-whistler"],"jetpack_featured_media_url":"https:\/\/www.vuosiamaailmalla.fi\/blog\/wp-content\/uploads\/cheakamus_lake_banner.jpg","jetpack_sharing_enabled":true,"_links":{"self":[{"href":"https:\/\/www.vuosiamaailmalla.fi\/blog\/wp-json\/wp\/v2\/posts\/7065","targetHints":{"allow":["GET"]}}],"collection":[{"href":"https:\/\/www.vuosiamaailmalla.fi\/blog\/wp-json\/wp\/v2\/posts"}],"about":[{"href":"https:\/\/www.vuosiamaailmalla.fi\/blog\/wp-json\/wp\/v2\/types\/post"}],"author":[{"embeddable":true,"href":"https:\/\/www.vuosiamaailmalla.fi\/blog\/wp-json\/wp\/v2\/users\/1"}],"replies":[{"embeddable":true,"href":"https:\/\/www.vuosiamaailmalla.fi\/blog\/wp-json\/wp\/v2\/comments?post=7065"}],"version-history":[{"count":2,"href":"https:\/\/www.vuosiamaailmalla.fi\/blog\/wp-json\/wp\/v2\/posts\/7065\/revisions"}],"predecessor-version":[{"id":11516,"href":"https:\/\/www.vuosiamaailmalla.fi\/blog\/wp-json\/wp\/v2\/posts\/7065\/revisions\/11516"}],"wp:featuredmedia":[{"embeddable":true,"href":"https:\/\/www.vuosiamaailmalla.fi\/blog\/wp-json\/wp\/v2\/media\/11514"}],"wp:attachment":[{"href":"https:\/\/www.vuosiamaailmalla.fi\/blog\/wp-json\/wp\/v2\/media?parent=7065"}],"wp:term":[{"taxonomy":"category","embeddable":true,"href":"https:\/\/www.vuosiamaailmalla.fi\/blog\/wp-json\/wp\/v2\/categories?post=7065"},{"taxonomy":"post_tag","embeddable":true,"href":"https:\/\/www.vuosiamaailmalla.fi\/blog\/wp-json\/wp\/v2\/tags?post=7065"}],"curies":[{"name":"wp","href":"https:\/\/api.w.org\/{rel}","templated":true}]}}