{"id":7117,"date":"2015-08-25T18:14:25","date_gmt":"2015-08-26T01:14:25","guid":{"rendered":"http:\/\/13.53.127.146\/?p=7117"},"modified":"2017-06-04T09:59:18","modified_gmt":"2017-06-04T16:59:18","slug":"kuvankaunis-joffre-lakes","status":"publish","type":"post","link":"https:\/\/www.vuosiamaailmalla.fi\/blog\/2015\/kuvankaunis-joffre-lakes\/","title":{"rendered":"Kuvankaunis Joffre Lakes"},"content":{"rendered":"<p style=\"text-align: justify;\">Elokuun alussa vietetty <em>British Columbia Dayn<\/em> pitk\u00e4 viikonloppu sai meid\u00e4t varaamaan lyhyell\u00e4 varoitusajalla kahden y\u00f6n majoitus Pembertonista. Vaikka Pembertoniin voikin ajaa ihan p\u00e4iv\u00e4selt\u00e4\u00e4n Vancouverista (et\u00e4isyys noin 150 kilometri\u00e4), mahdollistaa perill\u00e4 y\u00f6pyminen kuitenkin tutkia ymp\u00e4r\u00f6ivi\u00e4 vuoristoja aivan eri tavalla.<\/p>\n<p><!--more--><\/p>\n<p style=\"text-align: justify;\">Kes\u00e4 voi olla Pembertonissa eritt\u00e4in kuuma ja yli +35 asteen l\u00e4mp\u00f6tilat ovat t\u00e4ysin normaaleja. Viikonloppu ei ollut t\u00e4st\u00e4 poikkeava, vaan elohopea kohosi sek\u00e4 lauantaina ett\u00e4 sunnuntaina l\u00e4helle kyseist\u00e4 lukemaa. Pieness\u00e4 Pembertonissa on vain kolme majapaikkaa ja olimmekin melko yll\u00e4ttyneit\u00e4 ettei varaamassamme hotellissa ollut ilmastointia. Sellaisen kun luulisi olevan pakollinen t\u00e4ll\u00e4isella paikkakunnalla. Onneksi y\u00f6t olivat kuitenkin huomattavasti p\u00e4ivi\u00e4 viile\u00e4mpi\u00e4 ja niinp\u00e4 saimmekin nukuttua hyvin.<\/p>\n<p style=\"text-align: justify;\">Pembertonin l\u00e4hettyvill\u00e4 on roihunnut koko kes\u00e4n <a href=\"https:\/\/www.vuosiamaailmalla.fi\/?p=5914\">suuri mets\u00e4palo<\/a>, jonka savu v\u00e4rj\u00e4si edelleen laakson taivaan harmaaksi. Olimmekin hieman huolissamme lauantaisesta vaelluksestamme kehutulle Joffre Lakesille, mutta ilahduttavasti savu ei ollut saavuttanut t\u00e4t\u00e4 laaksoa ja taivas perill\u00e4 oli kauniin sininen. \ud83d\ude1b<\/p>\n<p style=\"text-align: center;\"><a href=\"\/blog\/wp-content\/uploads\/2015\/joffre_lake_trail.jpg\"><img decoding=\"async\" style=\"border: 0px none; margin: 5px;\" src=\"\/blog\/wp-content\/uploads\/2015\/joffre_lake_trail.jpg\" alt=\"\" \/><\/a><\/p>\n<p style=\"text-align: center;\"><em>Joffre Lakesin puisto<\/em><\/p>\n<p style=\"text-align: justify;\">Jos nimi Joffre Lakes kuulostaa tutulta, olet oikeassa. Olemme vierailleet alueella <a href=\"https:\/\/www.vuosiamaailmalla.fi\/?p=2118\">useaan<\/a> <a href=\"https:\/\/www.vuosiamaailmalla.fi\/?p=2193\">otteeseen<\/a>, mutta emme ole koskaan suunnanneet aivan parkkipaikan vieress\u00e4 sijaitsevaa ensimm\u00e4ist\u00e4 j\u00e4rve\u00e4 edemm\u00e4s. Suunnitelmamme olikin tehd\u00e4 t\u00e4h\u00e4n nyt muutos ja vaeltaa p\u00e4iv\u00e4n aikana kahdelle ylemm\u00e4lle j\u00e4rvelle. \ud83d\ude42<\/p>\n<p style=\"text-align: center;\"><a href=\"\/blog\/wp-content\/uploads\/2015\/ruuhkaa_parkkipaikalla.jpg\"><img decoding=\"async\" style=\"border: 0px none; margin: 5px;\" src=\"\/blog\/wp-content\/uploads\/2015\/thumbs\/thumbs_ruuhkaa_parkkipaikalla.jpg\" alt=\"\" \/><\/a><a href=\"\/blog\/wp-content\/uploads\/2015\/joffre_lake_trail1.jpg\"><img decoding=\"async\" style=\"border: 0px none; margin: 5px;\" src=\"\/blog\/wp-content\/uploads\/2015\/thumbs\/thumbs_joffre_lake_trail1.jpg\" alt=\"\" \/><\/a><\/p>\n<p style=\"text-align: center;\"><em>Parkkipaikka t\u00e4yttyy nopeasti<\/em><\/p>\n<p style=\"text-align: center;\"><a href=\"\/blog\/wp-content\/uploads\/2015\/penkki_kauniilla_paikalla.jpg\"><img decoding=\"async\" style=\"border: 0px none; margin: 5px;\" src=\"\/blog\/wp-content\/uploads\/2015\/thumbs\/thumbs_penkki_kauniilla_paikalla.jpg\" alt=\"\" \/><\/a><a href=\"\/blog\/wp-content\/uploads\/2015\/lower_joffre_lake_pilkahdus.jpg\"><img decoding=\"async\" style=\"border: 0px none; margin: 5px;\" src=\"\/blog\/wp-content\/uploads\/2015\/thumbs\/thumbs_lower_joffre_lake_pilkahdus.jpg\" alt=\"\" \/><\/a><\/p>\n<p style=\"text-align: center;\"><em>Alimmaltakin j\u00e4rvelt\u00e4 on hieno maisema<\/em><\/p>\n<p style=\"text-align: center;\"><a href=\"\/blog\/wp-content\/uploads\/2015\/lower_joffre_lake_panoraama.jpg\"><img decoding=\"async\" style=\"border: 0px none; margin: 5px;\" src=\"\/blog\/wp-content\/uploads\/2015\/lower_joffre_lake_panoraama_pieni.jpg\" alt=\"\" \/><\/a><\/p>\n<p style=\"text-align: justify;\">Saapuessamme paikalle aamukymmenelt\u00e4, oli parkkipaikka jo melkein t\u00e4ynn\u00e4. Parin viime vuoden aikana Joffre Lakesista on muodostunut eritt\u00e4in suosittu p\u00e4iv\u00e4vaellus, varsinkin sen j\u00e4lkeen kun yl\u00f6s johtava polku tehtiin t\u00e4ysin uusiksi. En\u00e4\u00e4 ei retkel\u00e4isten tarvitse kivuta suurten lohkareiden ylitse keskimm\u00e4iselle j\u00e4rvelle p\u00e4\u00e4st\u00e4kseen, vaan uusi polku on tasainen ja hyv\u00e4 kulkea. Jyrkk\u00e4 se on silti edelleen ja yl\u00f6sp\u00e4in kivutessa saakin hyvin hien pintaan.<\/p>\n<p style=\"text-align: center;\"><a href=\"\/blog\/wp-content\/uploads\/2015\/joffre_lake_trail5.jpg\"><img decoding=\"async\" style=\"border: 0px none; margin: 5px;\" src=\"\/blog\/wp-content\/uploads\/2015\/thumbs\/thumbs_joffre_lake_trail5.jpg\" alt=\"\" \/><\/a><a href=\"\/blog\/wp-content\/uploads\/2015\/joffre_lake_trail4.jpg\"><img decoding=\"async\" style=\"border: 0px none; margin: 5px;\" src=\"\/blog\/wp-content\/uploads\/2015\/thumbs\/thumbs_joffre_lake_trail4.jpg\" alt=\"\" \/><\/a><a href=\"\/blog\/wp-content\/uploads\/2015\/joffre_lake_trail6.jpg\"><img decoding=\"async\" style=\"border: 0px none; margin: 5px;\" src=\"\/blog\/wp-content\/uploads\/2015\/thumbs\/thumbs_joffre_lake_trail6.jpg\" alt=\"\" \/><\/a><\/p>\n<p style=\"text-align: center;\"><em>Polku halki mets\u00e4n<\/em><\/p>\n<p style=\"text-align: center;\"><a href=\"\/blog\/wp-content\/uploads\/2015\/joffre_lake_trail2.jpg\"><img decoding=\"async\" style=\"border: 0px none; margin: 5px;\" src=\"\/blog\/wp-content\/uploads\/2015\/joffre_lake_trail2.jpg\" alt=\"\" \/><\/a><\/p>\n<p style=\"text-align: center;\"><em>Virkist\u00e4v\u00e4\u00e4 vuoristovett\u00e4<\/em><\/p>\n<p style=\"text-align: center;\"><a href=\"\/blog\/wp-content\/uploads\/2015\/joffre_lake_trail8.jpg\"><img decoding=\"async\" style=\"border: 0px none; margin: 5px;\" src=\"\/blog\/wp-content\/uploads\/2015\/thumbs\/thumbs_joffre_lake_trail8.jpg\" alt=\"\" \/><\/a><a href=\"\/blog\/wp-content\/uploads\/2015\/joffre_lake_trail3.jpg\"><img decoding=\"async\" style=\"border: 0px none; margin: 5px;\" src=\"\/blog\/wp-content\/uploads\/2015\/thumbs\/thumbs_joffre_lake_trail3.jpg\" alt=\"\" \/><\/a><a href=\"\/blog\/wp-content\/uploads\/2015\/joffre_lake_trail7.jpg\"><img decoding=\"async\" style=\"border: 0px none; margin: 5px;\" src=\"\/blog\/wp-content\/uploads\/2015\/thumbs\/thumbs_joffre_lake_trail7.jpg\" alt=\"\" \/><\/a><\/p>\n<p style=\"text-align: center;\"><em>Polku keskimm\u00e4iselle j\u00e4rvelle<\/em><\/p>\n<p style=\"text-align: justify;\">Matka keskimm\u00e4iselle j\u00e4rvelle kest\u00e4\u00e4 noin tunnin verran, mutta perill\u00e4 vaiva palkitaan huikeilla maisemilla. Edess\u00e4 levitt\u00e4ytyy turkoosinsininen tyyni vuoristoj\u00e4rvi, ymp\u00e4rill\u00e4\u00e4n korkeat vuoret. Silm\u00e4 hakeutuu v\u00e4litt\u00f6m\u00e4sti suureen <em>Matier Glacierin<\/em> j\u00e4\u00e4tikk\u00f6\u00f6n, joka roikkuu ymp\u00e4r\u00f6ivien vuorten p\u00e4\u00e4lt\u00e4.<\/p>\n<p style=\"text-align: center;\"><a href=\"\/blog\/wp-content\/uploads\/2015\/pose_middle_lakella1.jpg\"><img decoding=\"async\" style=\"border: 0px none; margin: 5px;\" src=\"\/blog\/wp-content\/uploads\/2015\/thumbs\/thumbs_pose_middle_lakella1.jpg\" alt=\"\" \/><\/a><a href=\"\/blog\/wp-content\/uploads\/2015\/pose_middle_lakella2.jpg\"><img decoding=\"async\" style=\"border: 0px none; margin: 5px;\" src=\"\/blog\/wp-content\/uploads\/2015\/thumbs\/thumbs_pose_middle_lakella2.jpg\" alt=\"\" \/><\/a><\/p>\n<p style=\"text-align: center;\"><em>Poseeraus kauniilla keskij\u00e4rvell\u00e4<\/em><\/p>\n<p style=\"text-align: center;\"><a href=\"\/blog\/wp-content\/uploads\/2015\/middle_joffre_lake_panoraama.jpg\"><img decoding=\"async\" style=\"border: 0px none; margin: 5px;\" src=\"\/blog\/wp-content\/uploads\/2015\/middle_joffre_lake_panoraama_pieni.jpg\" alt=\"\" \/><\/a><\/p>\n<p style=\"text-align: center;\"><em>Mahtava maisema lev\u00e4ht\u00e4\u00e4<\/em><\/p>\n<p style=\"text-align: justify;\">Keskimm\u00e4iselt\u00e4 j\u00e4rvelt\u00e4 eteenp\u00e4in jatkuvaa polkua ei ole kunnostettu ja k\u00e4vely muuttuukin vaeltamiseksi. Isoja kivenlohkareita on raskasta nousta ja on syyt\u00e4 olla varovainen horjahtamisen suhteen. Puolimatkassa polun vieress\u00e4 solisee kaunis ylemm\u00e4lt\u00e4 j\u00e4rvelt\u00e4 vetens\u00e4 saava vesiputous, jonka luona on hyv\u00e4 hetken heng\u00e4ht\u00e4\u00e4.<\/p>\n<p style=\"text-align: center;\"><a href=\"\/blog\/wp-content\/uploads\/2015\/koski_upper_lakelta.jpg\"><img decoding=\"async\" style=\"border: 0px none; margin: 5px;\" src=\"\/blog\/wp-content\/uploads\/2015\/koski_upper_lakelta.jpg\" alt=\"\" \/><\/a><\/p>\n<p style=\"text-align: center;\"><em>Koski ylemm\u00e4lt\u00e4 j\u00e4rvelt\u00e4<\/em><\/p>\n<p style=\"text-align: justify;\">Ylemm\u00e4lle j\u00e4rvelle on keskimm\u00e4iselt\u00e4 j\u00e4rvelt\u00e4 noin puolen tunnin matka ja sinne saavuttua on kuin toisessa maailmassa. 1564 metrin korkeudessa sijaitsevaa kaunista vuoristoj\u00e4rve\u00e4 ymp\u00e4r\u00f6iv\u00e4t jopa 2783 metriin kohoavat kiviset vuorenhuiput, joilla sijaitsee yhteens\u00e4 kolme suurta j\u00e4\u00e4tikk\u00f6\u00e4. Matier Glacier on j\u00e4\u00e4tik\u00f6ist\u00e4 kaikkein suurin ja n\u00e4kyy aina alimmalle j\u00e4rvelle saakka. Sen vieress\u00e4 sijaitsevat kuitenkin my\u00f6s pienemm\u00e4t <em>Stonecrop Glacier<\/em> sek\u00e4 <em>Tszil Glacier<\/em>, jotka n\u00e4ytt\u00e4v\u00e4t alhaalta yhdelt\u00e4 ja samalta j\u00e4\u00e4tik\u00f6lt\u00e4.<\/p>\n<p style=\"text-align: center;\"><a href=\"\/blog\/wp-content\/uploads\/2015\/upper_joffre_lake_jaatikko.jpg\"><img decoding=\"async\" style=\"border: 0px none; margin: 5px;\" src=\"\/blog\/wp-content\/uploads\/2015\/upper_joffre_lake_jaatikko.jpg\" alt=\"\" \/><\/a><\/p>\n<p style=\"text-align: center;\"><em>Matier Glacier<\/em><\/p>\n<p style=\"text-align: justify;\">Ymp\u00e4r\u00f6iv\u00e4st\u00e4 maisemasta n\u00e4kee, ett\u00e4 j\u00e4\u00e4tikk\u00f6j\u00e4 on ollut aiemmin viel\u00e4 enemm\u00e4nkin ja ett\u00e4 j\u00e4ljell\u00e4 olevatkin ovat aiemmin ylt\u00e4neet aina j\u00e4rvelle saakka. Mutta kuten muuallakin maailmassa, my\u00f6s n\u00e4m\u00e4 mahtavat j\u00e4\u00e4tik\u00f6t vet\u00e4ytyv\u00e4t kaiken aikaa ja n\u00e4in l\u00e4mpim\u00e4n\u00e4 kes\u00e4n\u00e4 niilt\u00e4 valuvatkin suuret purot, jotka t\u00e4ydent\u00e4v\u00e4t j\u00e4rve\u00e4 kaiken aikaa. J\u00e4\u00e4tik\u00f6iden juureenkin on mahdollista vaeltaa, mutta se vaatii viel\u00e4 300 metrin nousun yl\u00f6s kivikkoista sein\u00e4m\u00e4\u00e4, johon meill\u00e4 ei ollut en\u00e4\u00e4 virtaa.<\/p>\n<p style=\"text-align: center;\"><a href=\"\/blog\/wp-content\/uploads\/2015\/jaatikkopuro1.jpg\"><img decoding=\"async\" style=\"border: 0px none; margin: 5px;\" src=\"\/blog\/wp-content\/uploads\/2015\/jaatikkopuro1.jpg\" alt=\"\" \/><\/a><\/p>\n<p style=\"text-align: center;\"><em>Puro j\u00e4\u00e4tik\u00f6lt\u00e4<\/em><\/p>\n<p style=\"text-align: center;\"><a href=\"\/blog\/wp-content\/uploads\/2015\/upper_joffre_lake_panoraama1.jpg\"><img decoding=\"async\" style=\"border: 0px none; margin: 5px;\" src=\"\/blog\/wp-content\/uploads\/2015\/upper_joffre_lake_panoraama1_pieni.jpg\" alt=\"\" \/><\/a><\/p>\n<p style=\"text-align: center;\"><em>Kuvankaunis Upper Joffre Lake<\/em><\/p>\n<p style=\"text-align: justify;\">Upper Joffre Laken p\u00e4\u00e4ss\u00e4 suuren kivikon keskell\u00e4 sijaitsee leirint\u00e4alue, joka oli n\u00e4in pitk\u00e4n kes\u00e4viikonlopun aikaan t\u00e4ynn\u00e4 telttoja. Y\u00f6pyminen vuoristossa t\u00e4htien alla t\u00e4llaisissa maisemissa on varmasti mahtava kokemus ja tuolloin on varmasti my\u00f6s voimia tutkia ymp\u00e4r\u00f6ivi\u00e4 j\u00e4\u00e4tik\u00f6it\u00e4 l\u00e4hemp\u00e4\u00e4.<\/p>\n<p style=\"text-align: center;\"><a href=\"\/blog\/wp-content\/uploads\/2015\/upper_joffre_lake_leirialue1.jpg\"><img decoding=\"async\" style=\"border: 0px none; margin: 5px;\" src=\"\/blog\/wp-content\/uploads\/2015\/thumbs\/thumbs_upper_joffre_lake_leirialue1.jpg\" alt=\"\" \/><\/a><a href=\"\/blog\/wp-content\/uploads\/2015\/upper_joffre_lake_leirialue3.jpg\"><img decoding=\"async\" style=\"border: 0px none; margin: 5px;\" src=\"\/blog\/wp-content\/uploads\/2015\/thumbs\/thumbs_upper_joffre_lake_leirialue3.jpg\" alt=\"\" \/><\/a><a href=\"\/blog\/wp-content\/uploads\/2015\/upper_joffre_lake_leirialue4.jpg\"><img decoding=\"async\" style=\"border: 0px none; margin: 5px;\" src=\"\/blog\/wp-content\/uploads\/2015\/thumbs\/thumbs_upper_joffre_lake_leirialue4.jpg\" alt=\"\" \/><\/a><br \/>\n<a href=\"\/blog\/wp-content\/uploads\/2015\/upper_joffre_lake_leirialue2.jpg\"><img decoding=\"async\" style=\"border: 0px none; margin: 5px;\" src=\"\/blog\/wp-content\/uploads\/2015\/thumbs\/thumbs_upper_joffre_lake_leirialue2.jpg\" alt=\"\" \/><\/a><a href=\"\/blog\/wp-content\/uploads\/2015\/ruokasailo.jpg\"><img decoding=\"async\" style=\"border: 0px none; margin: 5px;\" src=\"\/blog\/wp-content\/uploads\/2015\/thumbs\/thumbs_ruokasailo.jpg\" alt=\"\" \/><\/a><\/p>\n<p style=\"text-align: center;\"><em>Leiripaikka kivikossa<\/em><\/p>\n<p style=\"text-align: center;\"><a href=\"\/blog\/wp-content\/uploads\/2015\/hatalaskeutumispaikka.jpg\"><img decoding=\"async\" style=\"border: 0px none; margin: 5px;\" src=\"\/blog\/wp-content\/uploads\/2015\/hatalaskeutumispaikka.jpg\" alt=\"\" \/><\/a><\/p>\n<p style=\"text-align: center;\"><em>Helikopterin h\u00e4t\u00e4laskeutumispaikka<\/em><\/p>\n<p style=\"text-align: justify;\">Me suuntasimme matkamme j\u00e4rven p\u00e4\u00e4ss\u00e4 sijaitsevalle suurelle kalliolle, jolla p\u00e4\u00e4timme sy\u00f6d\u00e4 ev\u00e4\u00e4mme. Sinne p\u00e4\u00e4seminen edellytti kuitenkin j\u00e4\u00e4kylm\u00e4n puron ylitt\u00e4mist\u00e4 paljain jaloin (vesi oli todella kylm\u00e4\u00e4!), mutta onneksi l\u00e4mpim\u00e4ll\u00e4 kalliolla oli mukava kuivatella jalkoja.<\/p>\n<p style=\"text-align: center;\"><a href=\"\/blog\/wp-content\/uploads\/2015\/jainen_puron_ylitys.jpg\"><img decoding=\"async\" style=\"border: 0px none; margin: 5px;\" src=\"\/blog\/wp-content\/uploads\/2015\/jainen_puron_ylitys.jpg\" alt=\"\" \/><\/a><\/p>\n<p style=\"text-align: center;\"><em>Kylm\u00e4\u00e4 j\u00e4\u00e4tikk\u00f6vett\u00e4!<\/em><\/p>\n<p style=\"text-align: center;\"><a href=\"\/blog\/wp-content\/uploads\/2015\/upper_joffre_lake_harjanteella2.jpg\"><img decoding=\"async\" style=\"border: 0px none; margin: 5px;\" src=\"\/blog\/wp-content\/uploads\/2015\/thumbs\/thumbs_upper_joffre_lake_harjanteella2.jpg\" alt=\"\" \/><\/a><a href=\"\/blog\/wp-content\/uploads\/2015\/upper_joffre_lake_harjanteella1.jpg\"><img decoding=\"async\" style=\"border: 0px none; margin: 5px;\" src=\"\/blog\/wp-content\/uploads\/2015\/thumbs\/thumbs_upper_joffre_lake_harjanteella1.jpg\" alt=\"\" \/><\/a><\/p>\n<p style=\"text-align: center;\"><em>Ei hassumpi lounaspaikka<\/em><\/p>\n<p style=\"text-align: center;\"><a href=\"\/blog\/wp-content\/uploads\/2015\/upper_joffre_lake_panoraama3.jpg\"><img decoding=\"async\" style=\"border: 0px none; margin: 5px;\" src=\"\/blog\/wp-content\/uploads\/2015\/upper_joffre_lake_panoraama3_pieni.jpg\" alt=\"\" \/><\/a><\/p>\n<p style=\"text-align: center;\"><em>Sanattomaksi vet\u00e4v\u00e4 maisema<\/em><\/p>\n<p style=\"text-align: justify;\">Siin\u00e4 ev\u00e4it\u00e4 sy\u00f6dess\u00e4mme emme voineet kuin kilpaa kehua paikan kauneutta. Joffre Lakes kuuluu ehdottomasti kauniimpien n\u00e4kemiemme paikkojen joukkoon ja on ehdottomasti samalla tasolla kuin Banffin luonnonpuisto Kalliovuorilla. Itse asiassa Matier Glacier on ehk\u00e4 jopa n\u00e4ytt\u00e4v\u00e4mpi kuin maailmankuulun Lake Louisen taustalla h\u00e4\u00e4m\u00f6tt\u00e4v\u00e4t j\u00e4\u00e4tik\u00f6t.<\/p>\n<p style=\"text-align: center;\"><a href=\"\/blog\/wp-content\/uploads\/2015\/jaatikko_lahelta2.jpg\"><img decoding=\"async\" style=\"border: 0px none; margin: 5px;\" src=\"\/blog\/wp-content\/uploads\/2015\/thumbs\/thumbs_jaatikko_lahelta2.jpg\" alt=\"\" \/><\/a><a href=\"\/blog\/wp-content\/uploads\/2015\/jaatikko_lahelta1.jpg\"><img decoding=\"async\" style=\"border: 0px none; margin: 5px;\" src=\"\/blog\/wp-content\/uploads\/2015\/thumbs\/thumbs_jaatikko_lahelta1.jpg\" alt=\"\" \/><\/a><a href=\"\/blog\/wp-content\/uploads\/2015\/jaatikko_lahelta3.jpg\"><img decoding=\"async\" style=\"border: 0px none; margin: 5px;\" src=\"\/blog\/wp-content\/uploads\/2015\/thumbs\/thumbs_jaatikko_lahelta3.jpg\" alt=\"\" \/><\/a><\/p>\n<p style=\"text-align: center;\"><em>J\u00e4ttim\u00e4iset j\u00e4\u00e4tik\u00f6t<\/em><\/p>\n<p style=\"text-align: center;\"><a href=\"\/blog\/wp-content\/uploads\/2015\/joffre_lake_jaatikko_panoraama.jpg\"><img decoding=\"async\" style=\"border: 0px none; margin: 5px;\" src=\"\/blog\/wp-content\/uploads\/2015\/joffre_lake_jaatikko_panoraama_pieni.jpg\" alt=\"\" \/><\/a><\/p>\n<p style=\"text-align: justify;\">Istuskelu j\u00e4\u00e4tik\u00f6iden alapuolella oli hetken aikaa hieman j\u00e4nnitt\u00e4v\u00e4\u00e4, sill\u00e4 kesken ev\u00e4iden sy\u00f6nnin yl\u00e4puoleiselta j\u00e4\u00e4tik\u00f6lt\u00e4 kuului iso paukahdus. Selke\u00e4sti jokin osa j\u00e4\u00e4tik\u00f6n sisusta murtui, mutta onneksi mit\u00e4\u00e4n ei pudonnut alas j\u00e4rveen. Sellaisenkin riski on olemassa ja tekee varmasti teltailusta alueella hieman j\u00e4nnitt\u00e4v\u00e4mp\u00e4\u00e4. \ud83d\ude00<\/p>\n<p style=\"text-align: center;\"><a href=\"\/blog\/wp-content\/uploads\/2015\/upper_joffre_lake_pose1.jpg\"><img decoding=\"async\" style=\"border: 0px none; margin: 5px;\" src=\"\/blog\/wp-content\/uploads\/2015\/upper_joffre_lake_pose1.jpg\" alt=\"\" \/><\/a><\/p>\n<p style=\"text-align: center;\"><em>Paikka jota ei haluaisi j\u00e4tt\u00e4\u00e4<\/em><\/p>\n<p style=\"text-align: justify;\">Paluumatkalla ihmettelimme uskalikkoja, jotka olivat uskaltautuneet uimaan kes\u00e4ll\u00e4kin eritt\u00e4in kylm\u00e4ss\u00e4 j\u00e4rvess\u00e4. Eip\u00e4 silti, vesi n\u00e4ytti kyll\u00e4 meist\u00e4kin houkuttelevalta, ainakin siihen saakka kun siihen dippasin sormensa l\u00e4mp\u00f6tilan toteamiseksi.<\/p>\n<p style=\"text-align: center;\"><a href=\"\/blog\/wp-content\/uploads\/2015\/upper_joffre_lake_panoraama2.jpg\"><img decoding=\"async\" style=\"border: 0px none; margin: 5px;\" src=\"\/blog\/wp-content\/uploads\/2015\/upper_joffre_lake_panoraama2_pieni.jpg\" alt=\"\" \/><\/a><\/p>\n<p style=\"text-align: center;\"><em>T\u00e4st\u00e4 ei uimapaikka parane<\/em><\/p>\n<p style=\"text-align: justify;\">Meilt\u00e4 kului noin 11 kilometri\u00e4 pitk\u00e4\u00e4n vaellukseen viitisen tuntia, jotka olivat yhdet parhaimmat hetket pitk\u00e4\u00e4n aikaan. Joffre Lakesia voi suositella kenelle tahansa, sill\u00e4 ainakin keskimm\u00e4iselle j\u00e4rvelle on nykyisin niin helppo p\u00e4\u00e4st\u00e4 ja maisemat ovat kyll\u00e4 sen arvoiset. Uskomaton paikka! \ud83d\ude2e<\/p>\n<p style=\"text-align: center;\"><iframe loading=\"lazy\" src=\"https:\/\/www.youtube-nocookie.com\/embed\/puXBiwSfeG8?rel=0\" width=\"640\" height=\"360\" frameborder=\"0\" allowfullscreen=\"allowfullscreen\"><\/iframe><\/p>\n","protected":false},"excerpt":{"rendered":"<p>Elokuun alussa vietetty British Columbia Dayn pitk\u00e4 viikonloppu sai meid\u00e4t varaamaan lyhyell\u00e4 varoitusajalla kahden y\u00f6n majoitus Pembertonista. Vaikka Pembertoniin voikin ajaa ihan p\u00e4iv\u00e4selt\u00e4\u00e4n Vancouverista (et\u00e4isyys noin 150 kilometri\u00e4), mahdollistaa perill\u00e4 y\u00f6pyminen kuitenkin tutkia ymp\u00e4r\u00f6ivi\u00e4 vuoristoja aivan eri tavalla.<\/p>\n","protected":false},"author":1,"featured_media":8965,"comment_status":"open","ping_status":"open","sticky":false,"template":"","format":"standard","meta":{"_jetpack_memberships_contains_paid_content":false,"footnotes":""},"categories":[17,3,774,775],"tags":[34,568,951,935,565,938],"class_list":["post-7117","post","type-post","status-publish","format-standard","has-post-thumbnail","hentry","category-arki-kanadassa","category-arki-ulkomailla","category-ulkoilu","category-vaellus-ulkoilu","tag-arki","tag-joffre-lake","tag-jaatikko","tag-kanada","tag-pemberton","tag-vaellus"],"jetpack_featured_media_url":"https:\/\/www.vuosiamaailmalla.fi\/blog\/wp-content\/uploads\/upper_joffre_lake_banner.jpg","jetpack_sharing_enabled":true,"_links":{"self":[{"href":"https:\/\/www.vuosiamaailmalla.fi\/blog\/wp-json\/wp\/v2\/posts\/7117","targetHints":{"allow":["GET"]}}],"collection":[{"href":"https:\/\/www.vuosiamaailmalla.fi\/blog\/wp-json\/wp\/v2\/posts"}],"about":[{"href":"https:\/\/www.vuosiamaailmalla.fi\/blog\/wp-json\/wp\/v2\/types\/post"}],"author":[{"embeddable":true,"href":"https:\/\/www.vuosiamaailmalla.fi\/blog\/wp-json\/wp\/v2\/users\/1"}],"replies":[{"embeddable":true,"href":"https:\/\/www.vuosiamaailmalla.fi\/blog\/wp-json\/wp\/v2\/comments?post=7117"}],"version-history":[{"count":0,"href":"https:\/\/www.vuosiamaailmalla.fi\/blog\/wp-json\/wp\/v2\/posts\/7117\/revisions"}],"wp:featuredmedia":[{"embeddable":true,"href":"https:\/\/www.vuosiamaailmalla.fi\/blog\/wp-json\/wp\/v2\/media\/8965"}],"wp:attachment":[{"href":"https:\/\/www.vuosiamaailmalla.fi\/blog\/wp-json\/wp\/v2\/media?parent=7117"}],"wp:term":[{"taxonomy":"category","embeddable":true,"href":"https:\/\/www.vuosiamaailmalla.fi\/blog\/wp-json\/wp\/v2\/categories?post=7117"},{"taxonomy":"post_tag","embeddable":true,"href":"https:\/\/www.vuosiamaailmalla.fi\/blog\/wp-json\/wp\/v2\/tags?post=7117"}],"curies":[{"name":"wp","href":"https:\/\/api.w.org\/{rel}","templated":true}]}}