{"id":7127,"date":"2015-08-31T18:50:32","date_gmt":"2015-09-01T01:50:32","guid":{"rendered":"http:\/\/13.53.127.146\/?p=7127"},"modified":"2023-09-03T12:35:33","modified_gmt":"2023-09-03T19:35:33","slug":"yhdeksan-vuotta-maailmalla","status":"publish","type":"post","link":"https:\/\/www.vuosiamaailmalla.fi\/blog\/2015\/yhdeksan-vuotta-maailmalla\/","title":{"rendered":"Yhdeks\u00e4n vuotta maailmalla"},"content":{"rendered":"<p style=\"text-align: justify;\">Elokuun 31. p\u00e4iv\u00e4 merkitsee j\u00e4lleen yhden vuoden t\u00e4yttymist\u00e4 <a href=\"https:\/\/www.vuosiamaailmalla.fi\/?p=593\">l\u00e4hd\u00f6st\u00e4mme maailmalle<\/a>. Takana onkin nyt jo kovin suurelta kuulostavat yhdeks\u00e4n vuotta Suomen ulkopuolella. Se on paljon se, varsinkin jos sit\u00e4 ajattelee niin ett\u00e4 nyt l\u00e4htee k\u00e4yntiin jo <a title=\"El\u00e4m\u00e4mme seikkailu \u2013 10 vuotta maailmalla\" href=\"https:\/\/www.vuosiamaailmalla.fi\/?p=8337\">kymmenes vuosi maailmalla!<\/a><\/p>\n<p><!--more--><\/p>\n<p style=\"text-align: justify;\">Tunnelmat ovat t\u00e4n\u00e4 vuonna melkolailla <a href=\"https:\/\/www.vuosiamaailmalla.fi\/?p=3153\">viime vuotta<\/a> erilaiset. Emme kumpikaan ty\u00f6skentele en\u00e4\u00e4 samassa firmassa kuin viel\u00e4 tuolloin, emmek\u00e4 edes asu en\u00e4\u00e4 samassa mahtavassa asunnossa! Kotimme onkin t\u00e4ll\u00e4 hetkell\u00e4 kuukauden kerrallaan jatkuva <a href=\"https:\/\/www.vuosiamaailmalla.fi\/?p=6171\">v\u00e4liaikainen koppero<\/a> Yaletownissa siihen asti ett\u00e4 saamme j\u00e4lleen kaikki <a title=\"Muutto Burnabyyn\" href=\"https:\/\/www.vuosiamaailmalla.fi\/?p=8202\">suunnitelmamme kohdilleen<\/a>.<\/p>\n<p style=\"text-align: justify;\">Paljon on siis muuttunut vuodessa ja vaikka n\u00e4it\u00e4 muutoksia pystyikin jo vuosi sitten hieman ennakoimaan, en olisi viel\u00e4 tuolloin uskonut mit\u00e4 kaikkea viimeisimp\u00e4\u00e4n vuoteen sitten mahtuikaan. T\u00e4t\u00e4 kirjoittaessa asioiden suunnittelu viel\u00e4 kesken ja niist\u00e4 lis\u00e4\u00e4 my\u00f6hemmin syksyll\u00e4, mutta kyll\u00e4 t\u00e4ss\u00e4 ollaan taas aloittamassa uutta aikakautta samaan tapaan kuin <a href=\"https:\/\/www.vuosiamaailmalla.fi\/?p=1567\">muutosten vuonna 2012<\/a>. Se kaikkein t\u00e4rkein ei ole sent\u00e4\u00e4n muuttunut eli asumme edelleen t\u00e4\u00e4ll\u00e4 Vancouverissa, jossa olemme viihtyneet niin verrattoman hyvin. Kaupunkia ei olekaan tarkoitus j\u00e4tt\u00e4\u00e4 vaan l\u00f6yt\u00e4\u00e4 uusia tuulia.<\/p>\n<p style=\"text-align: justify;\">Ja jos t\u00e4ss\u00e4 on jotain hyv\u00e4\u00e4 tapahtunut menneen vuoden aikana, niin olen viimeinkin saanut alettua purkamaan jo vuosien ajan patoutunutta kirjoitustulvaa t\u00e4\u00e4ll\u00e4 blogissa. Aktiivisimmat lukijat ovatkin varmasti huomanneet kirjoitusten m\u00e4\u00e4r\u00e4n lis\u00e4\u00e4ntyneen t\u00e4ss\u00e4 kes\u00e4n aikanaja n\u00e4in onkin ollutkin. Paljon ty\u00f6t\u00e4 on kuitenkin edelleen j\u00e4ljell\u00e4 sill\u00e4 saralla ja katsotaan mihin saakka pystyn priorisoimaan kirjoitusty\u00f6t\u00e4 ennen kuin muut kuviot ottavat j\u00e4lleen ison osan vapaa-ajastani.<\/p>\n<p style=\"text-align: justify;\">Niin tai n\u00e4in, edess\u00e4 on varmasti kiintoisa syksy uusien suunnitelmien parissa. Niist\u00e4 lis\u00e4\u00e4 t\u00e4ss\u00e4 nyt alkavan &#8221;juhlavuoden&#8221; edetess\u00e4.<\/p>\n","protected":false},"excerpt":{"rendered":"<p>Elokuun 31. p\u00e4iv\u00e4 merkitsee j\u00e4lleen yhden vuoden t\u00e4yttymist\u00e4 l\u00e4hd\u00f6st\u00e4mme maailmalle. Takana onkin nyt jo kovin suurelta kuulostavat yhdeks\u00e4n vuotta Suomen ulkopuolella. Se on paljon se, varsinkin jos sit\u00e4 ajattelee niin ett\u00e4 nyt l\u00e4htee k\u00e4yntiin jo kymmenes vuosi maailmalla!<\/p>\n","protected":false},"author":1,"featured_media":0,"comment_status":"open","ping_status":"open","sticky":false,"template":"","format":"standard","meta":{"_jetpack_memberships_contains_paid_content":false,"footnotes":""},"categories":[17,3,4,226,13],"tags":[25,34,932,935,182,207,939],"class_list":["post-7127","post","type-post","status-publish","format-standard","hentry","category-arki-kanadassa","category-arki-ulkomailla","category-asuminen-kanadassa","category-blogista","category-tyoskentely-kanadassa","tag-ajankohtaista","tag-arki","tag-asunto","tag-kanada","tag-muuttaminen","tag-tyo","tag-vancouver"],"jetpack_featured_media_url":"","jetpack_sharing_enabled":true,"_links":{"self":[{"href":"https:\/\/www.vuosiamaailmalla.fi\/blog\/wp-json\/wp\/v2\/posts\/7127","targetHints":{"allow":["GET"]}}],"collection":[{"href":"https:\/\/www.vuosiamaailmalla.fi\/blog\/wp-json\/wp\/v2\/posts"}],"about":[{"href":"https:\/\/www.vuosiamaailmalla.fi\/blog\/wp-json\/wp\/v2\/types\/post"}],"author":[{"embeddable":true,"href":"https:\/\/www.vuosiamaailmalla.fi\/blog\/wp-json\/wp\/v2\/users\/1"}],"replies":[{"embeddable":true,"href":"https:\/\/www.vuosiamaailmalla.fi\/blog\/wp-json\/wp\/v2\/comments?post=7127"}],"version-history":[{"count":2,"href":"https:\/\/www.vuosiamaailmalla.fi\/blog\/wp-json\/wp\/v2\/posts\/7127\/revisions"}],"predecessor-version":[{"id":13262,"href":"https:\/\/www.vuosiamaailmalla.fi\/blog\/wp-json\/wp\/v2\/posts\/7127\/revisions\/13262"}],"wp:attachment":[{"href":"https:\/\/www.vuosiamaailmalla.fi\/blog\/wp-json\/wp\/v2\/media?parent=7127"}],"wp:term":[{"taxonomy":"category","embeddable":true,"href":"https:\/\/www.vuosiamaailmalla.fi\/blog\/wp-json\/wp\/v2\/categories?post=7127"},{"taxonomy":"post_tag","embeddable":true,"href":"https:\/\/www.vuosiamaailmalla.fi\/blog\/wp-json\/wp\/v2\/tags?post=7127"}],"curies":[{"name":"wp","href":"https:\/\/api.w.org\/{rel}","templated":true}]}}