{"id":7129,"date":"2012-05-23T15:33:35","date_gmt":"2012-05-23T22:33:35","guid":{"rendered":"http:\/\/13.53.127.146\/?p=7129"},"modified":"2021-03-14T16:03:39","modified_gmt":"2021-03-14T23:03:39","slug":"ikiaikaisten-jattilaisten-tofino","status":"publish","type":"post","link":"https:\/\/www.vuosiamaailmalla.fi\/blog\/2012\/ikiaikaisten-jattilaisten-tofino\/","title":{"rendered":"Ikiaikaisten j\u00e4ttil\u00e4isten Tofino"},"content":{"rendered":"<p style=\"text-align: justify;\">Viime viikonloppuna vietettiin Kanadassa vuosittaista <em>Victoria Dayn<\/em> juhlap\u00e4iv\u00e4\u00e4, josta johtuva pitk\u00e4 viikonloppu sai meid\u00e4t tien p\u00e4\u00e4lle. Olimme vain muutamaa p\u00e4iv\u00e4\u00e4 aiemmin varanneet itsellemme majoituksen Vancouverinsaarella (eng. <em>Vancouver Island<\/em>) sijaitsevasta Tofinosta, jossa suunnittelimme viett\u00e4v\u00e4mme tulevan viikonlopun.<\/p>\n<p><!--more--><\/p>\n<p style=\"text-align: justify;\">Vancouverinsaarella on pituutta 460 kilometri\u00e4 ja leveytt\u00e4 saaren leveimm\u00e4st\u00e4 kohdasta noin 80 kilometri\u00e4. Se sijaitsee Vancouverin edustalla, mutta valtavasta koostaan huolimatta saari on vasta Kanadan 11. kookkain ja maailman mittapuulla se j\u00e4\u00e4 sijalle 43. Saarella on kuitenkin huomattava merkitys Vancouverin alueen s\u00e4\u00e4h\u00e4n, sill\u00e4 saaren keskivaiheelle harjanteen muodostavat vuoret kohoavat aina 2200 korkeuteen, pakottaen suuret m\u00e4\u00e4r\u00e4t tyynelt\u00e4 valtamerelt\u00e4 saapuvaa kosteutta putoamaan sateena saaren l\u00e4nsirannikolla ennen kuin keventyneet sadepilvet p\u00e4\u00e4sev\u00e4t niiden ylitse. Vancouverinsaaren l\u00e4nsirannikko onkin koko <a href=\"https:\/\/www.vuosiamaailmalla.fi\/?p=2609\">Kanadan sateisimpia paikkoja<\/a> ja Tofinon vuotuinen sadem\u00e4\u00e4r\u00e4 on huikeat 3270 millimetri\u00e4 eli yli kolme metri\u00e4!<\/p>\n<p style=\"text-align: center;\"><iframe loading=\"lazy\" style=\"border: 0;\" src=\"https:\/\/www.google.com\/maps\/embed?pb=!1m34!1m12!1m3!1d667958.5512015411!2d-125.07243987535512!3d49.158563414216296!2m3!1f0!2f0!3f0!3m2!1i1024!2i768!4f13.1!4m19!3e0!4m5!1s0x548673f143a94fb3%3A0xbb9196ea9b81f38b!2sVancouver%2C+Brittil%C3%A4inen+Kolumbia%2C+Kanada!3m2!1d49.2827291!2d-123.12073749999999!4m5!1s0x5485e5b4b7d0cd95%3A0x8f3ebac4f42881cb!2sTsawwassen+Ferry+Terminal%2C+Delta%2C+Brittil%C3%A4inen+Kolumbia%2C+Kanada!3m2!1d49.007327!2d-123.13010299999999!4m5!1s0x548990ccb0093843%3A0x331095695a741a35!2sTofino%2C+Brittil%C3%A4inen+Kolumbia%2C+Kanada!3m2!1d49.1529842!2d-125.9066184!5e0!3m2!1sfi!2sfi!4v1440635110589\" width=\"600\" height=\"450\" frameborder=\"0\" allowfullscreen=\"allowfullscreen\"><\/iframe><\/p>\n<p style=\"text-align: justify;\">Pitkulaisella saarella on my\u00f6s Vancouveria (sek\u00e4 my\u00f6skin Seattlea) tsunameilta suojaava vaikutus, sill\u00e4 vesimassoilla on p\u00e4\u00e4sy saaren ohitse vain Juan de Fucan salmea pitkin. Pohjoisessa saaren erottaa mantereesta vain muutaman kilometrin levyinen Johnstronen salmi, jossa kapeus aiheuttaa toisinaan suuria vuorovesi-ilmi\u00f6it\u00e4.<\/p>\n<p style=\"text-align: justify;\">Vancouverinsaarelle ei ole olemassa suoraa tieyhteytt\u00e4 tai siltaa, sill\u00e4 et\u00e4isyys rannikosta sek\u00e4 meren syvyys tekisiv\u00e4t hankkeesta eritt\u00e4in haastavan sek\u00e4 kalliin. Ainoa yhteys onkin autolautan kyydill\u00e4, joita l\u00e4htee Vancouverin l\u00e4hell\u00e4 sek\u00e4 Tsawwassenin ett\u00e4 Horseshoe Bayn terminaaleista. Meid\u00e4n lauttamme l\u00e4hti ensiksimainitusta Tsawwassenista lauantaiaamuna kello seitsem\u00e4n, mik\u00e4 edellytti sangen aikaista her\u00e4\u00e4mist\u00e4. J\u00e4rjestelyt lauttaterminaalilla olivat kuitenkin helpot ja olimme pian jonossa odottamassa k\u00e4sky\u00e4 autolauttaan ajamisesta.<\/p>\n<p style=\"text-align: center;\"><a href=\"\/blog\/wp-content\/uploads\/2012\/tsawwassen_lauttaterminaali3.jpg\"><img decoding=\"async\" style=\"border: 0px none; margin: 5px;\" src=\"\/blog\/wp-content\/uploads\/2012\/thumbs\/thumbs_tsawwassen_lauttaterminaali3.jpg\" alt=\"\" \/><\/a><a href=\"\/blog\/wp-content\/uploads\/2012\/tsawwassen_lauttaterminaali2.jpg\"><img decoding=\"async\" style=\"border: 0px none; margin: 5px;\" src=\"\/blog\/wp-content\/uploads\/2012\/thumbs\/thumbs_tsawwassen_lauttaterminaali2.jpg\" alt=\"\" \/><\/a><a href=\"\/blog\/wp-content\/uploads\/2012\/tsawwassen_lauttaterminaali1.jpg\"><img decoding=\"async\" style=\"border: 0px none; margin: 5px;\" src=\"\/blog\/wp-content\/uploads\/2012\/thumbs\/thumbs_tsawwassen_lauttaterminaali1.jpg\" alt=\"\" \/><\/a><\/p>\n<p style=\"text-align: center;\"><em>Tsawwassenin lauttaterminaali<\/em><\/p>\n<p style=\"text-align: justify;\">Tsawwasenista l\u00e4htee Vancouverinsaarelle kaksi reitti\u00e4: provinssin p\u00e4\u00e4kaupunki Victoriaan sek\u00e4 saaren keskivaiheilla sijaitsevaan Nanaimon kaupunkiin. Reittimme oli Nanaimoon, joka sijaitsee paljon l\u00e4hemp\u00e4n\u00e4 Tofinoa ja purjehdus sinne kesti puolitoista tuntia. Valtionyhti\u00f6 <em>BC Ferriesin<\/em> omistavat suuret autolautat ovat hyvinvarustellut ja auton pys\u00e4k\u00f6innin j\u00e4lkeen on reilusti aikaa ruokailla ja k\u00e4yskennell\u00e4 lautalla. Lautoilta l\u00f6ytyy my\u00f6s ilmainen <em>WiFi<\/em> eli nettiinkin p\u00e4\u00e4see niin halutessaan.<\/p>\n<p style=\"text-align: center;\"><a href=\"\/blog\/wp-content\/uploads\/2012\/lautta_nanaimoon1.jpg\"><img decoding=\"async\" style=\"border: 0px none; margin: 5px;\" src=\"\/blog\/wp-content\/uploads\/2012\/lautta_nanaimoon1.jpg\" alt=\"\" \/><\/a><\/p>\n<p style=\"text-align: center;\"><em>Matkalla Nanaimoon<\/em><\/p>\n<p style=\"text-align: justify;\">Perill\u00e4 Nanaimossa ohitimme itse kaupungin ja jatkoimme matkaamme kohti pohjoista. P\u00e4\u00e4timme ajaa moottoritien sijaan rantatiet\u00e4, jolloin n\u00e4kisimme Nanaimon pohjoispuolella sijaitsevat Parksvillen sek\u00e4 Qualicum Beachin. N\u00e4m\u00e4 pikkukaupungit ovat erityisesti kanadalaisten el\u00e4kel\u00e4isten suosiossa, mutta varsinkin kes\u00e4ll\u00e4 my\u00f6s vancouverilaiset lapsiperheet suuntaavat alueelle kes\u00e4lomalle. Koko Vancouverinsaaren asukasluku on 760 000, josta noin puolet asuu p\u00e4\u00e4kaupunki Victorian liepeill\u00e4. Lopuistakin suurin osa asuu pitkin it\u00e4rannikoa, sill\u00e4 saaren l\u00e4nsirannikko on vuoristoista ja vuonojen halkomaa. Itse asiassa Tofino sek\u00e4 sen naapurikaupunki Ucluelet ovat l\u00e4nsirannikon ainoat merkitt\u00e4v\u00e4t taajamat koko saaren mitalta.<\/p>\n<p style=\"text-align: center;\"><a href=\"\/blog\/wp-content\/uploads\/2012\/tervetuloa_nanaimoon.jpg\"><img decoding=\"async\" style=\"border: 0px none; margin: 5px;\" src=\"\/blog\/wp-content\/uploads\/2012\/thumbs\/thumbs_tervetuloa_nanaimoon.jpg\" alt=\"\" \/><\/a><a href=\"\/blog\/wp-content\/uploads\/2012\/parksvillen_ranta.jpg\"><img decoding=\"async\" style=\"border: 0px none; margin: 5px;\" src=\"\/blog\/wp-content\/uploads\/2012\/thumbs\/thumbs_parksvillen_ranta.jpg\" alt=\"\" \/><\/a><\/p>\n<p style=\"text-align: center;\"><em>Nanaimon l\u00e4hettyvill\u00e4<\/em><\/p>\n<p style=\"text-align: justify;\">Tie Tofinoon l\u00e4htee Qualicum Beachin kohdalta ja maisemat muuttumat nopeasti laakeista metsist\u00e4 vuoristoiseksi. Noin parinkymmenen kilometrin j\u00e4lkeen on syyt\u00e4 pys\u00e4hty\u00e4 pienen <em>MacMillan Provincial Parkin<\/em> kohdalla, jossa sijaitsee <em>Cathedral Grovena<\/em> tunnettu luonnonn\u00e4ht\u00e4vyys. T\u00e4lt\u00e4 pienelt\u00e4 suojellulta alueelta l\u00f6ytyy n\u00e4kemisenarvoisia j\u00e4ttipuita, joista vanhimmat ovat noin 800 vuoden ik\u00e4isi\u00e4! Kaikkein suurimman douglaskuusen ymp\u00e4rysmitta on kunnioitettavat yhdeks\u00e4n metri\u00e4 ja korkeus per\u00e4ti 76 metri\u00e4. Se on enemm\u00e4n kuin esimerkiksi Pisan kaltevalla tornilla on korkeutta, kuten alueella oleva kyltti hyvin havainnollistaakin.<\/p>\n<p style=\"text-align: center;\"><a href=\"\/blog\/wp-content\/uploads\/2012\/cathedral_grove1.jpg\"><img decoding=\"async\" style=\"border: 0px none; margin: 5px;\" src=\"\/blog\/wp-content\/uploads\/2012\/cathedral_grove1.jpg\" alt=\"\" \/><\/a><\/p>\n<p style=\"text-align: center;\"><em>J\u00e4ttil\u00e4isen mitat<\/em><\/p>\n<p style=\"text-align: justify;\">On pieni ihme ett\u00e4 Cathedral Groven ikivanhat j\u00e4ttil\u00e4iset on onnistuttu s\u00e4\u00e4st\u00e4m\u00e4\u00e4n, sill\u00e4 alue oli vaarassa joutua mets\u00e4yhti\u00f6n kaatamaksi 1930-luvulla. Alue onnistuttiin kuitenkin s\u00e4\u00e4st\u00e4m\u00e4\u00e4n ja suojelemaan, mutta l\u00e4hialueille tehdyt hakkuut voimistivat laakson tuulia siin\u00e4 m\u00e4\u00e4rin, ett\u00e4 talvella 1996 koettu voimakas myrsky kaatoi suuren m\u00e4\u00e4r\u00e4n puita alueella. N\u00e4m\u00e4 puut muistuttavatkin tuosta p\u00e4iv\u00e4st\u00e4 viel\u00e4 16 vuotta my\u00f6hemminkin, maaten sikinsokin pitkin tannerta.<\/p>\n<p style=\"text-align: center;\"><a href=\"\/blog\/wp-content\/uploads\/2012\/cathedral_grove2.jpg\"><img decoding=\"async\" style=\"border: 0px none; margin: 5px;\" src=\"\/blog\/wp-content\/uploads\/2012\/cathedral_grove2.jpg\" alt=\"\" \/><\/a><\/p>\n<p style=\"text-align: center;\"><em>Myrskyss\u00e4 kaatunut puu<\/em><\/p>\n<p style=\"text-align: justify;\">Alueelle on tehty muutama lyhyt k\u00e4velyreitti, joiden varrella alueen suurimmat puut ovat n\u00e4ht\u00e4viss\u00e4. Niiden juurella on pakko todeta olevansa todellisten j\u00e4ttil\u00e4isten keskuudessa, sill\u00e4 Suomen pieniin pet\u00e4jiin tottuneelle puut ovat j\u00e4risytt\u00e4v\u00e4n kokoisia erityisesti halkaisijaltaan. On hurjan surullista ajatella, miten samanlaiset j\u00e4ttipuut peittiv\u00e4t koko vuosituhansien ajan koko l\u00e4nsirannikkoa ennen valkoisen miehen saapumista ja metsien hakkaamista melkein kokonaan 1800-luvulla.<\/p>\n<p style=\"text-align: center;\"><a href=\"\/blog\/wp-content\/uploads\/2012\/cathedral_grove3.jpg\"><img decoding=\"async\" style=\"border: 0px none; margin: 5px;\" src=\"\/blog\/wp-content\/uploads\/2012\/thumbs\/thumbs_cathedral_grove3.jpg\" alt=\"\" \/><\/a><\/p>\n<p style=\"text-align: center;\"><em>Cathedral Groven korkein puu<\/em><\/p>\n<p style=\"text-align: justify;\">Maantie jatkuu Cathedral Grovelta yli pienen harjanteen, saapuen seuraavaksi Port Albernin pikkukaupunkiin. T\u00e4m\u00e4 18 000 asukkaan kaupunki koki kovia vuonna 1964 tapahtuneen Pitk\u00e4perjantain maanj\u00e4ristyksen aikoihin. Alaskassa sijaitsevan Valdezin pikkukaupungin l\u00e4hettyvill\u00e4 tapahtunut 9,2 magnitudin megaj\u00e4ristys on edelleen voimakkain Pohjois-Amerikassa koskaan mitattu maanj\u00e4ristys. Maanj\u00e4ristys aiheutti valtavaa tuhoa Alaskassa, mutta sen synnytt\u00e4m\u00e4t jopa 67 metrin korkuiset tsunamiaallot tekiv\u00e4t tuhoa ymp\u00e4ri tuunen valtameren. Port Albernin sijainti kapean vuonon pohjukassa synnytti tulva-aallon, joka pyyhki kaupungin ylitse kahteen otteeseen, tuhoten yhteens\u00e4 375 kotia.<\/p>\n<p style=\"text-align: center;\"><a href=\"\/blog\/wp-content\/uploads\/2012\/tsunamivaara.jpg\"><img decoding=\"async\" style=\"border: 0px none; margin: 5px;\" src=\"\/blog\/wp-content\/uploads\/2012\/tsunamivaara.jpg\" alt=\"\" \/><\/a><\/p>\n<p style=\"text-align: center;\"><em>Tsunamivaarasta muistutetaan kaikkialla<\/em><\/p>\n<p style=\"text-align: justify;\">Port Albernin j\u00e4lkeen tie jatkuu kauniissa vuoristomaisemissa, tarjoten pys\u00e4htymisen arvoisia taukopaikkoja. Loppumatkasta tien kunto huononee, kun se kiemurtelee vuorenrinnett\u00e4 ennen laskeutumistaan Clayoquot Soundina tunnettuun laaksoon, jossa Tofino ja Ucluelet sijaitsevat.<\/p>\n<p style=\"text-align: center;\"><a href=\"\/blog\/wp-content\/uploads\/2012\/joki_matkalla_tofinoon1.jpg\"><img decoding=\"async\" style=\"border: 0px none; margin: 5px;\" src=\"\/blog\/wp-content\/uploads\/2012\/thumbs\/thumbs_joki_matkalla_tofinoon1.jpg\" alt=\"\" \/><\/a><a href=\"\/blog\/wp-content\/uploads\/2012\/joki_matkalla_tofinoon3.jpg\"><img decoding=\"async\" style=\"border: 0px none; margin: 5px;\" src=\"\/blog\/wp-content\/uploads\/2012\/thumbs\/thumbs_joki_matkalla_tofinoon3.jpg\" alt=\"\" \/><\/a><a href=\"\/blog\/wp-content\/uploads\/2012\/joki_matkalla_tofinoon2.jpg\"><img decoding=\"async\" style=\"border: 0px none; margin: 5px;\" src=\"\/blog\/wp-content\/uploads\/2012\/thumbs\/thumbs_joki_matkalla_tofinoon2.jpg\" alt=\"\" \/><\/a><\/p>\n<p style=\"text-align: center;\"><em>Kaunis paikka tauolle<\/em><\/p>\n<p style=\"text-align: center;\"><a href=\"\/blog\/wp-content\/uploads\/2012\/paluumatka_tofinosta3.jpg\"><img decoding=\"async\" style=\"border: 0px none; margin: 5px;\" src=\"\/blog\/wp-content\/uploads\/2012\/paluumatka_tofinosta3.jpg\" alt=\"\" \/><\/a><\/p>\n<p style=\"text-align: center;\"><em>Maantiell\u00e4 Tofinoon<\/em><\/p>\n<p style=\"text-align: justify;\">Kello oli kaksi iltap\u00e4iv\u00e4ll\u00e4, joten p\u00e4\u00e4timme suunnata ensiksi Uclueletiin. Nimi Ucluelet tulee alkuper\u00e4iskansojen kielest\u00e4 ja tarkoittaa &#8221;turvallisen sataman v\u00e4ke\u00e4&#8221;. Alueella on s\u00e4ilynyt merkkej\u00e4 ihmiselosta ainakin 4700 vuoden ajalta ja alue olikin syrj\u00e4inen kalastajakyl\u00e4 aina vuoteen 1959 saakka, kunnes maantie Port Albernista valmistui. Ucluelet on edelleen kalastuksesta riippuvainen 1627 asukkaan taajama, mutta Tofinon tapaan my\u00f6s se panostaa nykyisin voimakkaasti turismiin ja alueelle onkin rakentunut viime vuosina uutta majoituskapasiteettia.<\/p>\n<p style=\"text-align: center;\"><a href=\"\/blog\/wp-content\/uploads\/2012\/tervetuloa_ucluetiin.jpg\"><img decoding=\"async\" style=\"border: 0px none; margin: 5px;\" src=\"\/blog\/wp-content\/uploads\/2012\/tervetuloa_ucluetiin.jpg\" alt=\"\" \/><\/a><\/p>\n<p style=\"text-align: center;\"><em>Turvallisen sataman taajama<\/em><\/p>\n<p style=\"text-align: justify;\">Uclueletin yksi p\u00e4\u00e4n\u00e4ht\u00e4vyys on sen pienen niemen k\u00e4rjess\u00e4 sijaitseva <em>Wild Pacific Trail<\/em> niminen polku T\u00e4m\u00e4 vain parin kilometrin mittainen polku on helppo ja lyhyehk\u00f6 k\u00e4vely rantakallioiden tuntumassa ja se tarjoaa hyv\u00e4t maisemat merelle. Talvikuukausina yksi koko alueen vetonauloista ovat voimakkaat myrskyt, jotka <a title=\"Haaksirikkoinen Tofino\" href=\"https:\/\/www.vuosiamaailmalla.fi\/blog\/2016\/haaksirikkoinen-tofino\/\">saavat meren tyrsky\u00e4m\u00e4\u00e4n<\/a> ja Wild Pacific Trail tarjoaa aitiopaikan meren raivon turvalliseen n\u00e4kemiseen. Keli oli vierailumme aikaan pilvinen, mutta polulta aukesivat silti hienot ensimm\u00e4iset n\u00e4kym\u00e4mme tyynelle valtamerelle. Vancouverissa asuvana itse mertahan ei koskaan n\u00e4e, edes ylh\u00e4\u00e4lt\u00e4 vuorilta, vaan ymp\u00e4r\u00f6iv\u00e4 vesi on Strait of Georgian salmea joka on tietenkin yhteydess\u00e4 valtamereen. T\u00e4ss\u00e4 mieless\u00e4 aavan ulapan n\u00e4keminen ensikertaa oli meist\u00e4 hieno kokemus.<\/p>\n<p style=\"text-align: center;\"><a href=\"\/blog\/wp-content\/uploads\/2012\/wild_pacific_trail_kartta.jpg\"><img decoding=\"async\" style=\"border: 0px none; margin: 5px;\" src=\"\/blog\/wp-content\/uploads\/2012\/wild_pacific_trail_kartta.jpg\" alt=\"\" \/><\/a><\/p>\n<p style=\"text-align: center;\"><em>Wild Pacific Trail<\/em><\/p>\n<p style=\"text-align: center;\"><a href=\"\/blog\/wp-content\/uploads\/2012\/wild_pacific_trail1.jpg\"><img decoding=\"async\" style=\"border: 0px none; margin: 5px;\" src=\"\/blog\/wp-content\/uploads\/2012\/thumbs\/thumbs_wild_pacific_trail1.jpg\" alt=\"\" \/><\/a><a href=\"\/blog\/wp-content\/uploads\/2012\/wild_pacific_trail2.jpg\"><img decoding=\"async\" style=\"border: 0px none; margin: 5px;\" src=\"\/blog\/wp-content\/uploads\/2012\/thumbs\/thumbs_wild_pacific_trail2.jpg\" alt=\"\" \/><\/a><\/p>\n<p style=\"text-align: center;\"><em>Karua rannikkoa<\/em><\/p>\n<p style=\"text-align: justify;\">K\u00e4velyn j\u00e4lkeen siirryimme Tofinon puolelle, jossa majapaikkamme oli <em>Middle Beach Lodge<\/em> muutama kilometri kyl\u00e4n ulkopuolella. Rantamets\u00e4n suojassa sijaitseva pieni majapaikka oli ehk\u00e4 tunnelmallisin majoituksemme ikin\u00e4, sill\u00e4 sateisen viikonlopun aikana se sades\u00e4\u00e4t\u00e4 pystyi katsella takan l\u00e4mm\u00f6ss\u00e4 kahvia viltin alla h\u00f6rppien. My\u00f6s itse sijainti aivan keskell\u00e4 luontoa oli upea ja m\u00f6kilt\u00e4 p\u00e4\u00e4si portaita pitkin alas rantaan, miss\u00e4 oli mahdollista k\u00e4vell\u00e4 vuoroveden paljastamalla hietikolla. Vietimmekin lopun p\u00e4iv\u00e4n majoituksestamme nauttien ja voimia seuraavan p\u00e4iv\u00e4n aktiviteetteihin ker\u00e4ten.<\/p>\n<p style=\"text-align: center;\"><a href=\"\/blog\/wp-content\/uploads\/2012\/rento_terassi.jpg\"><img decoding=\"async\" style=\"border: 0px none; margin: 5px;\" src=\"\/blog\/wp-content\/uploads\/2012\/thumbs\/thumbs_rento_terassi.jpg\" alt=\"\" \/><\/a><a href=\"\/blog\/wp-content\/uploads\/2012\/sadevarusteet.jpg\"><img decoding=\"async\" style=\"border: 0px none; margin: 5px;\" src=\"\/blog\/wp-content\/uploads\/2012\/thumbs\/thumbs_sadevarusteet.jpg\" alt=\"\" \/><\/a><\/p>\n<p style=\"text-align: center;\"><em>Rauhallinen majapaikka kaukana arjesta<\/em><\/p>\n<p style=\"text-align: center;\"><a href=\"\/blog\/wp-content\/uploads\/2012\/middle_beach_lodge1.jpg\"><img decoding=\"async\" style=\"border: 0px none; margin: 5px;\" src=\"\/blog\/wp-content\/uploads\/2012\/thumbs\/thumbs_middle_beach_lodge1.jpg\" alt=\"\" \/><\/a><a href=\"\/blog\/wp-content\/uploads\/2012\/middle_beach_lodge2.jpg\"><img decoding=\"async\" style=\"border: 0px none; margin: 5px;\" src=\"\/blog\/wp-content\/uploads\/2012\/thumbs\/thumbs_middle_beach_lodge2.jpg\" alt=\"\" \/><\/a><a href=\"\/blog\/wp-content\/uploads\/2012\/middle_beach_lodge_ranta.jpg\"><img decoding=\"async\" style=\"border: 0px none; margin: 5px;\" src=\"\/blog\/wp-content\/uploads\/2012\/thumbs\/thumbs_middle_beach_lodge_ranta.jpg\" alt=\"\" \/><\/a><\/p>\n<p style=\"text-align: center;\"><em>Keskell\u00e4 vehreytt\u00e4<\/em><\/p>\n<p style=\"text-align: justify;\">Sunnuntaina sadepilvet olivat tiivistyneet entisest\u00e4\u00e4n ja ajoimmekin Tofinoon sateisessa s\u00e4\u00e4ss\u00e4. Hieman Ucluelettia suurempi Tofino on koti 1876 ymp\u00e4rivuotiselle asukkaalle ja tunnettu rennosta el\u00e4m\u00e4nmenostaan. Pienest\u00e4 keskustasta l\u00f6ytyy paikallisten asukkaiden pit\u00e4mi\u00e4 kivoja pikkuravintoloita ja satamasta l\u00e4htee veneit\u00e4 erin\u00e4isille retkille. Meid\u00e4n suunnitelmissamme oli katsastaa Tofinon l\u00e4hettyvill\u00e4 sijaitseva Meares Island, jonne p\u00e4\u00e4see veneell\u00e4 parinkympin hintaan. Matkalla saarelle venekuski osoitti meille puissa pesivi\u00e4 kotkia ja nostipa h\u00e4n veneeseen matalassa vedess\u00e4 tepastelleen pienen ravunkin.<\/p>\n<p style=\"text-align: center;\"><a href=\"\/blog\/wp-content\/uploads\/2012\/tofinon_paatepiste.jpg\"><img decoding=\"async\" style=\"border: 0px none; margin: 5px;\" src=\"\/blog\/wp-content\/uploads\/2012\/tofinon_paatepiste.jpg\" alt=\"\" \/><\/a><\/p>\n<p style=\"text-align: center;\"><em>Kaikki matkat p\u00e4\u00e4ttyv\u00e4t Tofinoon<\/em><\/p>\n<p style=\"text-align: center;\"><a href=\"\/blog\/wp-content\/uploads\/2012\/kotka_saarella.jpg\"><img decoding=\"async\" style=\"border: 0px none; margin: 5px;\" src=\"\/blog\/wp-content\/uploads\/2012\/thumbs\/thumbs_kotka_saarella.jpg\" alt=\"\" \/><\/a><a href=\"\/blog\/wp-content\/uploads\/2012\/rapu.jpg\"><img decoding=\"async\" style=\"border: 0px none; margin: 5px;\" src=\"\/blog\/wp-content\/uploads\/2012\/thumbs\/thumbs_rapu.jpg\" alt=\"\" \/><\/a><a href=\"\/blog\/wp-content\/uploads\/2012\/lintu_meares_islandilla.jpg\"><img decoding=\"async\" style=\"border: 0px none; margin: 5px;\" src=\"\/blog\/wp-content\/uploads\/2012\/thumbs\/thumbs_lintu_meares_islandilla.jpg\" alt=\"\" \/><\/a><\/p>\n<p style=\"text-align: center;\"><em>Alueen asukkeja<\/em><\/p>\n<p style=\"text-align: justify;\">Itse Meares Island on melkoinen paratiisi, sill\u00e4 se on v\u00e4lttynyt t\u00e4ysin ihmisk\u00e4den vaikutukselta. Saari toimi aikoinaan paikallisten alkuasukkaiden pyh\u00e4n\u00e4 hautausalueena, jossa ruumiita ei haudattu maahan vaan koverrettiin sis\u00e4lle saaren j\u00e4ttim\u00e4isiin puihin. Saari on tunnettu suurista j\u00e4ttipuistaan, jotka ovat koko Kanadan vanhimpia ja suurimpia koskaan n\u00e4kemi\u00e4mme. Aution er\u00e4maasaaren ainoa ihmiskosketus on 90-luvulla rakennettu v\u00e4h\u00e4n yli kilometrin mittainen pitkospuista muodostuva polku, joka tunnetaan nimell\u00e4 <em>The Big Tree Trail<\/em>.<\/p>\n<p style=\"text-align: center;\"><a href=\"\/blog\/wp-content\/uploads\/2012\/meares_island_trail5.jpg\"><img decoding=\"async\" style=\"border: 0px none; margin: 5px;\" src=\"\/blog\/wp-content\/uploads\/2012\/thumbs\/thumbs_meares_island_trail5.jpg\" alt=\"\" \/><\/a><a href=\"\/blog\/wp-content\/uploads\/2012\/meares_island_trail3.jpg\"><img decoding=\"async\" style=\"border: 0px none; margin: 5px;\" src=\"\/blog\/wp-content\/uploads\/2012\/thumbs\/thumbs_meares_island_trail3.jpg\" alt=\"\" \/><\/a><a href=\"\/blog\/wp-content\/uploads\/2012\/meares_island_trail1.jpg\"><img decoding=\"async\" style=\"border: 0px none; margin: 5px;\" src=\"\/blog\/wp-content\/uploads\/2012\/thumbs\/thumbs_meares_island_trail1.jpg\" alt=\"\" \/><\/a><a href=\"\/blog\/wp-content\/uploads\/2012\/jattilaispuita_meares_islandilla2.jpg\"><img decoding=\"async\" style=\"border: 0px none; margin: 5px;\" src=\"\/blog\/wp-content\/uploads\/2012\/thumbs\/thumbs_jattilaispuita_meares_islandilla2.jpg\" alt=\"\" \/><\/a><\/p>\n<p style=\"text-align: center;\"><em>The Big Tree Trail<\/em><\/p>\n<p style=\"text-align: justify;\">Heti polulle astuessaan tuntuu kuin astuisi ajassa tuhansia vuosia taaksep\u00e4in. Meit\u00e4 oli veneen kyydiss\u00e4 vain kolme pariskuntaa ja koko saari oli kokonaan meid\u00e4n seuraavan tunnin ajan. Polku kulkee halki sakean sademets\u00e4n, jossa kasvaa j\u00e4ttim\u00e4isi\u00e4 puita. Jos Cathedral Groven puut tuntuivat meist\u00e4 suurilta, ovat Meares Islandilla sijaitsevat ikiaikaiset j\u00e4ttil\u00e4istuijat (puulaji) viel\u00e4 paljon isompia! Polun varrella on kolme erityisen merkitt\u00e4v\u00e4\u00e4 puuta, joiden i\u00e4n on arveltu olevan 1000 ja 1500 vuoden v\u00e4lill\u00e4. Kyseess\u00e4 ovat yhdet koko Kanadan (ja my\u00f6s maailman) vanhimmista puista, joista kahden ymp\u00e4rysmitta on k\u00e4sitt\u00e4m\u00e4tt\u00f6m\u00e4t yli 15 metri\u00e4. Kaikkein valtavin on aivan polun p\u00e4\u00e4ss\u00e4 sijaitseva <em>The Hanging Garden<\/em> nimell\u00e4 tunnettu ikivanha puu, jonka ymp\u00e4rysmitta on per\u00e4ti 18,3 metri\u00e4! On siin\u00e4 puunhalaajalla ty\u00f6t\u00e4!<\/p>\n<p style=\"text-align: center;\"><a href=\"\/blog\/wp-content\/uploads\/2012\/meares_island_trail4.jpg\"><img decoding=\"async\" style=\"border: 0px none; margin: 5px;\" src=\"\/blog\/wp-content\/uploads\/2012\/thumbs\/thumbs_meares_island_trail4.jpg\" alt=\"\" \/><\/a><a href=\"\/blog\/wp-content\/uploads\/2012\/meares_island_trail2.jpg\"><img decoding=\"async\" style=\"border: 0px none; margin: 5px;\" src=\"\/blog\/wp-content\/uploads\/2012\/thumbs\/thumbs_meares_island_trail2.jpg\" alt=\"\" \/><\/a><a href=\"\/blog\/wp-content\/uploads\/2012\/jattilaispuita_meares_islandilla3.jpg\"><img decoding=\"async\" style=\"border: 0px none; margin: 5px;\" src=\"\/blog\/wp-content\/uploads\/2012\/thumbs\/thumbs_jattilaispuita_meares_islandilla3.jpg\" alt=\"\" \/><\/a><a href=\"\/blog\/wp-content\/uploads\/2012\/jattilaispuita_meares_islandilla1.jpg\"><img decoding=\"async\" style=\"border: 0px none; margin: 5px;\" src=\"\/blog\/wp-content\/uploads\/2012\/thumbs\/thumbs_jattilaispuita_meares_islandilla1.jpg\" alt=\"\" \/><\/a><a href=\"\/blog\/wp-content\/uploads\/2012\/jattilaispuita_meares_islandilla5.jpg\"><img decoding=\"async\" style=\"border: 0px none; margin: 5px;\" src=\"\/blog\/wp-content\/uploads\/2012\/thumbs\/thumbs_jattilaispuita_meares_islandilla5.jpg\" alt=\"\" \/><\/a><a href=\"\/blog\/wp-content\/uploads\/2012\/jattilaispuita_meares_islandilla4.jpg\"><img decoding=\"async\" style=\"border: 0px none; margin: 5px;\" src=\"\/blog\/wp-content\/uploads\/2012\/thumbs\/thumbs_jattilaispuita_meares_islandilla4.jpg\" alt=\"\" \/><\/a><\/p>\n<p style=\"text-align: center;\"><em>Meares Islandilla ihminen on pieni<\/em><\/p>\n<p style=\"text-align: justify;\">Istuessamme kahdestaan sateisessa mets\u00e4ss\u00e4 n\u00e4iden j\u00e4ttil\u00e4ispuiden juurella, tunsimme olevamme jossain t\u00e4ysin ep\u00e4todellisessa paikassa &#8211; kuin jonkinlaisessa sadussa. Kaupungin kuhina tuntui sill\u00e4 hetkell\u00e4 eritt\u00e4in kaukaiselta ja tunnelma niin rauhallinen. Voimmekin ihan omakohtaisella kokemuksella todeta, ett\u00e4 Meares Islandilla jos jossain ihmismieli lep\u00e4\u00e4 ja keho rentoutuu arjen kiireist\u00e4!<\/p>\n<p style=\"text-align: center;\"><a href=\"\/blog\/wp-content\/uploads\/2012\/meares_island_panoraama.jpg\"><img decoding=\"async\" style=\"border: 0px none; margin: 5px;\" src=\"\/blog\/wp-content\/uploads\/2012\/meares_island_panoraama_pieni.jpg\" alt=\"\" \/><\/a><\/p>\n<p style=\"text-align: center;\"><em>Yksin autiolla saarella<\/em><\/p>\n<p style=\"text-align: justify;\">Tunnin j\u00e4lkeen vene palasi hakemaan meit\u00e4 ja kuullun mukaan kaikki olivat rakastaneet kokemusta. Takaisin Tofinon satamassa kuulimme venekuskilta, ett\u00e4 sunnuntaina vietettiin vuoden ainoaa p\u00e4iv\u00e4\u00e4, jolloin vierailijoilla on ilmainen ja vapaa p\u00e4\u00e4sy l\u00e4heiseen Stubbs Islandiin, joka on yksityisomistuksessa. Siell\u00e4 sijaitseva hyvinhoidettu puutarha oli kaunis ja lyhyiden polkujen p\u00e4\u00e4ss\u00e4 sijaitsi upeita hiekkarantoja. Tilaisuus oli todellakin ainutkertainen ja olemme tyytyv\u00e4isi\u00e4 ett\u00e4 tartuimme siihen.<\/p>\n<p style=\"text-align: center;\"><a href=\"\/blog\/wp-content\/uploads\/2012\/kukkia_stubbs_islandilla2.jpg\"><img decoding=\"async\" style=\"border: 0px none; margin: 5px;\" src=\"\/blog\/wp-content\/uploads\/2012\/thumbs\/thumbs_kukkia_stubbs_islandilla2.jpg\" alt=\"\" \/><\/a><a href=\"\/blog\/wp-content\/uploads\/2012\/kukkia_stubbs_islandilla3.jpg\"><img decoding=\"async\" style=\"border: 0px none; margin: 5px;\" src=\"\/blog\/wp-content\/uploads\/2012\/thumbs\/thumbs_kukkia_stubbs_islandilla3.jpg\" alt=\"\" \/><\/a><a href=\"\/blog\/wp-content\/uploads\/2012\/kukkia_stubbs_islandilla1.jpg\"><img decoding=\"async\" style=\"border: 0px none; margin: 5px;\" src=\"\/blog\/wp-content\/uploads\/2012\/thumbs\/thumbs_kukkia_stubbs_islandilla1.jpg\" alt=\"\" \/><\/a><\/p>\n<p style=\"text-align: center;\"><em>Stubbs Islandin puutarha<\/em><\/p>\n<p style=\"text-align: justify;\">Sunnuntaimme jatkui ajolla Tofinon ja Uclueletin puoliv\u00e4liss\u00e4 sijaitsevaan <em>Pacific Rim National Parkin<\/em> alueelle, joka on laaksossa sijaitseva kansallispuisto. Aivan maantien varrella sijaitsee <em>Rainforest Trailina<\/em> tunnettu kaksiosainen luontopolku, joka vie halki sakean sademets\u00e4n. My\u00f6s t\u00e4ll\u00e4 reitill\u00e4 n\u00e4kyy suuria puita, joskaan ne eiv\u00e4t tee ihan samanlaista vaikutusta Meares Islandilla vierailun j\u00e4lkeen. Itse reitit ovat kuitenkin kiinnostavia ja varsinkin sateisena p\u00e4iv\u00e4n\u00e4 eritt\u00e4in tunnelmallisia. Me pidimme hieman enemm\u00e4n maantien l\u00e4nsipuolella sijaitsevasta kierroksesta, tosin molemmat reitit ovat sen verran lyhyit\u00e4, ett\u00e4 ne k\u00e4velee samalla pys\u00e4hdyksell\u00e4.<\/p>\n<p style=\"text-align: center;\"><a href=\"\/blog\/wp-content\/uploads\/2012\/rainforest_trail2.jpg\"><img decoding=\"async\" style=\"border: 0px none; margin: 5px;\" src=\"\/blog\/wp-content\/uploads\/2012\/thumbs\/thumbs_rainforest_trail2.jpg\" alt=\"\" \/><\/a><a href=\"\/blog\/wp-content\/uploads\/2012\/rainforest_trail3.jpg\"><img decoding=\"async\" style=\"border: 0px none; margin: 5px;\" src=\"\/blog\/wp-content\/uploads\/2012\/thumbs\/thumbs_rainforest_trail3.jpg\" alt=\"\" \/><\/a><a href=\"\/blog\/wp-content\/uploads\/2012\/rainforest_trail1.jpg\"><img decoding=\"async\" style=\"border: 0px none; margin: 5px;\" src=\"\/blog\/wp-content\/uploads\/2012\/thumbs\/thumbs_rainforest_trail1.jpg\" alt=\"\" \/><\/a><\/p>\n<p style=\"text-align: center;\"><em>Sademets\u00e4polku<\/em><\/p>\n<p style=\"text-align: justify;\">Hieman pohjoisempana sijaitsee Tofinon pisin hiekkaranta, ytimekk\u00e4\u00e4sti nimetty Long Beach. T\u00e4m\u00e4 16 kilometrin mittainen pehme\u00e4hiekkainen ranta on varmasti kes\u00e4isin upea paikka uida tyyness\u00e4 valtameress\u00e4. Sateisena p\u00e4iv\u00e4n\u00e4 uimaan ei kuitenkaan tee mieli, mutta surffaajia merelt\u00e4 saapuvat aallot kuitenkin houkuttelevat. Tofino onkin sijaintinsa vuoksi Kanadan surffausp\u00e4\u00e4kaupunki, jossa on mahdollista ratsastaa varsinkin myrskykaudella suurilla aalloilla. Merivesi on vain hyvin kylm\u00e4\u00e4 l\u00e4pi vuoden (esimerkiksi Havajiin) verrattuna, mutta se ei est\u00e4nyt paikallisten surffaajien harjoittelua rannalla.<\/p>\n<p style=\"text-align: center;\"><a href=\"\/blog\/wp-content\/uploads\/2012\/surffaajia_long_beachilla.jpg\"><img decoding=\"async\" style=\"border: 0px none; margin: 5px;\" src=\"\/blog\/wp-content\/uploads\/2012\/surffaajia_long_beachilla.jpg\" alt=\"\" \/><\/a><\/p>\n<p style=\"text-align: center;\"><em>Surf&#8217;s up!<\/em><\/p>\n<p style=\"text-align: center;\"><a href=\"\/blog\/wp-content\/uploads\/2012\/long_beach_panoraama.jpg\"><img decoding=\"async\" style=\"border: 0px none; margin: 5px;\" src=\"\/blog\/wp-content\/uploads\/2012\/long_beach_panoraama_pieni.jpg\" alt=\"\" \/><\/a><\/p>\n<p style=\"text-align: center;\"><em>Piiiitk\u00e4 Long Beach<br \/>\n<\/em><\/p>\n<p style=\"text-align: justify;\">Toisen hotellilla vietetyn y\u00f6n j\u00e4lkeen koitti maanantai ja oli aika aloittaa pitk\u00e4 paluumatka Vancouveriin. Ajokeli oli eritt\u00e4in huono ja teimme matkaa kaatosateen keskell\u00e4. Pys\u00e4hdyimme matkalla vain lyhyesti sy\u00f6m\u00e4\u00e4n Nanaimossa sek\u00e4 ihmettelem\u00e4\u00e4n Duncanin kyl\u00e4ss\u00e4 t\u00f6rr\u00f6tt\u00e4vi\u00e4 toteemipaaluja. Paluulauttamme l\u00e4hti Nanaimon sijaan Victorian l\u00e4hell\u00e4 sijaitsevasta Swartz Bayst\u00e4, jonne kesti ajaa Tofinosta per\u00e4ti kuusi tuntia. Matkaa kertyikin mittariin melkein 340 kilometri\u00e4, eik\u00e4 meille j\u00e4\u00e4nytk\u00e4\u00e4n aikaa vierailla itse Victoriassa.<\/p>\n<p style=\"text-align: center;\"><a href=\"\/blog\/wp-content\/uploads\/2012\/paluumatka_tofinosta1.jpg\"><img decoding=\"async\" style=\"border: 0px none; margin: 5px;\" src=\"\/blog\/wp-content\/uploads\/2012\/thumbs\/thumbs_paluumatka_tofinosta1.jpg\" alt=\"\" \/><\/a><a href=\"\/blog\/wp-content\/uploads\/2012\/paluumatka_tofinosta2.jpg\"><img decoding=\"async\" style=\"border: 0px none; margin: 5px;\" src=\"\/blog\/wp-content\/uploads\/2012\/thumbs\/thumbs_paluumatka_tofinosta2.jpg\" alt=\"\" \/><\/a><\/p>\n<p style=\"text-align: center;\"><em>Sateinen paluumatka<\/em><\/p>\n<p style=\"text-align: center;\"><a href=\"\/blog\/wp-content\/uploads\/2012\/duncanin_toteemipaalut1.jpg\"><img decoding=\"async\" style=\"border: 0px none; margin: 5px;\" src=\"\/blog\/wp-content\/uploads\/2012\/thumbs\/thumbs_duncanin_toteemipaalut1.jpg\" alt=\"\" \/><\/a><a href=\"\/blog\/wp-content\/uploads\/2012\/duncanin_toteemipaalut2.jpg\"><img decoding=\"async\" style=\"border: 0px none; margin: 5px;\" src=\"\/blog\/wp-content\/uploads\/2012\/thumbs\/thumbs_duncanin_toteemipaalut2.jpg\" alt=\"\" \/><\/a><\/p>\n<p style=\"text-align: center;\"><em>Toteemipaaluja Duncanissa<\/em><\/p>\n<p style=\"text-align: center;\"><a href=\"\/blog\/wp-content\/uploads\/2012\/swartz_bayn_lauttaterminaali1.jpg\"><img decoding=\"async\" style=\"border: 0px none; margin: 5px;\" src=\"\/blog\/wp-content\/uploads\/2012\/thumbs\/thumbs_swartz_bayn_lauttaterminaali1.jpg\" alt=\"\" \/><\/a><a href=\"\/blog\/wp-content\/uploads\/2012\/swartz_bayn_lauttaterminaali2.jpg\"><img decoding=\"async\" style=\"border: 0px none; margin: 5px;\" src=\"\/blog\/wp-content\/uploads\/2012\/thumbs\/thumbs_swartz_bayn_lauttaterminaali2.jpg\" alt=\"\" \/><\/a><\/p>\n<p style=\"text-align: center;\"><em>Swartz Bayn lauttaterminaali<\/em><\/p>\n<p style=\"text-align: justify;\">Pitk\u00e4n viikonlopun reissumme oli kuitenkin todella onnistunut ja l\u00f6ysimme Tofinossa todellisen paratiisin tyynen valtameren rannalta. Oikastaan vain <a href=\"https:\/\/www.vuosiamaailmalla.fi\/?p=2468\">Neah Bayn retkemme<\/a> hieman etel\u00e4mp\u00e4n\u00e4 Yhdysvaltojen puolella on tullut tunnelmassa l\u00e4helle Tofinon retke\u00e4mme ja tulemmekin varmasti palaamaan Tofinoon taas uudelleen. Tofinossa edes huono s\u00e4\u00e4 osuminen kohdalle ei haittaa, sill\u00e4 sade ja myrsky vain lis\u00e4\u00e4v\u00e4t paikan tunnelmaa ja meist\u00e4 k\u00e4vely j\u00e4ttipuiden t\u00e4ytt\u00e4m\u00e4ss\u00e4 sademets\u00e4ss\u00e4 oli kaikkein parasta juuri sateisella kelill\u00e4!<\/p>\n","protected":false},"excerpt":{"rendered":"<p>Viime viikonloppuna vietettiin Kanadassa vuosittaista Victoria Dayn juhlap\u00e4iv\u00e4\u00e4, josta johtuva pitk\u00e4 viikonloppu sai meid\u00e4t tien p\u00e4\u00e4lle. Olimme vain muutamaa p\u00e4iv\u00e4\u00e4 aiemmin varanneet itsellemme majoituksen Vancouverinsaarella (eng. Vancouver Island) sijaitsevasta Tofinosta, jossa suunnittelimme viett\u00e4v\u00e4mme tulevan viikonlopun.<\/p>\n","protected":false},"author":1,"featured_media":9051,"comment_status":"open","ping_status":"open","sticky":false,"template":"","format":"standard","meta":{"_jetpack_memberships_contains_paid_content":false,"footnotes":""},"categories":[9,7,774],"tags":[961,963,935,789,956,962,960,964,957,871,958,955,959],"class_list":["post-7129","post","type-post","status-publish","format-standard","has-post-thumbnail","hentry","category-kanada","category-matkakertomukset","category-ulkoilu","tag-cathedral-grove","tag-duncan","tag-kanada","tag-luontopolku","tag-meares-island","tag-nanaimo","tag-rainforest-trail","tag-stubbs-island","tag-tofino","tag-tsawwassen","tag-ucluelet","tag-vancouverinsaari","tag-wild-pacific-trail"],"jetpack_featured_media_url":"https:\/\/www.vuosiamaailmalla.fi\/blog\/wp-content\/uploads\/jattilaispuita_meares_islandilla_banner.jpg","jetpack_sharing_enabled":true,"_links":{"self":[{"href":"https:\/\/www.vuosiamaailmalla.fi\/blog\/wp-json\/wp\/v2\/posts\/7129","targetHints":{"allow":["GET"]}}],"collection":[{"href":"https:\/\/www.vuosiamaailmalla.fi\/blog\/wp-json\/wp\/v2\/posts"}],"about":[{"href":"https:\/\/www.vuosiamaailmalla.fi\/blog\/wp-json\/wp\/v2\/types\/post"}],"author":[{"embeddable":true,"href":"https:\/\/www.vuosiamaailmalla.fi\/blog\/wp-json\/wp\/v2\/users\/1"}],"replies":[{"embeddable":true,"href":"https:\/\/www.vuosiamaailmalla.fi\/blog\/wp-json\/wp\/v2\/comments?post=7129"}],"version-history":[{"count":2,"href":"https:\/\/www.vuosiamaailmalla.fi\/blog\/wp-json\/wp\/v2\/posts\/7129\/revisions"}],"predecessor-version":[{"id":12050,"href":"https:\/\/www.vuosiamaailmalla.fi\/blog\/wp-json\/wp\/v2\/posts\/7129\/revisions\/12050"}],"wp:featuredmedia":[{"embeddable":true,"href":"https:\/\/www.vuosiamaailmalla.fi\/blog\/wp-json\/wp\/v2\/media\/9051"}],"wp:attachment":[{"href":"https:\/\/www.vuosiamaailmalla.fi\/blog\/wp-json\/wp\/v2\/media?parent=7129"}],"wp:term":[{"taxonomy":"category","embeddable":true,"href":"https:\/\/www.vuosiamaailmalla.fi\/blog\/wp-json\/wp\/v2\/categories?post=7129"},{"taxonomy":"post_tag","embeddable":true,"href":"https:\/\/www.vuosiamaailmalla.fi\/blog\/wp-json\/wp\/v2\/tags?post=7129"}],"curies":[{"name":"wp","href":"https:\/\/api.w.org\/{rel}","templated":true}]}}