{"id":7141,"date":"2015-08-28T15:19:48","date_gmt":"2015-08-28T22:19:48","guid":{"rendered":"http:\/\/13.53.127.146\/?p=7141"},"modified":"2020-08-03T12:19:13","modified_gmt":"2020-08-03T19:19:13","slug":"neljan-kuukauden-kuivuus","status":"publish","type":"post","link":"https:\/\/www.vuosiamaailmalla.fi\/blog\/2015\/neljan-kuukauden-kuivuus\/","title":{"rendered":"Nelj\u00e4n kuukauden kuivuus"},"content":{"rendered":"<p style=\"text-align: justify;\">Vancouverin kes\u00e4 on ollut kuiva. Todella kuiva. L\u00e4mpim\u00e4t korkeapaineen ilmamassat ovat pit\u00e4neet sadepilvet loitolla aina toukokuun alusta saakka ja nelj\u00e4n viime kuukauden aikana on saatu sadetta vain noin <a href=\"https:\/\/www.vuosiamaailmalla.fi\/?p=6863\">viiten\u00e4 p\u00e4iv\u00e4n\u00e4<\/a>. Sekin sade on ollut niin v\u00e4h\u00e4ist\u00e4, ettei se ole pystynyt pit\u00e4m\u00e4\u00e4n nurmikkoja vihre\u00e4n\u00e4 saati lehti\u00e4 kuivuneissa puissa.<\/p>\n<p><!--more--><\/p>\n<p style=\"text-align: justify;\">Hein\u00e4kuussa Vancouverissa oltiinkin hyvin huolissaan siit\u00e4 miten kaupunkialueen vesivarastot tulisivat riitt\u00e4m\u00e4\u00e4n l\u00e4pi enn\u00e4tyskuivan kes\u00e4n. Kuun puoliv\u00e4liss\u00e4 asetettiinkin voimaan tiukkoja <a title=\"Vesihuollon miljardihankkeet\" href=\"https:\/\/www.vuosiamaailmalla.fi\/?p=10703\">rajoituksia veden k\u00e4yt\u00f6lle<\/a>, jotka kielsiv\u00e4t muun muassa suihkul\u00e4hteet, auton pesemisen kotipihalla sek\u00e4 kaikenlaisen nurmikon kastelun. T\u00e4m\u00e4 auttoikin ja kulutus laski heti kieltoa seuraavana p\u00e4iv\u00e4n\u00e4 huomattavasti, mutta siit\u00e4 huolimatta ilman taivaalta putoavaa sadetta vesivarastot jatkavat silti laskuaan. \ud83d\ude15<\/p>\n<p style=\"text-align: center;\"><a href=\"\/blog\/wp-content\/uploads\/2015\/2015_sademaara.jpg\"><img decoding=\"async\" style=\"border: 0px none; margin: 5px;\" src=\"\/blog\/wp-content\/uploads\/2015\/2015_sademaara.jpg\" alt=\"\" \/><\/a><\/p>\n<p style=\"text-align: center;\"><em>Vesivarastojen kehitys<\/em><\/p>\n<p style=\"text-align: justify;\">Viimein t\u00e4n\u00e4isest\u00e4 alkaen tullaan Vancouverissa saamaan sadetta, sill\u00e4 ennustusten mukaan perjantaista aina tiistaihin ulottuvalla sateisella jaksolla pit\u00e4isi sataa jopa 120 millimetrin verran. Se on hyv\u00e4 uutinen, sill\u00e4 k\u00e4vin eilen torstaina katsomassa milt\u00e4 kaupungin vesivarastot n\u00e4ytt\u00e4v\u00e4t nelj\u00e4n rutikuivan kuukauden j\u00e4ljilt\u00e4. Tilastojen mukaan vesivarastot ovat nyt alle 55%:ssa, kun normaali taso t\u00e4h\u00e4n aikaan vuodesta on 65%.<\/p>\n<p style=\"text-align: justify;\">Py\u00f6r\u00e4ily <a title=\"Kes\u00e4p\u00e4iv\u00e4 North Vancouverissa\" href=\"https:\/\/www.vuosiamaailmalla.fi\/?p=7861\">North Vancouverissa<\/a> sijaitsevalle <a href=\"https:\/\/www.vuosiamaailmalla.fi\/?p=3058\">Seymourille Lakelle<\/a> oli yll\u00e4tt\u00e4v\u00e4, sill\u00e4 siell\u00e4 vedenpinta ei ollut laskenut kovin huomattavasti. Suuren tekoj\u00e4rven pinta oli ehk\u00e4 noin metrin normaalia alempana, mik\u00e4 ei ollut mielest\u00e4ni dramaattista.<\/p>\n<p style=\"text-align: center;\"><a href=\"\/blog\/wp-content\/uploads\/2015\/seymour_reservoir1.jpg\"><img decoding=\"async\" style=\"border: 0px none; margin: 5px;\" src=\"\/blog\/wp-content\/uploads\/2015\/thumbs\/thumbs_seymour_reservoir1.jpg\" alt=\"\" \/><\/a><a href=\"\/blog\/wp-content\/uploads\/2015\/seymour_reservoir2.jpg\"><img decoding=\"async\" style=\"border: 0px none; margin: 5px;\" src=\"\/blog\/wp-content\/uploads\/2015\/thumbs\/thumbs_seymour_reservoir2.jpg\" alt=\"\" \/><\/a><a href=\"\/blog\/wp-content\/uploads\/2015\/seymourin_padon_huoltotoita.jpg\"><img decoding=\"async\" style=\"border: 0px none; margin: 5px;\" src=\"\/blog\/wp-content\/uploads\/2015\/thumbs\/thumbs_seymourin_padon_huoltotoita.jpg\" alt=\"\" \/><\/a><\/p>\n<p style=\"text-align: center;\"><em>Ei niin dramaattinen Seymour Lake<\/em><\/p>\n<p style=\"text-align: center;\"><a href=\"\/blog\/wp-content\/uploads\/2015\/seymour_reservoir_panoraama.jpg\"><img decoding=\"async\" style=\"border: 0px none; margin: 5px;\" src=\"\/blog\/wp-content\/uploads\/2015\/seymour_reservoir_panoraama_pieni.jpg\" alt=\"\" \/><\/a><\/p>\n<p style=\"text-align: justify;\">T\u00e4t\u00e4 kes\u00e4\u00e4 osuvalla tavalla kuvaavasti, lensi j\u00e4rven yli vierailuni aikana kaksi helikopteria matkallaan taistelemaan l\u00e4hiseudulla <a href=\"https:\/\/www.vuosiamaailmalla.fi\/?p=5914\">roihuavia maastopaloja<\/a>. Niit\u00e4 on ollut viime aikoina Vancouverin l\u00e4hist\u00f6ll\u00e4 muun muassa Harrison Laken suunnalla.<\/p>\n<p style=\"text-align: center;\"><a href=\"\/blog\/wp-content\/uploads\/2015\/palohelikopteri.jpg\"><img decoding=\"async\" style=\"border: 0px none; margin: 5px;\" src=\"\/blog\/wp-content\/uploads\/2015\/palohelikopteri.jpg\" alt=\"\" \/><\/a><\/p>\n<p style=\"text-align: center;\"><em>Kopteri matkalla palontorjuntaan<\/em><\/p>\n<p style=\"text-align: justify;\">Vesitilanne oli kuitenkin t\u00e4ysin p\u00e4invastainen Vancouveria l\u00e4hinn\u00e4 sijaitsevalla Capilano Lakella, jossa uutta rantaviivaa oli syntynyt rutkasti veden laskettua ainakin kymmenen metri\u00e4. N\u00e4ky oli todella karu, sill\u00e4 lasku tarkoittaa valtavaa tilavuusm\u00e4\u00e4r\u00e4\u00e4 juomavett\u00e4. Vedenpinta oli laskenut aina niin alas, ett\u00e4 j\u00e4rve\u00e4 patoavan <em>Cleveland Damin<\/em> yl\u00e4osa oli melkein kokonaan n\u00e4kyviss\u00e4.<\/p>\n<p style=\"text-align: center;\"><a href=\"\/blog\/wp-content\/uploads\/2015\/alhainen_capilano_reservoir1.jpg\"><img decoding=\"async\" style=\"border: 0px none; margin: 5px;\" src=\"\/blog\/wp-content\/uploads\/2015\/thumbs\/thumbs_alhainen_capilano_reservoir1.jpg\" alt=\"\" \/><\/a><a href=\"\/blog\/wp-content\/uploads\/2015\/alhainen_capilano_reservoir2.jpg\"><img decoding=\"async\" style=\"border: 0px none; margin: 5px;\" src=\"\/blog\/wp-content\/uploads\/2015\/thumbs\/thumbs_alhainen_capilano_reservoir2.jpg\" alt=\"\" \/><\/a><a href=\"\/blog\/wp-content\/uploads\/2015\/alhainen_capilano_reservoir4.jpg\"><img decoding=\"async\" style=\"border: 0px none; margin: 5px;\" src=\"\/blog\/wp-content\/uploads\/2015\/thumbs\/thumbs_alhainen_capilano_reservoir4.jpg\" alt=\"\" \/><\/a><br \/>\n<a href=\"\/blog\/wp-content\/uploads\/2015\/alhainen_capilano_reservoir3.jpg\"><img decoding=\"async\" style=\"border: 0px none; margin: 5px;\" src=\"\/blog\/wp-content\/uploads\/2015\/thumbs\/thumbs_alhainen_capilano_reservoir3.jpg\" alt=\"\" \/><\/a><a href=\"\/blog\/wp-content\/uploads\/2015\/tyhja_cleveland_dam1.jpg\"><img decoding=\"async\" style=\"border: 0px none; margin: 5px;\" src=\"\/blog\/wp-content\/uploads\/2015\/thumbs\/thumbs_tyhja_cleveland_dam1.jpg\" alt=\"\" \/><\/a><\/p>\n<p style=\"text-align: center;\"><em>Rutkasti pudonnut Capilano Lake<\/em><\/p>\n<p style=\"text-align: center;\"><a href=\"\/blog\/wp-content\/uploads\/2015\/tyhja_cleveland_dam2.jpg\"><img decoding=\"async\" style=\"border: 0px none; margin: 5px;\" src=\"\/blog\/wp-content\/uploads\/2015\/thumbs\/thumbs_tyhja_cleveland_dam2.jpg\" alt=\"\" \/><\/a><a href=\"\/blog\/wp-content\/uploads\/2015\/tyhja_cleveland_dam3.jpg\"><img decoding=\"async\" style=\"border: 0px none; margin: 5px;\" src=\"\/blog\/wp-content\/uploads\/2015\/thumbs\/thumbs_tyhja_cleveland_dam3.jpg\" alt=\"\" \/><\/a><a href=\"\/blog\/wp-content\/uploads\/2015\/tyhja_cleveland_dam4.jpg\"><img decoding=\"async\" style=\"border: 0px none; margin: 5px;\" src=\"\/blog\/wp-content\/uploads\/2015\/thumbs\/thumbs_tyhja_cleveland_dam4.jpg\" alt=\"\" \/><\/a><\/p>\n<p style=\"text-align: center;\"><em>Melkein paljas pato<\/em><\/p>\n<p style=\"text-align: center;\"><a href=\"\/blog\/wp-content\/uploads\/2015\/tyhja_cleveland_dam5.jpg\"><img decoding=\"async\" style=\"border: 0px none; margin: 5px;\" src=\"\/blog\/wp-content\/uploads\/2015\/thumbs\/thumbs_tyhja_cleveland_dam5.jpg\" alt=\"\" \/><\/a><a href=\"\/blog\/wp-content\/uploads\/2015\/avoin_cleveland_dam3.jpg\"><img decoding=\"async\" style=\"border: 0px none; margin: 5px;\" src=\"\/blog\/wp-content\/uploads\/2015\/thumbs\/thumbs_avoin_cleveland_dam3.jpg\" alt=\"\" \/><\/a><a href=\"\/blog\/wp-content\/uploads\/2015\/tyhja_cleveland_dam6.jpg\"><img decoding=\"async\" style=\"border: 0px none; margin: 5px;\" src=\"\/blog\/wp-content\/uploads\/2015\/thumbs\/thumbs_tyhja_cleveland_dam6.jpg\" alt=\"\" \/><\/a><br \/>\n<a href=\"\/blog\/wp-content\/uploads\/2015\/avoin_cleveland_dam2.jpg\"><img decoding=\"async\" style=\"border: 0px none; margin: 5px;\" src=\"\/blog\/wp-content\/uploads\/2015\/thumbs\/thumbs_avoin_cleveland_dam2.jpg\" alt=\"\" \/><\/a><a href=\"\/blog\/wp-content\/uploads\/2015\/avoin_cleveland_dam1.jpg\"><img decoding=\"async\" style=\"border: 0px none; margin: 5px;\" src=\"\/blog\/wp-content\/uploads\/2015\/thumbs\/thumbs_avoin_cleveland_dam1.jpg\" alt=\"\" \/><\/a><a href=\"\/blog\/wp-content\/uploads\/2015\/tyhja_cleveland_dam7.jpg\"><img decoding=\"async\" style=\"border: 0px none; margin: 5px;\" src=\"\/blog\/wp-content\/uploads\/2015\/thumbs\/thumbs_tyhja_cleveland_dam7.jpg\" alt=\"\" \/><\/a><\/p>\n<p style=\"text-align: center;\"><em>T\u00e4ysin kuivaksi k\u00e4ynyt Cleveland Dam<\/em><\/p>\n<p style=\"text-align: justify;\">Viel\u00e4 pysytt\u00e4v\u00e4mpi oli kuitenkin n\u00e4ky padon alapuolelta, jossa k\u00e4vi ilmi ett\u00e4 vesi oli laskenut jo alle padon luukkujen, jotka ammottivat t\u00e4ysin auki ollen silti t\u00e4ysin kuivat. Alapuoleisessa <a href=\"https:\/\/www.vuosiamaailmalla.fi\/?p=2032\">Capilanon kanjonissa<\/a> normaalisti <a href=\"https:\/\/www.youtube.com\/watch?v=OPGJBHeBjRI\">runsaana virtaava<\/a> koski oli kutistunut pieniksi lammikoiksi ja pikkuruiseksi puroksi.<\/p>\n<p style=\"text-align: center;\"><a href=\"\/blog\/wp-content\/uploads\/2015\/tyhja_capilano_canyon1.jpg\"><img decoding=\"async\" style=\"border: 0px none; margin: 5px;\" src=\"\/blog\/wp-content\/uploads\/2015\/tyhja_capilano_canyon1.jpg\" alt=\"\" \/><\/a><\/p>\n<p style=\"text-align: center;\"><em>Kuiva kanjoni<\/em><\/p>\n<p style=\"text-align: center;\"><a href=\"\/blog\/wp-content\/uploads\/2013\/cleveland_dam1.jpg\"><img decoding=\"async\" style=\"border: 0px none; margin: 5px;\" src=\"\/blog\/wp-content\/uploads\/2013\/thumbs\/thumbs_cleveland_dam1.jpg\" alt=\"\" \/><\/a><a href=\"\/blog\/wp-content\/uploads\/2015\/tyhja_capilano_canyon2.jpg\"><img decoding=\"async\" style=\"border: 0px none; margin: 5px;\" src=\"\/blog\/wp-content\/uploads\/2015\/thumbs\/thumbs_tyhja_capilano_canyon2.jpg\" alt=\"\" \/><\/a><\/p>\n<p style=\"text-align: center;\"><em>Vett\u00e4 padolla normaalisti ja nyt<\/em><\/p>\n<p style=\"text-align: justify;\">Vancouverin kolmas ja kaikkein suurin vesivarasto on suuri Coquitlam Lake metropolialueen it\u00e4puolella, mutta sille ei ole julkista p\u00e4\u00e4sy\u00e4 n\u00e4kem\u00e4\u00e4n j\u00e4rven vesitilannetta. Vedenk\u00e4ytt\u00f6\u00e4 hallitsevat viranomaiset voivat johtaa erilaisia m\u00e4\u00e4ri\u00e4 vett\u00e4 eri j\u00e4rvist\u00e4, mik\u00e4 selitt\u00e4\u00e4 miksi Seymour Laken pinta oli niin paljon Capilanoa korkeammalla. Sit\u00e4 en tied\u00e4 miksi j\u00e4rvien vesivarastoja k\u00e4ytet\u00e4\u00e4n niin ep\u00e4tasaisesti, mutta jokin syy sille kuitenkin lienee.<\/p>\n<p style=\"text-align: center;\"><a href=\"\/blog\/wp-content\/uploads\/2015\/vancouverin_vesiverkosto.jpg\"><img decoding=\"async\" style=\"border: 0px none; margin: 5px;\" src=\"\/blog\/wp-content\/uploads\/2015\/thumbs\/thumbs_vancouverin_vesiverkosto.jpg\" alt=\"\" \/><\/a><\/p>\n<p style=\"text-align: center;\"><em>Vancouverin vesij\u00e4rjestelm\u00e4<\/em><\/p>\n<p style=\"text-align: justify;\">Tilanne on silti edelleen vakava ja ilman hein\u00e4kuussa asetettuja rajoituksia vesitilanne voisi olla t\u00e4n\u00e4\u00e4n niinkin alhaalla kuin 40%:ssa. Lukema on my\u00f6skin hieman harhaanjohtava, sill\u00e4 kaikkea vesim\u00e4\u00e4r\u00e4\u00e4 ei pystyt\u00e4 koskaan hy\u00f6dynt\u00e4m\u00e4\u00e4n vaan pohja kosketetaan jossain 10% tienoilla. Onneksi kuivaan loppukes\u00e4\u00e4n osattiin silti varutua ja toivon mukaan nyt viikonloppuna saatava sade t\u00e4ytt\u00e4\u00e4 varastoja j\u00e4lleen jonkin verran. Syksyn sadekauteen on en\u00e4\u00e4 noin kuukauden verran aikaa, mutta siit\u00e4kin on ennustettu normaalia v\u00e4h\u00e4sateisempaa, joten poikkeustilanne voi jatkua viel\u00e4 pitk\u00e4\u00e4n ja olla ensi vuonna t\u00e4t\u00e4 vuotta vaikeampi.<\/p>\n<p style=\"text-align: center;\"><a href=\"\/blog\/wp-content\/uploads\/2015\/capilano_reservoir_panoraama.jpg\"><img decoding=\"async\" style=\"border: 0px none; margin: 5px;\" src=\"\/blog\/wp-content\/uploads\/2015\/capilano_reservoir_panoraama_pieni.jpg\" alt=\"\" \/><\/a><\/p>\n<p style=\"text-align: center;\"><em>Capilano Lake ennen sateita<\/em><\/p>\n","protected":false},"excerpt":{"rendered":"<p>Vancouverin kes\u00e4 on ollut kuiva. Todella kuiva. L\u00e4mpim\u00e4t korkeapaineen ilmamassat ovat pit\u00e4neet sadepilvet loitolla aina toukokuun alusta saakka ja nelj\u00e4n viime kuukauden aikana on saatu sadetta vain noin viiten\u00e4 p\u00e4iv\u00e4n\u00e4. Sekin sade on ollut niin v\u00e4h\u00e4ist\u00e4, ettei se ole pystynyt pit\u00e4m\u00e4\u00e4n nurmikkoja vihre\u00e4n\u00e4 saati lehti\u00e4 kuivuneissa puissa.<\/p>\n","protected":false},"author":1,"featured_media":10709,"comment_status":"open","ping_status":"open","sticky":false,"template":"","format":"standard","meta":{"_jetpack_memberships_contains_paid_content":false,"footnotes":""},"categories":[17,3],"tags":[25,34,554,553,1507,935,159,184,751,236,270,939],"class_list":["post-7141","post","type-post","status-publish","format-standard","has-post-thumbnail","hentry","category-arki-kanadassa","category-arki-ulkomailla","tag-ajankohtaista","tag-arki","tag-capilano-canyon","tag-capilano-lake","tag-cleveland-dam","tag-kanada","tag-kesa","tag-north-vancouver","tag-seymour-lake","tag-seymour-valley","tag-saa","tag-vancouver"],"jetpack_featured_media_url":"https:\/\/www.vuosiamaailmalla.fi\/blog\/wp-content\/uploads\/capilano_reservoir_banner-1.jpg","jetpack_sharing_enabled":true,"_links":{"self":[{"href":"https:\/\/www.vuosiamaailmalla.fi\/blog\/wp-json\/wp\/v2\/posts\/7141","targetHints":{"allow":["GET"]}}],"collection":[{"href":"https:\/\/www.vuosiamaailmalla.fi\/blog\/wp-json\/wp\/v2\/posts"}],"about":[{"href":"https:\/\/www.vuosiamaailmalla.fi\/blog\/wp-json\/wp\/v2\/types\/post"}],"author":[{"embeddable":true,"href":"https:\/\/www.vuosiamaailmalla.fi\/blog\/wp-json\/wp\/v2\/users\/1"}],"replies":[{"embeddable":true,"href":"https:\/\/www.vuosiamaailmalla.fi\/blog\/wp-json\/wp\/v2\/comments?post=7141"}],"version-history":[{"count":0,"href":"https:\/\/www.vuosiamaailmalla.fi\/blog\/wp-json\/wp\/v2\/posts\/7141\/revisions"}],"wp:featuredmedia":[{"embeddable":true,"href":"https:\/\/www.vuosiamaailmalla.fi\/blog\/wp-json\/wp\/v2\/media\/10709"}],"wp:attachment":[{"href":"https:\/\/www.vuosiamaailmalla.fi\/blog\/wp-json\/wp\/v2\/media?parent=7141"}],"wp:term":[{"taxonomy":"category","embeddable":true,"href":"https:\/\/www.vuosiamaailmalla.fi\/blog\/wp-json\/wp\/v2\/categories?post=7141"},{"taxonomy":"post_tag","embeddable":true,"href":"https:\/\/www.vuosiamaailmalla.fi\/blog\/wp-json\/wp\/v2\/tags?post=7141"}],"curies":[{"name":"wp","href":"https:\/\/api.w.org\/{rel}","templated":true}]}}