{"id":7202,"date":"2015-10-05T10:57:47","date_gmt":"2015-10-05T17:57:47","guid":{"rendered":"http:\/\/13.53.127.146\/?p=7202"},"modified":"2021-03-14T16:08:31","modified_gmt":"2021-03-14T23:08:31","slug":"ruuhkaisella-dog-mountainilla","status":"publish","type":"post","link":"https:\/\/www.vuosiamaailmalla.fi\/blog\/2015\/ruuhkaisella-dog-mountainilla\/","title":{"rendered":"Ruuhkaisella Dog Mountainilla"},"content":{"rendered":"<p style=\"text-align: justify;\">Eilisen kaunis syyssunnuntai houkutteli j\u00e4lleen hetken tauon j\u00e4lkeen vuorille vaeltamaan. Niina oli puhunut jo monen p\u00e4iv\u00e4n ajan miten olisi kiva uusia vuonna 2012 tekem\u00e4mme lyhyt viiden kilometrin vaellus <a title=\"Pilvihattaraa Mount Seymourilla\" href=\"https:\/\/www.vuosiamaailmalla.fi\/?p=7765\">Mount Seymourilla<\/a> sijaitsevalle Dog Mountainin kalliokielekkeelle. Edellisell\u00e4 kerralla teimme retken luonamme ensimm\u00e4ist\u00e4 kertaa vierailleen entisen Berliinin tuttumme kanssa ja polku j\u00e4i mieleemme mukavana, joten niinp\u00e4 l\u00e4hdimme eilen puolilta p\u00e4ivin kohti Mount Seymouria.<\/p>\n<p><!--more--><\/p>\n<p style=\"text-align: justify;\">Perill\u00e4 k\u00e4vi selv\u00e4ksi, ett\u00e4 muutama muukin oli tehnyt kanssamme saman johtop\u00e4\u00e4t\u00f6ksen. Laskettelukeskuksen parkkipaikka oli nimitt\u00e4in tupaten t\u00e4ynn\u00e4 ja autoja oli pys\u00e4k\u00f6ity aina parkkipaikalle johtavan tien varteen saakka. Osa vierailijoista oli my\u00f6s matkalla Dog Mountainille, mutta iso osa jatkoi my\u00f6s kohti Mount Seymourin kolmea huippua sek\u00e4 <a title=\"Brockton Point\" href=\"https:\/\/www.vuosiamaailmalla.fi\/?p=2455\">Brockton Pointin kielekett\u00e4<\/a>. Edellisell\u00e4 vierailulla olimme olleet matkassa my\u00f6h\u00e4\u00e4n iltap\u00e4iv\u00e4ll\u00e4 ja todenn\u00e4k\u00f6isesti viimeiset tuona p\u00e4iv\u00e4n\u00e4 Dog Mountainilla vierailleet. Tuolloin polulla oli ollut todella rauhallista, mutta nyt v\u00e4ke\u00e4 oli ihan ruuhkaksi saakka ja usein paikoin piti kulkea pitk\u00e4ss\u00e4 ihmisjonossa.<\/p>\n<p style=\"text-align: center;\"><a href=\"\/blog\/wp-content\/uploads\/2012\/dog_mountain_polku1.jpg\"><img decoding=\"async\" style=\"border: 0px none; margin: 5px;\" src=\"\/blog\/wp-content\/uploads\/2012\/thumbs\/thumbs_dog_mountain_polku1.jpg\" alt=\"\" \/><\/a><a href=\"\/blog\/wp-content\/uploads\/2012\/dog_mountain_polku2.jpg\"><img decoding=\"async\" style=\"border: 0px none; margin: 5px;\" src=\"\/blog\/wp-content\/uploads\/2012\/thumbs\/thumbs_dog_mountain_polku2.jpg\" alt=\"\" \/><\/a><a href=\"\/blog\/wp-content\/uploads\/2012\/first_lake.jpg\"><img decoding=\"async\" style=\"border: 0px none; margin: 5px;\" src=\"\/blog\/wp-content\/uploads\/2012\/thumbs\/thumbs_first_lake.jpg\" alt=\"\" \/><\/a><\/p>\n<p style=\"text-align: center;\"><em>Juurakkoinen polku halki mets\u00e4n<\/em><\/p>\n<p style=\"text-align: justify;\">Polun ensimm\u00e4iset sata metri\u00e4 on vuoden 2012 j\u00e4lkeen tasoitettu kaivinkoneen kanssa, mutta sen j\u00e4lkeen polku muuttuu eritt\u00e4in juurakkoiseksi mets\u00e4poluksi. Polku ei ole muuttunut kolmessa vuodessa juuri mitenk\u00e4\u00e4n ja on edelleen vaikeakulkuinen ja moninpaikoin mutainen. Yht\u00e4\u00e4n pidemp\u00e4n\u00e4 siihen voisi tuhraantua aikaa tuntikausiakin, mutta polku on vain kaksi ja puoli kilometri\u00e4 suuntaansa ja niinp\u00e4 yhteen suuntaan kuluukin noin tunnin verran.<\/p>\n<p style=\"text-align: center;\"><a href=\"\/blog\/wp-content\/uploads\/2012\/dog_mountainilla1.jpg\"><img decoding=\"async\" style=\"border: 0px none; margin: 5px;\" src=\"\/blog\/wp-content\/uploads\/2012\/thumbs\/thumbs_dog_mountainilla1.jpg\" alt=\"\" \/><\/a><a href=\"\/blog\/wp-content\/uploads\/2012\/dog_mountainilla2.jpg\"><img decoding=\"async\" style=\"border: 0px none; margin: 5px;\" src=\"\/blog\/wp-content\/uploads\/2012\/thumbs\/thumbs_dog_mountainilla2.jpg\" alt=\"\" \/><\/a><\/p>\n<p style=\"text-align: center;\"><em>Kielekkeell\u00e4 vuonna 2012<\/em><\/p>\n<p style=\"text-align: justify;\">Perill\u00e4 odottaa jylh\u00e4 kalliokieleke jolta aukeaa upea maisema yli koko metropolialueen. Kilometrin korkeudelta n\u00e4kee helposti <a title=\"Ikiaikaisten j\u00e4ttil\u00e4isten Tofino\" href=\"https:\/\/www.vuosiamaailmalla.fi\/?p=7129\">Vancouverinsaarelle<\/a> saakka ja Downtownin pilvenpiirt\u00e4j\u00e4t n\u00e4ytt\u00e4v\u00e4t kovin matalalta. Vaikka keli olikin kaunis, oli maisema silti hienoisen udun sinert\u00e4m\u00e4. Vierell\u00e4 kohoavat sinisen\u00e4 Grouse Mountain, Crown Mountain sek\u00e4 muut North Shore Mountainsin huiput. Id\u00e4ss\u00e4 puolestaan kohoaa <a title=\"P\u00e4iv\u00e4retki Mount Bakerille\" href=\"https:\/\/www.vuosiamaailmalla.fi\/?p=2965\">Mount Bakerin<\/a> aina valkoinen huippu.<\/p>\n<p style=\"text-align: center;\"><a href=\"\/blog\/wp-content\/uploads\/2015\/crown_mountain.jpg\"><img decoding=\"async\" style=\"border: 0px none; margin: 5px;\" src=\"\/blog\/wp-content\/uploads\/2015\/crown_mountain.jpg\" alt=\"\" \/><\/a><\/p>\n<p style=\"text-align: center;\"><em>Crown Mountain<\/em><\/p>\n<p style=\"text-align: center;\"><a href=\"\/blog\/wp-content\/uploads\/2015\/dog_mountainilla3.jpg\"><img decoding=\"async\" style=\"border: 0px none; margin: 5px;\" src=\"\/blog\/wp-content\/uploads\/2015\/thumbs\/thumbs_dog_mountainilla3.jpg\" alt=\"\" \/><\/a><a href=\"\/blog\/wp-content\/uploads\/2015\/metrotown_dog_mountainilta.jpg\"><img decoding=\"async\" style=\"border: 0px none; margin: 5px;\" src=\"\/blog\/wp-content\/uploads\/2015\/thumbs\/thumbs_metrotown_dog_mountainilta.jpg\" alt=\"\" \/><\/a><\/p>\n<p style=\"text-align: center;\"><em>Taustalla Metrotown<\/em><\/p>\n<p style=\"text-align: center;\"><a href=\"\/blog\/wp-content\/uploads\/2015\/second_narrows_bridge_ylhaalta.jpg\"><img decoding=\"async\" style=\"border: 0px none; margin: 5px;\" src=\"\/blog\/wp-content\/uploads\/2015\/thumbs\/thumbs_second_narrows_bridge_ylhaalta.jpg\" alt=\"\" \/><\/a><a href=\"\/blog\/wp-content\/uploads\/2015\/lions_gate_bridge_ylhaalta.jpg\"><img decoding=\"async\" style=\"border: 0px none; margin: 5px;\" src=\"\/blog\/wp-content\/uploads\/2015\/thumbs\/thumbs_lions_gate_bridge_ylhaalta.jpg\" alt=\"\" \/><\/a><\/p>\n<p style=\"text-align: center;\"><em>North Shoren kaksi kaksi siltaa<\/em><\/p>\n<p style=\"text-align: justify;\">S\u00f6imme kielekkeell\u00e4 ev\u00e4\u00e4mme suuren ihmisjoukon kanssa, mink\u00e4 j\u00e4lkeen l\u00e4hdimme takaisin autolle. Parin tunnin retki oli hyv\u00e4\u00e4 vaihtelua arkeen, joskin olimme molemmat sit\u00e4 mielt\u00e4 ett\u00e4 v\u00e4ke\u00e4 oli liikkeell\u00e4 aivan liikaa. Noh ainakaan t\u00e4ll\u00e4 kertaa ei tarvinnut huolehtia karhuista, jotka varmasti v\u00e4ltteliv\u00e4t v\u00e4kijoukkoa kuin ruttoa.<\/p>\n<p style=\"text-align: center;\"><a href=\"\/blog\/wp-content\/uploads\/2015\/utuinen_downtown.jpg\"><img decoding=\"async\" style=\"border: 0px none; margin: 5px;\" src=\"\/blog\/wp-content\/uploads\/2015\/utuinen_downtown_pieni.jpg\" alt=\"\" \/><\/a><\/p>\n<p style=\"text-align: center;\"><em>Utuinen Vancouverin Downtown<\/em><\/p>\n","protected":false},"excerpt":{"rendered":"<p>Eilisen kaunis syyssunnuntai houkutteli j\u00e4lleen hetken tauon j\u00e4lkeen vuorille vaeltamaan. Niina oli puhunut jo monen p\u00e4iv\u00e4n ajan miten olisi kiva uusia vuonna 2012 tekem\u00e4mme lyhyt viiden kilometrin vaellus Mount Seymourilla sijaitsevalle Dog Mountainin kalliokielekkeelle. Edellisell\u00e4 kerralla teimme retken luonamme ensimm\u00e4ist\u00e4 kertaa vierailleen entisen Berliinin tuttumme kanssa ja polku j\u00e4i mieleemme mukavana, joten niinp\u00e4 l\u00e4hdimme eilen &hellip; <a href=\"https:\/\/www.vuosiamaailmalla.fi\/blog\/2015\/ruuhkaisella-dog-mountainilla\/\" class=\"more-link\">Jatka lukemista<span class=\"screen-reader-text\"> &#8221;Ruuhkaisella Dog Mountainilla&#8221;<\/span><\/a><\/p>\n","protected":false},"author":1,"featured_media":8949,"comment_status":"open","ping_status":"open","sticky":false,"template":"","format":"standard","meta":{"_jetpack_memberships_contains_paid_content":false,"footnotes":""},"categories":[17,3],"tags":[34,974,935,181,184,938,939],"class_list":["post-7202","post","type-post","status-publish","format-standard","has-post-thumbnail","hentry","category-arki-kanadassa","category-arki-ulkomailla","tag-arki","tag-dog-mountain","tag-kanada","tag-mount-seymour","tag-north-vancouver","tag-vaellus","tag-vancouver"],"jetpack_featured_media_url":"https:\/\/www.vuosiamaailmalla.fi\/blog\/wp-content\/uploads\/dog_mountainilla_banner.jpg","jetpack_sharing_enabled":true,"_links":{"self":[{"href":"https:\/\/www.vuosiamaailmalla.fi\/blog\/wp-json\/wp\/v2\/posts\/7202","targetHints":{"allow":["GET"]}}],"collection":[{"href":"https:\/\/www.vuosiamaailmalla.fi\/blog\/wp-json\/wp\/v2\/posts"}],"about":[{"href":"https:\/\/www.vuosiamaailmalla.fi\/blog\/wp-json\/wp\/v2\/types\/post"}],"author":[{"embeddable":true,"href":"https:\/\/www.vuosiamaailmalla.fi\/blog\/wp-json\/wp\/v2\/users\/1"}],"replies":[{"embeddable":true,"href":"https:\/\/www.vuosiamaailmalla.fi\/blog\/wp-json\/wp\/v2\/comments?post=7202"}],"version-history":[{"count":2,"href":"https:\/\/www.vuosiamaailmalla.fi\/blog\/wp-json\/wp\/v2\/posts\/7202\/revisions"}],"predecessor-version":[{"id":12059,"href":"https:\/\/www.vuosiamaailmalla.fi\/blog\/wp-json\/wp\/v2\/posts\/7202\/revisions\/12059"}],"wp:featuredmedia":[{"embeddable":true,"href":"https:\/\/www.vuosiamaailmalla.fi\/blog\/wp-json\/wp\/v2\/media\/8949"}],"wp:attachment":[{"href":"https:\/\/www.vuosiamaailmalla.fi\/blog\/wp-json\/wp\/v2\/media?parent=7202"}],"wp:term":[{"taxonomy":"category","embeddable":true,"href":"https:\/\/www.vuosiamaailmalla.fi\/blog\/wp-json\/wp\/v2\/categories?post=7202"},{"taxonomy":"post_tag","embeddable":true,"href":"https:\/\/www.vuosiamaailmalla.fi\/blog\/wp-json\/wp\/v2\/tags?post=7202"}],"curies":[{"name":"wp","href":"https:\/\/api.w.org\/{rel}","templated":true}]}}