{"id":7210,"date":"2014-09-10T14:04:17","date_gmt":"2014-09-10T21:04:17","guid":{"rendered":"http:\/\/13.53.127.146\/?p=7210"},"modified":"2019-12-17T18:19:38","modified_gmt":"2019-12-18T02:19:38","slug":"concours-delegance","status":"publish","type":"post","link":"https:\/\/www.vuosiamaailmalla.fi\/blog\/2014\/concours-delegance\/","title":{"rendered":"Viikonloppu superautojen keskell\u00e4"},"content":{"rendered":"<p style=\"text-align: justify;\">Joka vuosi syyskuun ensimm\u00e4isen\u00e4 viikonloppuna, kokoontuu Vancouverin kerma <a href=\"https:\/\/www.vuosiamaailmalla.fi\/?p=1936\">VanDusenin kasvitieteelliselle puutarhalle<\/a> Shaughnessyn hienostoalueelle. Tuolloin siell\u00e4 j\u00e4rjestet\u00e4\u00e4n yleens\u00e4 upean kelin saattelemana kaksip\u00e4iv\u00e4inen <em>Luxury &amp; Supercar Weekend &#8211; Canadian Concours d&#8217;Elegance<\/em> nimell\u00e4 kulkeva yleellisyystapahtuma, jossa autoliikkeet sek\u00e4 paikalliset rikkaat esittelev\u00e4t urheiluautojaan. Tavallisten tallaajien keskuudessa lyhyesti vain &#8221;superautoviikonloppuna&#8221; tunnettu tapahtuma onkin mahdollisuus kurkista kauniiden ja rikkaiden ihmeelliseen el\u00e4m\u00e4\u00e4n.<\/p>\n<p><!--more--><\/p>\n<p style=\"text-align: center;\"><a href=\"\/blog\/wp-content\/uploads\/2014\/supercar_weekend.jpg\"><img decoding=\"async\" style=\"border: 0px none; margin: 5px;\" src=\"\/blog\/wp-content\/uploads\/2014\/supercar_weekend.jpg\" alt=\"\" \/><\/a><\/p>\n<p style=\"text-align: justify;\">Tapahtumaan on p\u00e4\u00e4sy my\u00f6s Matti Meik\u00e4l\u00e4isill\u00e4, mutta monelle viidenkympin hintainen sis\u00e4\u00e4np\u00e4\u00e4sy on kuitenkin liian paljon, eik\u00e4 n\u00e4yttelyalueella ole yleens\u00e4 ruuhkaista. Koska n\u00e4ytill\u00e4 on kuitenkin todellisia autoharvinaisuuksia, p\u00e4\u00e4timme Niinan kanssa katsastaa tapahtuma nyt menneen\u00e4 lauantaina. Keli olikin j\u00e4lleen mit\u00e4 t\u00e4ydellisin ja kes\u00e4inen aurinko helli n\u00e4yttelyalueella p\u00e4ivyst\u00e4vi\u00e4 uteliaita aina siin\u00e4 m\u00e4\u00e4rin, ett\u00e4 kuumassa auringossa tuli vallan hiki.<\/p>\n<p style=\"text-align: center;\"><a href=\"\/blog\/wp-content\/uploads\/2014\/luxury_supercar_show.jpg\"><img decoding=\"async\" style=\"border: 0px none; margin: 5px;\" src=\"\/blog\/wp-content\/uploads\/2014\/thumbs\/thumbs_luxury_supercar_show.jpg\" alt=\"\" \/><\/a><a href=\"\/blog\/wp-content\/uploads\/2014\/vanhoja_autoja1.jpg\"><img decoding=\"async\" style=\"border: 0px none; margin: 5px;\" src=\"\/blog\/wp-content\/uploads\/2014\/thumbs\/thumbs_vanhoja_autoja1.jpg\" alt=\"\" \/><\/a><a href=\"\/blog\/wp-content\/uploads\/2014\/vanhoja_autoja2.jpg\"><img decoding=\"async\" style=\"border: 0px none; margin: 5px;\" src=\"\/blog\/wp-content\/uploads\/2014\/thumbs\/thumbs_vanhoja_autoja2.jpg\" alt=\"\" \/><\/a><\/p>\n<p style=\"text-align: center;\"><em>Vanhempaa autokantaa<\/em><\/p>\n<p style=\"text-align: center;\"><a href=\"\/blog\/wp-content\/uploads\/2014\/bmw_m4_1.jpg\"><img decoding=\"async\" style=\"border: 0px none; margin: 5px;\" src=\"\/blog\/wp-content\/uploads\/2014\/thumbs\/thumbs_bmw_m4_1.jpg\" alt=\"\" \/><\/a><a href=\"\/blog\/wp-content\/uploads\/2014\/bmw_m4_3.jpg\"><img decoding=\"async\" style=\"border: 0px none; margin: 5px;\" src=\"\/blog\/wp-content\/uploads\/2014\/thumbs\/thumbs_bmw_m4_3.jpg\" alt=\"\" \/><\/a><a href=\"\/blog\/wp-content\/uploads\/2014\/bmw_m4_4.jpg\"><img decoding=\"async\" style=\"border: 0px none; margin: 5px;\" src=\"\/blog\/wp-content\/uploads\/2014\/thumbs\/thumbs_bmw_m4_4.jpg\" alt=\"\" \/><\/a><br \/>\n<a href=\"\/blog\/wp-content\/uploads\/2014\/bmw_m4_2.jpg\"><img decoding=\"async\" style=\"border: 0px none; margin: 5px;\" src=\"\/blog\/wp-content\/uploads\/2014\/thumbs\/thumbs_bmw_m4_2.jpg\" alt=\"\" \/><\/a><a href=\"\/blog\/wp-content\/uploads\/2014\/bmw_m4_5.jpg\"><img decoding=\"async\" style=\"border: 0px none; margin: 5px;\" src=\"\/blog\/wp-content\/uploads\/2014\/thumbs\/thumbs_bmw_m4_5.jpg\" alt=\"\" \/><\/a><\/p>\n<p style=\"text-align: center;\"><em>Tavallinen mutta silti upea BMW M4<\/em><\/p>\n<p style=\"text-align: center;\"><a href=\"\/blog\/wp-content\/uploads\/2014\/bmw_m6_1.jpg\"><img decoding=\"async\" style=\"border: 0px none; margin: 5px;\" src=\"\/blog\/wp-content\/uploads\/2014\/bmw_m6_1.jpg\" alt=\"\" \/><\/a><\/p>\n<p style=\"text-align: center;\"><em>Upouusi BMW M6 Grand Coupe<\/em><\/p>\n<p style=\"text-align: justify;\">Tapahtuma ei keskity pelk\u00e4st\u00e4\u00e4n uusiin superautoihin, vaan n\u00e4ytill\u00e4 on my\u00f6s runsaasti historiallisia autoja sek\u00e4 amerikkalaisia muskeliautoja, jotka oli sijoitettu heti sis\u00e4\u00e4nk\u00e4ynnin l\u00e4hettyville. Legendaaristen urheiluautojen joukossa n\u00e4kyi muun muassa 80-luvulla jokaisen pikkupojan unelmana ollut punainen <em>Lamborghini Countach<\/em>. Toinen harvemmin n\u00e4hty legenda on 2000-luvun alussa valmistettu <em>Porsche Carrera GT<\/em>, joka ei ole ihan <a href=\"https:\/\/www.vuosiamaailmalla.fi\/?p=1903\">tavallinen <em>Porsche<\/em><\/a>, vaan kuuluu superauto luokkaan. Auton tunnistaa kyll\u00e4 helposti Porscheksi, mutta viivalta 612-hevosvoimainen kulkupeli kirmaa satasen vauhtiin vain 3,8 sekunnissa. Samaan teholuokkaan kuuluu my\u00f6s vuosina 2003-2007 valmistettu amerikkalainen <em>Ford GT<\/em>, joka on l\u00f6yt\u00e4nyt monien syd\u00e4meen.<\/p>\n<p style=\"text-align: center;\"><a href=\"\/blog\/wp-content\/uploads\/2014\/lamborghini_countach3.jpg\"><img decoding=\"async\" style=\"border: 0px none; margin: 5px;\" src=\"\/blog\/wp-content\/uploads\/2014\/thumbs\/thumbs_lamborghini_countach3.jpg\" alt=\"\" \/><\/a><a href=\"\/blog\/wp-content\/uploads\/2014\/lamborghini_countach1.jpg\"><img decoding=\"async\" style=\"border: 0px none; margin: 5px;\" src=\"\/blog\/wp-content\/uploads\/2014\/thumbs\/thumbs_lamborghini_countach1.jpg\" alt=\"\" \/><\/a><a href=\"\/blog\/wp-content\/uploads\/2014\/lamborghini_countach2.jpg\"><img decoding=\"async\" style=\"border: 0px none; margin: 5px;\" src=\"\/blog\/wp-content\/uploads\/2014\/thumbs\/thumbs_lamborghini_countach2.jpg\" alt=\"\" \/><\/a><\/p>\n<p style=\"text-align: center;\"><em>80-luvun legenda Lamborghini Countach<\/em><\/p>\n<p style=\"text-align: center;\"><a href=\"\/blog\/wp-content\/uploads\/2014\/porsche_carrera_gt2.jpg\"><img decoding=\"async\" style=\"border: 0px none; margin: 5px;\" src=\"\/blog\/wp-content\/uploads\/2014\/thumbs\/thumbs_porsche_carrera_gt2.jpg\" alt=\"\" \/><\/a><a href=\"\/blog\/wp-content\/uploads\/2014\/porsche_carrera_gt1.jpg\"><img decoding=\"async\" style=\"border: 0px none; margin: 5px;\" src=\"\/blog\/wp-content\/uploads\/2014\/thumbs\/thumbs_porsche_carrera_gt1.jpg\" alt=\"\" \/><\/a><a href=\"\/blog\/wp-content\/uploads\/2014\/porsche_carrera_gt3.jpg\"><img decoding=\"async\" style=\"border: 0px none; margin: 5px;\" src=\"\/blog\/wp-content\/uploads\/2014\/thumbs\/thumbs_porsche_carrera_gt3.jpg\" alt=\"\" \/><\/a><br \/>\n<a href=\"\/blog\/wp-content\/uploads\/2014\/porsche_carrera_gt4.jpg\"><img decoding=\"async\" style=\"border: 0px none; margin: 5px;\" src=\"\/blog\/wp-content\/uploads\/2014\/thumbs\/thumbs_porsche_carrera_gt4.jpg\" alt=\"\" \/><\/a><a href=\"\/blog\/wp-content\/uploads\/2014\/porsche_carrera_gt5.jpg\"><img decoding=\"async\" style=\"border: 0px none; margin: 5px;\" src=\"\/blog\/wp-content\/uploads\/2014\/thumbs\/thumbs_porsche_carrera_gt5.jpg\" alt=\"\" \/><\/a><\/p>\n<p style=\"text-align: center;\"><em>Ei mik\u00e4\u00e4n tavallinen Porsche<\/em><\/p>\n<p style=\"text-align: center;\"><a href=\"\/blog\/wp-content\/uploads\/2014\/ford_gt2.jpg\"><img decoding=\"async\" style=\"border: 0px none; margin: 5px;\" src=\"\/blog\/wp-content\/uploads\/2014\/thumbs\/thumbs_ford_gt2.jpg\" alt=\"\" \/><\/a><a href=\"\/blog\/wp-content\/uploads\/2014\/ford_gt4.jpg\"><img decoding=\"async\" style=\"border: 0px none; margin: 5px;\" src=\"\/blog\/wp-content\/uploads\/2014\/thumbs\/thumbs_ford_gt4.jpg\" alt=\"\" \/><\/a><a href=\"\/blog\/wp-content\/uploads\/2014\/ford_gt5.jpg\"><img decoding=\"async\" style=\"border: 0px none; margin: 5px;\" src=\"\/blog\/wp-content\/uploads\/2014\/thumbs\/thumbs_ford_gt5.jpg\" alt=\"\" \/><\/a><br \/>\n<a href=\"\/blog\/wp-content\/uploads\/2014\/ford_gt1.jpg\"><img decoding=\"async\" style=\"border: 0px none; margin: 5px;\" src=\"\/blog\/wp-content\/uploads\/2014\/thumbs\/thumbs_ford_gt1.jpg\" alt=\"\" \/><\/a><a href=\"\/blog\/wp-content\/uploads\/2014\/ford_gt3.jpg\"><img decoding=\"async\" style=\"border: 0px none; margin: 5px;\" src=\"\/blog\/wp-content\/uploads\/2014\/thumbs\/thumbs_ford_gt3.jpg\" alt=\"\" \/><\/a><\/p>\n<p style=\"text-align: center;\"><em>Ford GT on harvoja amerikkalaisia superautoja<\/em><\/p>\n<p style=\"text-align: justify;\">Vancouverin kaduilla arkisia autoja n\u00e4yttelyss\u00e4 edustivat lukuisat <a href=\"https:\/\/www.vuosiamaailmalla.fi\/?p=858\">M-bemarit<\/a> sek\u00e4 sek\u00e4 <em>Audi R8<\/em>, kuten my\u00f6s tavalliset <em>Ferrarit<\/em> kuten <em>458 Italia<\/em> ja <a href=\"https:\/\/www.vuosiamaailmalla.fi\/?p=1579\"><em>FF<\/em><\/a>. Harvinaisempaa osastoa edusti Ferrari valkoinen <em>F12 Berlinetta<\/em>. Viikottain kaupungilla n\u00e4kyviin autoihin kuuluvat my\u00f6s <em>Lamborghini Aventadorit<\/em>, jotka ovat satojentuhansien dollareiden hintalapustaan huolimatta erityisesti rikkaiden aasialaislasten suosiossa. Koska perus-Aventadorilla on nykyisin jo vaikea erottua koulukavereista, ovat muutamat tuunanneet lambojaan mit\u00e4 hirve\u00e4mmill\u00e4 teippauksilla ja maalauksilla. Se on kuitenkin pakon sanelemaa, sill\u00e4 onhan se nyt aivan kamalaa jos toisella rikkaalla lapsella on samanlainen lelu, joten paremmuuttaan osoittaakseen on ment\u00e4v\u00e4 pidemm\u00e4lle. \ud83d\ude44<\/p>\n<p style=\"text-align: center;\"><a href=\"\/blog\/wp-content\/uploads\/2014\/audi_r8_avo1.jpg\"><img decoding=\"async\" style=\"border: 0px none; margin: 5px;\" src=\"\/blog\/wp-content\/uploads\/2014\/thumbs\/thumbs_audi_r8_avo1.jpg\" alt=\"\" \/><\/a><a href=\"\/blog\/wp-content\/uploads\/2014\/audi_r8_avo2.jpg\"><img decoding=\"async\" style=\"border: 0px none; margin: 5px;\" src=\"\/blog\/wp-content\/uploads\/2014\/thumbs\/thumbs_audi_r8_avo2.jpg\" alt=\"\" \/><\/a><\/p>\n<p style=\"text-align: center;\"><em>Audi R8:n viimeisin evoluutio<\/em><\/p>\n<p style=\"text-align: center;\"><a href=\"\/blog\/wp-content\/uploads\/2014\/ferrareita1.jpg\"><img decoding=\"async\" style=\"border: 0px none; margin: 5px;\" src=\"\/blog\/wp-content\/uploads\/2014\/ferrareita1.jpg\" alt=\"\" \/><\/a><\/p>\n<p style=\"text-align: center;\"><em>Ferrari F12 Berlinetta<\/em><\/p>\n<p style=\"text-align: center;\"><a href=\"\/blog\/wp-content\/uploads\/2014\/tuunattuja_lamboja1.jpg\"><img decoding=\"async\" style=\"border: 0px none; margin: 5px;\" src=\"\/blog\/wp-content\/uploads\/2014\/thumbs\/thumbs_tuunattuja_lamboja1.jpg\" alt=\"\" \/><\/a><a href=\"\/blog\/wp-content\/uploads\/2014\/tuunattuja_lamboja2.jpg\"><img decoding=\"async\" style=\"border: 0px none; margin: 5px;\" src=\"\/blog\/wp-content\/uploads\/2014\/thumbs\/thumbs_tuunattuja_lamboja2.jpg\" alt=\"\" \/><\/a><a href=\"\/blog\/wp-content\/uploads\/2014\/tuunattu_mese.jpg\"><img decoding=\"async\" style=\"border: 0px none; margin: 5px;\" src=\"\/blog\/wp-content\/uploads\/2014\/thumbs\/thumbs_tuunattu_mese.jpg\" alt=\"\" \/><\/a><br \/>\n<a href=\"\/blog\/wp-content\/uploads\/2014\/tuunattuja_lamboja3.jpg\"><img decoding=\"async\" style=\"border: 0px none; margin: 5px;\" src=\"\/blog\/wp-content\/uploads\/2014\/thumbs\/thumbs_tuunattuja_lamboja3.jpg\" alt=\"\" \/><\/a><a href=\"\/blog\/wp-content\/uploads\/2014\/tuunattuja_lamboja4.jpg\"><img decoding=\"async\" style=\"border: 0px none; margin: 5px;\" src=\"\/blog\/wp-content\/uploads\/2014\/thumbs\/thumbs_tuunattuja_lamboja4.jpg\" alt=\"\" \/><\/a><a href=\"\/blog\/wp-content\/uploads\/2014\/tuunattuja_lamboja5.jpg\"><img decoding=\"async\" style=\"border: 0px none; margin: 5px;\" src=\"\/blog\/wp-content\/uploads\/2014\/thumbs\/thumbs_tuunattuja_lamboja5.jpg\" alt=\"\" \/><\/a><\/p>\n<p style=\"text-align: center;\"><em>Tuunattuja leluja<\/em><\/p>\n<p style=\"text-align: justify;\">Superautojen joukosta l\u00f6ytyi my\u00f6s luksusautoja, joista arvokkaimpia edustivat tietenkin <em>Rolls-Royce<\/em>. N\u00e4ht\u00e4vill\u00e4 olivat niin <em>Phantom<\/em>, <em>Ghost<\/em> kuin my\u00f6s <em>Wraith<\/em> mallin rollsit, jotka kiilsiv\u00e4t kilpaa auringossa. N\u00e4iden vierell\u00e4 uudet <em>Bentleyt<\/em> n\u00e4yttiv\u00e4t hieman halvemmilta, mutta esitteliv\u00e4t sis\u00e4ll\u00e4\u00e4n k\u00e4sity\u00f6n\u00e4 tehtyj\u00e4 upeita sisutuksia jotka ovat varmasti parasta mit\u00e4 rahalla saa. Bentleyt ovat kuitenkin muuten aika tyls\u00e4nn\u00e4k\u00f6isi\u00e4 autoja, joita n\u00e4kee kaupungilla aivan liian usein.<\/p>\n<p style=\"text-align: center;\"><a href=\"\/blog\/wp-content\/uploads\/2014\/rolls_royceja1.jpg\"><img decoding=\"async\" style=\"border: 0px none; margin: 5px;\" src=\"\/blog\/wp-content\/uploads\/2014\/thumbs\/thumbs_rolls_royceja1.jpg\" alt=\"\" \/><\/a><a href=\"\/blog\/wp-content\/uploads\/2014\/rolls_royceja2.jpg\"><img decoding=\"async\" style=\"border: 0px none; margin: 5px;\" src=\"\/blog\/wp-content\/uploads\/2014\/thumbs\/thumbs_rolls_royceja2.jpg\" alt=\"\" \/><\/a><a href=\"\/blog\/wp-content\/uploads\/2014\/rolls_royceja4.jpg\"><img decoding=\"async\" style=\"border: 0px none; margin: 5px;\" src=\"\/blog\/wp-content\/uploads\/2014\/thumbs\/thumbs_rolls_royceja4.jpg\" alt=\"\" \/><\/a><br \/>\n<a href=\"\/blog\/wp-content\/uploads\/2014\/rolls_royceja3.jpg\"><img decoding=\"async\" style=\"border: 0px none; margin: 5px;\" src=\"\/blog\/wp-content\/uploads\/2014\/thumbs\/thumbs_rolls_royceja3.jpg\" alt=\"\" \/><\/a><a href=\"\/blog\/wp-content\/uploads\/2014\/rolls_royceja5.jpg\"><img decoding=\"async\" style=\"border: 0px none; margin: 5px;\" src=\"\/blog\/wp-content\/uploads\/2014\/thumbs\/thumbs_rolls_royceja5.jpg\" alt=\"\" \/><\/a><\/p>\n<p style=\"text-align: center;\"><em>Rolls-Roycen koko mallisto<\/em><\/p>\n<p style=\"text-align: center;\"><a href=\"\/blog\/wp-content\/uploads\/2014\/bentleyn_sisustus1.jpg\"><img decoding=\"async\" style=\"border: 0px none; margin: 5px;\" src=\"\/blog\/wp-content\/uploads\/2014\/thumbs\/thumbs_bentleyn_sisustus1.jpg\" alt=\"\" \/><\/a><a href=\"\/blog\/wp-content\/uploads\/2014\/bentleyn_sisustus2.jpg\"><img decoding=\"async\" style=\"border: 0px none; margin: 5px;\" src=\"\/blog\/wp-content\/uploads\/2014\/thumbs\/thumbs_bentleyn_sisustus2.jpg\" alt=\"\" \/><\/a><\/p>\n<p style=\"text-align: center;\"><em>Bentleyst\u00e4 ei sisustus parane<\/em><\/p>\n<p style=\"text-align: justify;\">Naapuritontilla hieman harvinaisempaa sorttia edustivat <em>BMW:n<\/em> upouusi s\u00e4hk\u00f6inen superauto <em>i8<\/em>, sek\u00e4 kaksi jo legendaksi muodostunutta <em>Lexus LFA<\/em> superautoa. Uusia <em>McLaren 650S<\/em> superautoja oli raahattu paikalle useita kappaleita ja ne tuntuvat olevan Aventadorin tapaan paikallisten pentujen suosiossa. Pelk\u00e4st\u00e4\u00e4n t\u00e4n\u00e4 vuonna on Vancouverin teill\u00e4 rutattu pari <em>McLarenia<\/em> laittomissa katukisoissa, joihin vastuuttomat pennut osallistuvat.<\/p>\n<p style=\"text-align: center;\"><a href=\"\/blog\/wp-content\/uploads\/2014\/bmw_i8_2.jpg\"><img decoding=\"async\" style=\"border: 0px none; margin: 5px;\" src=\"\/blog\/wp-content\/uploads\/2014\/thumbs\/thumbs_bmw_i8_2.jpg\" alt=\"\" \/><\/a><a href=\"\/blog\/wp-content\/uploads\/2014\/bmw_i8_3.jpg\"><img decoding=\"async\" style=\"border: 0px none; margin: 5px;\" src=\"\/blog\/wp-content\/uploads\/2014\/thumbs\/thumbs_bmw_i8_3.jpg\" alt=\"\" \/><\/a><a href=\"\/blog\/wp-content\/uploads\/2014\/bmw_i8_1.jpg\"><img decoding=\"async\" style=\"border: 0px none; margin: 5px;\" src=\"\/blog\/wp-content\/uploads\/2014\/thumbs\/thumbs_bmw_i8_1.jpg\" alt=\"\" \/><\/a><\/p>\n<p style=\"text-align: center;\"><em>BMW i8 on ensimm\u00e4isi\u00e4 s\u00e4hk\u00f6superautoja<\/em><\/p>\n<p style=\"text-align: center;\"><a href=\"\/blog\/wp-content\/uploads\/2014\/mclaren_560s1.jpg\"><img decoding=\"async\" style=\"border: 0px none; margin: 5px;\" src=\"\/blog\/wp-content\/uploads\/2014\/mclaren_560s1.jpg\" alt=\"\" \/><\/a><\/p>\n<p style=\"text-align: center;\"><em>Turhan tavallinen McLaren 650S<\/em><\/p>\n<p style=\"text-align: center;\"><a href=\"\/blog\/wp-content\/uploads\/2014\/lexus_lfa3.jpg\"><img decoding=\"async\" style=\"border: 0px none; margin: 5px;\" src=\"\/blog\/wp-content\/uploads\/2014\/thumbs\/thumbs_lexus_lfa3.jpg\" alt=\"\" \/><\/a><a href=\"\/blog\/wp-content\/uploads\/2014\/lexus_lfa1.jpg\"><img decoding=\"async\" style=\"border: 0px none; margin: 5px;\" src=\"\/blog\/wp-content\/uploads\/2014\/thumbs\/thumbs_lexus_lfa1.jpg\" alt=\"\" \/><\/a><a href=\"\/blog\/wp-content\/uploads\/2014\/lexus_lfa2.jpg\"><img decoding=\"async\" style=\"border: 0px none; margin: 5px;\" src=\"\/blog\/wp-content\/uploads\/2014\/thumbs\/thumbs_lexus_lfa2.jpg\" alt=\"\" \/><\/a><\/p>\n<p style=\"text-align: center;\"><em>Lexus LFA syk\u00e4hdytt\u00e4\u00e4 aina<\/em><\/p>\n<p style=\"text-align: justify;\">Kiintoisa uutuus n\u00e4yttelyss\u00e4 oli italialaisen Lamborghinin uunituore malli <em>Huracan<\/em> eli suomeksi hurrikaani, josta oli n\u00e4ht\u00e4vill\u00e4 sek\u00e4 avo- ett\u00e4 coupemalli. Aventadorin tapaan my\u00f6s Huracan n\u00e4ytt\u00e4\u00e4 jonkinlaiselta teknologiselta lelulta aina sisustaansa my\u00f6den. N\u00e4ht\u00e4vill\u00e4 ollut harmaa Huracan oli kuitenkin kovasti omaan mieleeni, vaikka sellaisella tuskin tuleekaan koskaan itse ajettua. Aina voi kuitenkin haaveilla. \ud83d\ude42<\/p>\n<p style=\"text-align: center;\"><a href=\"\/blog\/wp-content\/uploads\/2014\/lamborghini2.jpg\"><img decoding=\"async\" style=\"border: 0px none; margin: 5px;\" src=\"\/blog\/wp-content\/uploads\/2014\/thumbs\/thumbs_lamborghini2.jpg\" alt=\"\" \/><\/a><a href=\"\/blog\/wp-content\/uploads\/2014\/lamborghini6.jpg\"><img decoding=\"async\" style=\"border: 0px none; margin: 5px;\" src=\"\/blog\/wp-content\/uploads\/2014\/thumbs\/thumbs_lamborghini6.jpg\" alt=\"\" \/><\/a><a href=\"\/blog\/wp-content\/uploads\/2014\/lamborghini5.jpg\"><img decoding=\"async\" style=\"border: 0px none; margin: 5px;\" src=\"\/blog\/wp-content\/uploads\/2014\/thumbs\/thumbs_lamborghini5.jpg\" alt=\"\" \/><\/a><\/p>\n<p style=\"text-align: center;\"><em>N\u00e4ytt\u00e4v\u00e4 Lamborghini Huracan<\/em><\/p>\n<p style=\"text-align: center;\"><a href=\"\/blog\/wp-content\/uploads\/2014\/lamborghineja.jpg\"><img decoding=\"async\" style=\"border: 0px none; margin: 5px;\" src=\"\/blog\/wp-content\/uploads\/2014\/lamborghineja.jpg\" alt=\"\" \/><\/a><\/p>\n<p style=\"text-align: center;\"><em>Kaksi v\u00e4rik\u00e4st\u00e4 Huracania<\/em><\/p>\n<p style=\"text-align: center;\"><a href=\"\/blog\/wp-content\/uploads\/2014\/lamborghini3.jpg\"><img decoding=\"async\" style=\"border: 0px none; margin: 5px;\" src=\"\/blog\/wp-content\/uploads\/2014\/thumbs\/thumbs_lamborghini3.jpg\" alt=\"\" \/><\/a><a href=\"\/blog\/wp-content\/uploads\/2014\/lamborghini4.jpg\"><img decoding=\"async\" style=\"border: 0px none; margin: 5px;\" src=\"\/blog\/wp-content\/uploads\/2014\/thumbs\/thumbs_lamborghini4.jpg\" alt=\"\" \/><\/a><a href=\"\/blog\/wp-content\/uploads\/2014\/lamborghini1.jpg\"><img decoding=\"async\" style=\"border: 0px none; margin: 5px;\" src=\"\/blog\/wp-content\/uploads\/2014\/thumbs\/thumbs_lamborghini1.jpg\" alt=\"\" \/><\/a><\/p>\n<p style=\"text-align: center;\"><em>Lambot ovat teknisi\u00e4 vekottimia<br \/>\n<\/em><\/p>\n<p style=\"text-align: justify;\">N\u00e4yttelyn kaikkein kallein auto oli jo legendaariseksi muodostuneen <em>Bugatti Veyronin Sang Noir<\/em> -variantti. Auton hinnaksi kerrottiin 1,8 miljoonaa dollaria, mill\u00e4 hinnalla saisi noin viisi perus-Ferraria. Valintoja, valintoja&#8230; \ud83d\ude44<\/p>\n<p style=\"text-align: center;\"><a href=\"\/blog\/wp-content\/uploads\/2014\/bugatti.jpg\"><img decoding=\"async\" style=\"border: 0px none; margin: 5px;\" src=\"\/blog\/wp-content\/uploads\/2014\/thumbs\/thumbs_bugatti.jpg\" alt=\"\" \/><\/a><a href=\"\/blog\/wp-content\/uploads\/2014\/bugatti2.jpg\"><img decoding=\"async\" style=\"border: 0px none; margin: 5px;\" src=\"\/blog\/wp-content\/uploads\/2014\/thumbs\/thumbs_bugatti2.jpg\" alt=\"\" \/><\/a><a href=\"\/blog\/wp-content\/uploads\/2014\/bugatti4.jpg\"><img decoding=\"async\" style=\"border: 0px none; margin: 5px;\" src=\"\/blog\/wp-content\/uploads\/2014\/thumbs\/thumbs_bugatti4.jpg\" alt=\"\" \/><\/a><\/p>\n<p style=\"text-align: center;\"><em>1,8 miljoonan dollarin Bugatti Veyron Sang Noir<\/em><\/p>\n<p style=\"text-align: center;\"><a href=\"\/blog\/wp-content\/uploads\/2014\/bugatti3.jpg\"><img decoding=\"async\" style=\"border: 0px none; margin: 5px;\" src=\"\/blog\/wp-content\/uploads\/2014\/thumbs\/thumbs_bugatti3.jpg\" alt=\"\" \/><\/a><a href=\"\/blog\/wp-content\/uploads\/2014\/bugatti5.jpg\"><img decoding=\"async\" style=\"border: 0px none; margin: 5px;\" src=\"\/blog\/wp-content\/uploads\/2014\/thumbs\/thumbs_bugatti5.jpg\" alt=\"\" \/><\/a><a href=\"\/blog\/wp-content\/uploads\/2014\/bugatti6.jpg\"><img decoding=\"async\" style=\"border: 0px none; margin: 5px;\" src=\"\/blog\/wp-content\/uploads\/2014\/thumbs\/thumbs_bugatti6.jpg\" alt=\"\" \/><\/a><\/p>\n<p style=\"text-align: center;\"><em>Veyronin viimeistely on huippulaatua<\/em><\/p>\n<p style=\"text-align: justify;\">Samassa hintaluokassa py\u00f6rii my\u00f6s n\u00e4yttelyn toinen harvinaisuus, upouusi <em>Pagani Hyuara<\/em>. Kokonaan hiilikuidusta valmistettu auto on yksi brittil\u00e4isen televisiosarja <em>Top Gearin<\/em> rakastetuimmista autoista ja kaikkien aikojen nopein auto Top Gearin kuuluisan testiradan ymp\u00e4ri ennen sarjan keskeytyst\u00e4. Pagani on niin harvinainen <em>hyperauto<\/em>, etten ole n\u00e4hnyt sellaista koskaan aiemmin ja tilanne taisi olla sama my\u00f6s monen muun vierailijan kanssa. Auton luona oli nimitt\u00e4in jatkuva jono kuvaajia sek\u00e4 ratin taakse istahtavia. Oli hieman yll\u00e4tt\u00e4v\u00e4\u00e4 ett\u00e4 yli miljoonan maksavan auton etupenkille sai edes istahtaa, sill\u00e4 esimerkiksi Veyronia ei saanut edes l\u00e4hesty\u00e4.<\/p>\n<p style=\"text-align: center;\"><a href=\"\/blog\/wp-content\/uploads\/2014\/pagani_huayra6.jpg\"><img decoding=\"async\" style=\"border: 0px none; margin: 5px;\" src=\"\/blog\/wp-content\/uploads\/2014\/thumbs\/thumbs_pagani_huayra6.jpg\" alt=\"\" \/><\/a><a href=\"\/blog\/wp-content\/uploads\/2014\/pagani_huayra7.jpg\"><img decoding=\"async\" style=\"border: 0px none; margin: 5px;\" src=\"\/blog\/wp-content\/uploads\/2014\/thumbs\/thumbs_pagani_huayra7.jpg\" alt=\"\" \/><\/a><a href=\"\/blog\/wp-content\/uploads\/2014\/pagani_huayra8.jpg\"><img decoding=\"async\" style=\"border: 0px none; margin: 5px;\" src=\"\/blog\/wp-content\/uploads\/2014\/thumbs\/thumbs_pagani_huayra8.jpg\" alt=\"\" \/><\/a><br \/>\n<a href=\"\/blog\/wp-content\/uploads\/2014\/pagani_huayra4.jpg\"><img decoding=\"async\" style=\"border: 0px none; margin: 5px;\" src=\"\/blog\/wp-content\/uploads\/2014\/thumbs\/thumbs_pagani_huayra4.jpg\" alt=\"\" \/><\/a><a href=\"\/blog\/wp-content\/uploads\/2014\/pagani_huayra1.jpg\"><img decoding=\"async\" style=\"border: 0px none; margin: 5px;\" src=\"\/blog\/wp-content\/uploads\/2014\/thumbs\/thumbs_pagani_huayra1.jpg\" alt=\"\" \/><\/a><a href=\"\/blog\/wp-content\/uploads\/2014\/pagani_huayra3.jpg\"><img decoding=\"async\" style=\"border: 0px none; margin: 5px;\" src=\"\/blog\/wp-content\/uploads\/2014\/thumbs\/thumbs_pagani_huayra3.jpg\" alt=\"\" \/><\/a><br \/>\n<a href=\"\/blog\/wp-content\/uploads\/2014\/pagani_huayra2.jpg\"><img decoding=\"async\" style=\"border: 0px none; margin: 5px;\" src=\"\/blog\/wp-content\/uploads\/2014\/thumbs\/thumbs_pagani_huayra2.jpg\" alt=\"\" \/><\/a><a href=\"\/blog\/wp-content\/uploads\/2014\/pagani_huayra5.jpg\"><img decoding=\"async\" style=\"border: 0px none; margin: 5px;\" src=\"\/blog\/wp-content\/uploads\/2014\/thumbs\/thumbs_pagani_huayra5.jpg\" alt=\"\" \/><\/a><\/p>\n<p style=\"text-align: center;\"><em>\u00c4\u00e4rimm\u00e4isen harvinainen Pagani Huayra<\/em><\/p>\n<p style=\"text-align: justify;\">Pelkk\u00e4 Paganin avain on huomionarvoinen, sill\u00e4 se n\u00e4ytt\u00e4\u00e4 t\u00e4ysin erilaiselta kuin yksik\u00e4\u00e4n muu autonavain. \ud83d\ude2e<\/p>\n<p style=\"text-align: center;\"><a href=\"\/blog\/wp-content\/uploads\/2014\/pagani_huayra11.jpg\"><img decoding=\"async\" style=\"border: 0px none; margin: 5px;\" src=\"\/blog\/wp-content\/uploads\/2014\/thumbs\/thumbs_pagani_huayra11.jpg\" alt=\"\" \/><\/a><a href=\"\/blog\/wp-content\/uploads\/2014\/pagani_huayra10.jpg\"><img decoding=\"async\" style=\"border: 0px none; margin: 5px;\" src=\"\/blog\/wp-content\/uploads\/2014\/thumbs\/thumbs_pagani_huayra10.jpg\" alt=\"\" \/><\/a><a href=\"\/blog\/wp-content\/uploads\/2014\/pagani_huayra9.jpg\"><img decoding=\"async\" style=\"border: 0px none; margin: 5px;\" src=\"\/blog\/wp-content\/uploads\/2014\/thumbs\/thumbs_pagani_huayra9.jpg\" alt=\"\" \/><\/a><\/p>\n<p style=\"text-align: center;\"><em>Pagani on yksityiskohtia t\u00e4ynn\u00e4<\/em><\/p>\n<p style=\"text-align: justify;\">Vaikka Paganin n\u00e4keminen olikin erikoinen tilaisuus, oli n\u00e4yttelyn kohokohta minusta kuitenkin vieress\u00e4 seissyt <em>McLaren P1<\/em>. T\u00e4m\u00e4 McLarenin uusi hyperauto on auto kauneimmasta p\u00e4\u00e4st\u00e4. Koko auto on kuin veistos, sill\u00e4 sen linjat kulkevat niin pehme\u00e4sti keulasta aina per\u00e4\u00e4n saakka. Auto on \u00e4\u00e4rimm\u00e4isen sopusuhtaisen n\u00e4k\u00f6inen ja sen massiivinen <em>spoileri<\/em> melkoinen insin\u00f6\u00f6ritaidon n\u00e4yte.<\/p>\n<p style=\"text-align: center;\"><a href=\"\/blog\/wp-content\/uploads\/2014\/oranssi_mclaren_p1_7.jpg\"><img decoding=\"async\" style=\"border: 0px none; margin: 5px;\" src=\"\/blog\/wp-content\/uploads\/2014\/thumbs\/thumbs_oranssi_mclaren_p1_7.jpg\" alt=\"\" \/><\/a><a href=\"\/blog\/wp-content\/uploads\/2014\/oranssi_mclaren_p1_8.jpg\"><img decoding=\"async\" style=\"border: 0px none; margin: 5px;\" src=\"\/blog\/wp-content\/uploads\/2014\/thumbs\/thumbs_oranssi_mclaren_p1_8.jpg\" alt=\"\" \/><\/a><a href=\"\/blog\/wp-content\/uploads\/2014\/oranssi_mclaren_p1_3.jpg\"><img decoding=\"async\" style=\"border: 0px none; margin: 5px;\" src=\"\/blog\/wp-content\/uploads\/2014\/thumbs\/thumbs_oranssi_mclaren_p1_3.jpg\" alt=\"\" \/><\/a><br \/>\n<a href=\"\/blog\/wp-content\/uploads\/2014\/oranssi_mclaren_p1_2.jpg\"><img decoding=\"async\" style=\"border: 0px none; margin: 5px;\" src=\"\/blog\/wp-content\/uploads\/2014\/thumbs\/thumbs_oranssi_mclaren_p1_2.jpg\" alt=\"\" \/><\/a><a href=\"\/blog\/wp-content\/uploads\/2014\/oranssi_mclaren_p1_6.jpg\"><img decoding=\"async\" style=\"border: 0px none; margin: 5px;\" src=\"\/blog\/wp-content\/uploads\/2014\/thumbs\/thumbs_oranssi_mclaren_p1_6.jpg\" alt=\"\" \/><\/a><\/p>\n<p style=\"text-align: center;\"><em>McLaren P1 kuuluu hyperautojen kuninkuusluokkaan<\/em><\/p>\n<p style=\"text-align: center;\"><a href=\"\/blog\/wp-content\/uploads\/2014\/oranssi_mclaren_p1_5.jpg\"><img decoding=\"async\" style=\"border: 0px none; margin: 5px;\" src=\"\/blog\/wp-content\/uploads\/2014\/thumbs\/thumbs_oranssi_mclaren_p1_5.jpg\" alt=\"\" \/><\/a><a href=\"\/blog\/wp-content\/uploads\/2014\/oranssi_mclaren_p1_4.jpg\"><img decoding=\"async\" style=\"border: 0px none; margin: 5px;\" src=\"\/blog\/wp-content\/uploads\/2014\/thumbs\/thumbs_oranssi_mclaren_p1_4.jpg\" alt=\"\" \/><\/a><a href=\"\/blog\/wp-content\/uploads\/2014\/oranssi_mclaren_p1_1.jpg\"><img decoding=\"async\" style=\"border: 0px none; margin: 5px;\" src=\"\/blog\/wp-content\/uploads\/2014\/thumbs\/thumbs_oranssi_mclaren_p1_1.jpg\" alt=\"\" \/><\/a><\/p>\n<p style=\"text-align: center;\"><em>Veistoksellisia yksityiskohtia<\/em><\/p>\n<p style=\"text-align: justify;\">Kaiken huippuna n\u00e4ht\u00e4vill\u00e4 ei ollut vain yksi yli miljoonan arvoinen McLaren P1, vaan kaksi! \ud83d\ude2f Oranssin v\u00e4rinen versio oli n\u00e4ist\u00e4 kahdesta kauniimpi, sill\u00e4 erikoisv\u00e4rin kimallus kirkkaassa auringossa oli ohittamaton n\u00e4ky.<\/p>\n<p style=\"text-align: center;\"><a href=\"\/blog\/wp-content\/uploads\/2014\/valkoinen_mclaren_p1_1.jpg\"><img decoding=\"async\" style=\"border: 0px none; margin: 5px;\" src=\"\/blog\/wp-content\/uploads\/2014\/thumbs\/thumbs_valkoinen_mclaren_p1_1.jpg\" alt=\"\" \/><\/a><a href=\"\/blog\/wp-content\/uploads\/2014\/valkoinen_mclaren_p1_2.jpg\"><img decoding=\"async\" style=\"border: 0px none; margin: 5px;\" src=\"\/blog\/wp-content\/uploads\/2014\/thumbs\/thumbs_valkoinen_mclaren_p1_2.jpg\" alt=\"\" \/><\/a><a href=\"\/blog\/wp-content\/uploads\/2014\/valkoinen_mclaren_p1_3.jpg\"><img decoding=\"async\" style=\"border: 0px none; margin: 5px;\" src=\"\/blog\/wp-content\/uploads\/2014\/thumbs\/thumbs_valkoinen_mclaren_p1_3.jpg\" alt=\"\" \/><\/a><\/p>\n<p style=\"text-align: center;\"><em>Valkoinen versio P1:st\u00e4<\/em><\/p>\n<p style=\"text-align: center;\"><a href=\"\/blog\/wp-content\/uploads\/2014\/valkoinen_mclaren_p1_4.jpg\"><img decoding=\"async\" style=\"border: 0px none; margin: 5px;\" src=\"\/blog\/wp-content\/uploads\/2014\/valkoinen_mclaren_p1_4.jpg\" alt=\"\" \/><\/a><\/p>\n<p style=\"text-align: justify;\">Autojen lis\u00e4ksi n\u00e4yttelyn yhteydess\u00e4 j\u00e4rjestet\u00e4\u00e4n enemm\u00e4n naisv\u00e4elle suunnattuja tapahtumia. T\u00e4llaisia ovat esimerkiksi jalokivin\u00e4yttely sek\u00e4 muotin\u00e4yt\u00f6s. Iltaisin Vancouverin hienostohotelleissa j\u00e4rjestet\u00e4\u00e4n my\u00f6s prameita illallisia, jossa kerma voi tavata toisiaan ja jutella s\u00e4\u00e4st\u00e4.<\/p>\n<p style=\"text-align: justify;\">Tapahtuma oli meist\u00e4 oikein mukava ja autoja n\u00e4ytill\u00e4 iso m\u00e4\u00e4r\u00e4. Vaikka sis\u00e4\u00e4np\u00e4\u00e4symaksu onkin hieman korkea, ei kaikkia autoja muuten n\u00e4kisi. T\u00e4m\u00e4n luokan autoilla kun ajetaan varmaan hyvin harvoin ja suurimman osan ajastaan ne viett\u00e4v\u00e4t autotallien h\u00e4m\u00e4r\u00e4ss\u00e4. \ud83d\ude15<\/p>\n","protected":false},"excerpt":{"rendered":"<p>Joka vuosi syyskuun ensimm\u00e4isen\u00e4 viikonloppuna, kokoontuu Vancouverin kerma VanDusenin kasvitieteelliselle puutarhalle Shaughnessyn hienostoalueelle. Tuolloin siell\u00e4 j\u00e4rjestet\u00e4\u00e4n yleens\u00e4 upean kelin saattelemana kaksip\u00e4iv\u00e4inen Luxury &amp; Supercar Weekend &#8211; Canadian Concours d&#8217;Elegance nimell\u00e4 kulkeva yleellisyystapahtuma, jossa autoliikkeet sek\u00e4 paikalliset rikkaat esittelev\u00e4t urheiluautojaan. Tavallisten tallaajien keskuudessa lyhyesti vain &#8221;superautoviikonloppuna&#8221; tunnettu tapahtuma onkin mahdollisuus kurkista kauniiden ja rikkaiden ihmeelliseen el\u00e4m\u00e4\u00e4n.<\/p>\n","protected":false},"author":1,"featured_media":10389,"comment_status":"open","ping_status":"open","sticky":false,"template":"","format":"standard","meta":{"_jetpack_memberships_contains_paid_content":false,"footnotes":""},"categories":[17,3],"tags":[25,34,684,686,286,986,232,987,980,287,533,310,999,451,996,979,978,935,976,981,975,997,992,988,989,998,991,990,995,994,993,517,977,982,984,983,985,939,941,536],"class_list":["post-7210","post","type-post","status-publish","format-standard","has-post-thumbnail","hentry","category-arki-kanadassa","category-arki-ulkomailla","tag-ajankohtaista","tag-arki","tag-audi","tag-audi-r8","tag-autoja","tag-bentley","tag-bmw","tag-bmw-i8","tag-bmw-m4","tag-bmw-m6","tag-bugatti","tag-bugatti-veyron","tag-concours-delegance","tag-ferrari","tag-ferrari-f12-berlinetta","tag-ford","tag-ford-gt","tag-kanada","tag-lamborghini","tag-lamborghini-aventador","tag-lamborghini-countach","tag-lamborghini-gallardo","tag-lamborghini-huracan","tag-lexus","tag-lexus-lfa","tag-luxury-supercar-weekend","tag-mclaren","tag-mclaren-650s","tag-mclaren-p1","tag-pagani","tag-pagani-hyuara","tag-porsche","tag-porsche-carrera-gt","tag-rolls-royce","tag-rolls-royce-ghost","tag-rolls-royce-phantom","tag-rolls-royce-wraith","tag-vancouver","tag-vancouver-shaughnessy","tag-vandusen-botanical-garden"],"jetpack_featured_media_url":"https:\/\/www.vuosiamaailmalla.fi\/blog\/wp-content\/uploads\/mclaren_p1_banner-1.jpg","jetpack_sharing_enabled":true,"_links":{"self":[{"href":"https:\/\/www.vuosiamaailmalla.fi\/blog\/wp-json\/wp\/v2\/posts\/7210","targetHints":{"allow":["GET"]}}],"collection":[{"href":"https:\/\/www.vuosiamaailmalla.fi\/blog\/wp-json\/wp\/v2\/posts"}],"about":[{"href":"https:\/\/www.vuosiamaailmalla.fi\/blog\/wp-json\/wp\/v2\/types\/post"}],"author":[{"embeddable":true,"href":"https:\/\/www.vuosiamaailmalla.fi\/blog\/wp-json\/wp\/v2\/users\/1"}],"replies":[{"embeddable":true,"href":"https:\/\/www.vuosiamaailmalla.fi\/blog\/wp-json\/wp\/v2\/comments?post=7210"}],"version-history":[{"count":0,"href":"https:\/\/www.vuosiamaailmalla.fi\/blog\/wp-json\/wp\/v2\/posts\/7210\/revisions"}],"wp:featuredmedia":[{"embeddable":true,"href":"https:\/\/www.vuosiamaailmalla.fi\/blog\/wp-json\/wp\/v2\/media\/10389"}],"wp:attachment":[{"href":"https:\/\/www.vuosiamaailmalla.fi\/blog\/wp-json\/wp\/v2\/media?parent=7210"}],"wp:term":[{"taxonomy":"category","embeddable":true,"href":"https:\/\/www.vuosiamaailmalla.fi\/blog\/wp-json\/wp\/v2\/categories?post=7210"},{"taxonomy":"post_tag","embeddable":true,"href":"https:\/\/www.vuosiamaailmalla.fi\/blog\/wp-json\/wp\/v2\/tags?post=7210"}],"curies":[{"name":"wp","href":"https:\/\/api.w.org\/{rel}","templated":true}]}}