{"id":7222,"date":"2015-10-08T15:51:07","date_gmt":"2015-10-08T22:51:07","guid":{"rendered":"http:\/\/13.53.127.146\/?p=7222"},"modified":"2017-05-28T10:39:37","modified_gmt":"2017-05-28T17:39:37","slug":"pyorailyhulluus","status":"publish","type":"post","link":"https:\/\/www.vuosiamaailmalla.fi\/blog\/2015\/pyorailyhulluus\/","title":{"rendered":"Py\u00f6r\u00e4ilyhulluus"},"content":{"rendered":"<p style=\"text-align: center;\"><em>&#8221;Must on tuuullut, urheiluhuuullu&#8230;&#8221;<\/em><\/p>\n<p style=\"text-align: justify;\">Eppu Normaalin sanat ovat varmaan paras selitys viime aikojen py\u00f6r\u00e4ilyinnolle. <a href=\"https:\/\/www.vuosiamaailmalla.fi\/?p=7141\">Kauniit syyskelit<\/a> ovat nimitt\u00e4in saaneet viime viikkoina iltaisin py\u00f6r\u00e4n selk\u00e4\u00e4n siin\u00e4 m\u00e4\u00e4rin, ett\u00e4 matkamittariin on kertynyt itselle ihan uusia lukemissa. \ud83d\ude2e Esimerkiksi viimeisten 7 p\u00e4iv\u00e4n aikana munamankelia tuli sotkettua yhteens\u00e4 kuudella eri matkalla hieman yli 200 kilometrin matkan &#8211; viikkoon siis. Pisimm\u00e4t polkaisut olivat 54 kilometri\u00e4 keskusta Richmondin Stevestoniin ja takaisin sek\u00e4 lauantaina Niinan kanssa tehty 51 kilometrin lenkki New Westminsteriin ja takaisin.<\/p>\n<p><!--more--><\/p>\n<p style=\"text-align: center;\"><a href=\"\/blog\/wp-content\/uploads\/2015\/viikon_pyorailyt.jpg\"><img decoding=\"async\" style=\"border: 0px none; margin: 5px;\" src=\"\/blog\/wp-content\/uploads\/2015\/viikon_pyorailyt.jpg\" alt=\"\" \/><\/a><\/p>\n<p style=\"text-align: center;\"><em>Tehoviikon reitit<\/em><\/p>\n<p style=\"text-align: justify;\">Koko kes\u00e4n aikana kilometrej\u00e4 on kertynyt reilusti yli 500, tosin en ole en\u00e4\u00e4 pitkiin aikoihin jaksanut kirjata yksitt\u00e4isi\u00e4 matkoja <em>Heiaheijaan<\/em>, joten tarkka lukema on vain arvio. Paljon noita on kyll\u00e4 kuitenkin kertynyt.<\/p>\n<p style=\"text-align: center;\"><a href=\"\/blog\/wp-content\/uploads\/2015\/kesan_pyorailyt.jpg\"><img decoding=\"async\" style=\"border: 0px none; margin: 5px;\" src=\"\/blog\/wp-content\/uploads\/2015\/kesan_pyorailyt.jpg\" alt=\"\" \/><\/a><\/p>\n<p style=\"text-align: center;\"><em>Koko kes\u00e4n reitit<\/em><\/p>\n<p style=\"text-align: justify;\">Ja mik\u00e4s kerrytt\u00e4ess\u00e4, sill\u00e4 Vancouverissa on hyv\u00e4t olosuhteet py\u00f6r\u00e4ill\u00e4. Polkupy\u00f6r\u00e4ily otetaan huomioon kaikissa uusissa tiehankkeissa, kuten esimerkiksi <a href=\"https:\/\/www.vuosiamaailmalla.fi\/?p=6866\"><em>Port Mann Bridgell\u00e4<\/em><\/a> tehtiin. Ja kun kelit olivat koko kes\u00e4n ja suuren osan syksy\u00e4 kuivat ja kauniit, niin mik\u00e4s t\u00e4ss\u00e4 on ollut polkiessa, ainakin niin kauan ett\u00e4 vuorille saapuu lumi ja p\u00e4\u00e4see muihin puuhiin. \ud83d\ude42<\/p>\n","protected":false},"excerpt":{"rendered":"<p>&#8221;Must on tuuullut, urheiluhuuullu&#8230;&#8221; Eppu Normaalin sanat ovat varmaan paras selitys viime aikojen py\u00f6r\u00e4ilyinnolle. Kauniit syyskelit ovat nimitt\u00e4in saaneet viime viikkoina iltaisin py\u00f6r\u00e4n selk\u00e4\u00e4n siin\u00e4 m\u00e4\u00e4rin, ett\u00e4 matkamittariin on kertynyt itselle ihan uusia lukemissa. \ud83d\ude2e Esimerkiksi viimeisten 7 p\u00e4iv\u00e4n aikana munamankelia tuli sotkettua yhteens\u00e4 kuudella eri matkalla hieman yli 200 kilometrin matkan &#8211; viikkoon siis. &hellip; <a href=\"https:\/\/www.vuosiamaailmalla.fi\/blog\/2015\/pyorailyhulluus\/\" class=\"more-link\">Jatka lukemista<span class=\"screen-reader-text\"> &#8221;Py\u00f6r\u00e4ilyhulluus&#8221;<\/span><\/a><\/p>\n","protected":false},"author":1,"featured_media":8958,"comment_status":"open","ping_status":"open","sticky":false,"template":"","format":"standard","meta":{"_jetpack_memberships_contains_paid_content":false,"footnotes":""},"categories":[17,3,776,774],"tags":[34,935,752,939],"class_list":["post-7222","post","type-post","status-publish","format-standard","has-post-thumbnail","hentry","category-arki-kanadassa","category-arki-ulkomailla","category-pyoraily","category-ulkoilu","tag-arki","tag-kanada","tag-pyoraretki","tag-vancouver"],"jetpack_featured_media_url":"https:\/\/www.vuosiamaailmalla.fi\/blog\/wp-content\/uploads\/kesan_pyorailyt_banner.jpg","jetpack_sharing_enabled":true,"_links":{"self":[{"href":"https:\/\/www.vuosiamaailmalla.fi\/blog\/wp-json\/wp\/v2\/posts\/7222","targetHints":{"allow":["GET"]}}],"collection":[{"href":"https:\/\/www.vuosiamaailmalla.fi\/blog\/wp-json\/wp\/v2\/posts"}],"about":[{"href":"https:\/\/www.vuosiamaailmalla.fi\/blog\/wp-json\/wp\/v2\/types\/post"}],"author":[{"embeddable":true,"href":"https:\/\/www.vuosiamaailmalla.fi\/blog\/wp-json\/wp\/v2\/users\/1"}],"replies":[{"embeddable":true,"href":"https:\/\/www.vuosiamaailmalla.fi\/blog\/wp-json\/wp\/v2\/comments?post=7222"}],"version-history":[{"count":0,"href":"https:\/\/www.vuosiamaailmalla.fi\/blog\/wp-json\/wp\/v2\/posts\/7222\/revisions"}],"wp:featuredmedia":[{"embeddable":true,"href":"https:\/\/www.vuosiamaailmalla.fi\/blog\/wp-json\/wp\/v2\/media\/8958"}],"wp:attachment":[{"href":"https:\/\/www.vuosiamaailmalla.fi\/blog\/wp-json\/wp\/v2\/media?parent=7222"}],"wp:term":[{"taxonomy":"category","embeddable":true,"href":"https:\/\/www.vuosiamaailmalla.fi\/blog\/wp-json\/wp\/v2\/categories?post=7222"},{"taxonomy":"post_tag","embeddable":true,"href":"https:\/\/www.vuosiamaailmalla.fi\/blog\/wp-json\/wp\/v2\/tags?post=7222"}],"curies":[{"name":"wp","href":"https:\/\/api.w.org\/{rel}","templated":true}]}}