{"id":7229,"date":"2015-10-11T14:57:54","date_gmt":"2015-10-11T21:57:54","guid":{"rendered":"http:\/\/13.53.127.146\/?p=7229"},"modified":"2026-02-11T20:19:21","modified_gmt":"2026-02-12T04:19:21","slug":"happihyppely-rice-lakella","status":"publish","type":"post","link":"https:\/\/www.vuosiamaailmalla.fi\/blog\/2015\/happihyppely-rice-lakella\/","title":{"rendered":"Happihyppely Rice Lakella"},"content":{"rendered":"<p style=\"text-align: justify;\">Nyt kun Vancouverissa on tullut asuttua jo l\u00e4hes <a title=\"Nelj\u00e4 vuotta Kanadassa\" href=\"https:\/\/www.vuosiamaailmalla.fi\/blog\/2016\/nelja-vuotta-kanadassa\/\">nelj\u00e4 vuotta<\/a>, alkavat aivan likell\u00e4 sijaitsevat uudet ulkoilureitit k\u00e4yd\u00e4 jo v\u00e4hiin. Pient\u00e4 happihyppely\u00e4 kaipaavana suuntasimmekin t\u00e4n\u00e4\u00e4n kolmen vuoden tauon j\u00e4lkeen <a title=\"Kes\u00e4p\u00e4iv\u00e4 North Vancouverissa\" href=\"https:\/\/www.vuosiamaailmalla.fi\/blog\/2015\/kesapaiva-north-vancouverissa\/\">North Vancouverissa<\/a> sijaitsevalle pienelle Rice Lakelle, jonka olemme kiert\u00e4neet edellisen kerran <a title=\"Rice Lake\" href=\"https:\/\/www.vuosiamaailmalla.fi\/blog\/2012\/rice-lake\/\">kolme vuotta sitten<\/a>.<\/p>\n<p><!--more--><\/p>\n<p style=\"text-align: center;\"><a href=\"\/blog\/wp-content\/uploads\/2015\/rice_lake4.jpg\"><img decoding=\"async\" style=\"border: 0px none; margin: 5px;\" src=\"\/blog\/wp-content\/uploads\/2015\/rice_lake4.jpg\" alt=\"\" \/><\/a><\/p>\n<p style=\"text-align: center;\"><em>Leve\u00e4 ja hyv\u00e4kuntoinen polku<\/em><\/p>\n<p style=\"text-align: justify;\">Paljon ei ollut muuttunut t\u00e4m\u00e4n pienen lammen ymp\u00e4rist\u00f6ss\u00e4 viime vuosina, mutta k\u00e4vely oli muistamaamme helpompi. Pieni k\u00e4vely raikkaassa syysilmassa monien muiden ulkoilijoiden kanssa oli juuri mit\u00e4 tarvitsimme meneill\u00e4\u00e4n olevan <a title=\"Thanksgiving Day\" href=\"https:\/\/www.vuosiamaailmalla.fi\/blog\/2012\/thanksgiving-day\/\">kiitosp\u00e4iv\u00e4n<\/a> pitk\u00e4n viikonlopun keskelle!<\/p>\n<p style=\"text-align: center;\"><a href=\"\/blog\/wp-content\/uploads\/2015\/rice_lake1.jpg\"><img decoding=\"async\" style=\"border: 0px none; margin: 5px;\" src=\"\/blog\/wp-content\/uploads\/2015\/thumbs\/thumbs_rice_lake1.jpg\" alt=\"\" \/><\/a><a href=\"\/blog\/wp-content\/uploads\/2015\/rice_lake2.jpg\"><img decoding=\"async\" style=\"border: 0px none; margin: 5px;\" src=\"\/blog\/wp-content\/uploads\/2015\/thumbs\/thumbs_rice_lake2.jpg\" alt=\"\" \/><\/a><a href=\"\/blog\/wp-content\/uploads\/2015\/rice_lake3.jpg\"><img decoding=\"async\" style=\"border: 0px none; margin: 5px;\" src=\"\/blog\/wp-content\/uploads\/2015\/thumbs\/thumbs_rice_lake3.jpg\" alt=\"\" \/><\/a><\/p>\n<p style=\"text-align: center;\"><em>Kalastajia saaliin per\u00e4ss\u00e4<\/em><\/p>\n","protected":false},"excerpt":{"rendered":"<p>Nyt kun Vancouverissa on tullut asuttua jo l\u00e4hes nelj\u00e4 vuotta, alkavat aivan likell\u00e4 sijaitsevat uudet ulkoilureitit k\u00e4yd\u00e4 jo v\u00e4hiin. Pient\u00e4 happihyppely\u00e4 kaipaavana suuntasimmekin t\u00e4n\u00e4\u00e4n kolmen vuoden tauon j\u00e4lkeen North Vancouverissa sijaitsevalle pienelle Rice Lakelle, jonka olemme kiert\u00e4neet edellisen kerran kolme vuotta sitten.<\/p>\n","protected":false},"author":1,"featured_media":8954,"comment_status":"open","ping_status":"open","sticky":false,"template":"","format":"standard","meta":{"_jetpack_memberships_contains_paid_content":false,"footnotes":""},"categories":[17,3,777,774],"tags":[34,935,184,235,298],"class_list":["post-7229","post","type-post","status-publish","format-standard","has-post-thumbnail","hentry","category-arki-kanadassa","category-arki-ulkomailla","category-kavely","category-ulkoilu","tag-arki","tag-kanada","tag-north-vancouver","tag-rice-lake","tag-thanksgiving-day"],"jetpack_featured_media_url":"https:\/\/www.vuosiamaailmalla.fi\/blog\/wp-content\/uploads\/rice_lake_banner-1.jpg","jetpack_sharing_enabled":true,"_links":{"self":[{"href":"https:\/\/www.vuosiamaailmalla.fi\/blog\/wp-json\/wp\/v2\/posts\/7229","targetHints":{"allow":["GET"]}}],"collection":[{"href":"https:\/\/www.vuosiamaailmalla.fi\/blog\/wp-json\/wp\/v2\/posts"}],"about":[{"href":"https:\/\/www.vuosiamaailmalla.fi\/blog\/wp-json\/wp\/v2\/types\/post"}],"author":[{"embeddable":true,"href":"https:\/\/www.vuosiamaailmalla.fi\/blog\/wp-json\/wp\/v2\/users\/1"}],"replies":[{"embeddable":true,"href":"https:\/\/www.vuosiamaailmalla.fi\/blog\/wp-json\/wp\/v2\/comments?post=7229"}],"version-history":[{"count":2,"href":"https:\/\/www.vuosiamaailmalla.fi\/blog\/wp-json\/wp\/v2\/posts\/7229\/revisions"}],"predecessor-version":[{"id":14257,"href":"https:\/\/www.vuosiamaailmalla.fi\/blog\/wp-json\/wp\/v2\/posts\/7229\/revisions\/14257"}],"wp:featuredmedia":[{"embeddable":true,"href":"https:\/\/www.vuosiamaailmalla.fi\/blog\/wp-json\/wp\/v2\/media\/8954"}],"wp:attachment":[{"href":"https:\/\/www.vuosiamaailmalla.fi\/blog\/wp-json\/wp\/v2\/media?parent=7229"}],"wp:term":[{"taxonomy":"category","embeddable":true,"href":"https:\/\/www.vuosiamaailmalla.fi\/blog\/wp-json\/wp\/v2\/categories?post=7229"},{"taxonomy":"post_tag","embeddable":true,"href":"https:\/\/www.vuosiamaailmalla.fi\/blog\/wp-json\/wp\/v2\/tags?post=7229"}],"curies":[{"name":"wp","href":"https:\/\/api.w.org\/{rel}","templated":true}]}}