{"id":724,"date":"2011-11-14T18:22:55","date_gmt":"2011-11-15T02:22:55","guid":{"rendered":"http:\/\/13.53.127.146\/?p=724"},"modified":"2012-11-22T19:10:38","modified_gmt":"2012-11-23T03:10:38","slug":"joulumarkkinoiden-rakentaminen-vauhdissa","status":"publish","type":"post","link":"https:\/\/www.vuosiamaailmalla.fi\/blog\/2011\/joulumarkkinoiden-rakentaminen-vauhdissa\/","title":{"rendered":"Joulumarkkinoiden rakentaminen vauhdissa"},"content":{"rendered":"<p style=\"text-align: justify;\">Olimme viime viikon Suomessa, joten vasta t\u00e4n\u00e4\u00e4n kotiin palattuamme huomasimme, ett\u00e4 t\u00e4m\u00e4n vuotisten <a title=\"Opas Berliinin joulumarkkinoille\" href=\"https:\/\/www.vuosiamaailmalla.fi\/?p=1385\">joulumarkkinoiden<\/a> pystytys on alkanut Rotes Rathausin edess\u00e4. N\u00e4in olleen prosessi on viime vuotiseen <a title=\"Joulumarkkinoiden pystytys alkoi\" href=\"https:\/\/www.vuosiamaailmalla.fi\/?p=1248\">tapaan<\/a> aikataulussa ja ensimm\u00e4iset gl\u00f6git p\u00e4\u00e4seekin varmasti juomaan ensimm\u00e4isen\u00e4 adventtiviikonloppuna t\u00e4m\u00e4n kuun lopussa.<\/p>\n<p style=\"text-align: justify;\">Kelit ovat viime viikon aikana n\u00e4emm\u00e4 Berliiniss\u00e4kin muuttuneet kylm\u00e4ksi, sill\u00e4 t\u00e4n\u00e4\u00e4n oltiin p\u00e4iv\u00e4ll\u00e4kin vain muutama aste plussan puolella. Ja y\u00f6ksi menn\u00e4\u00e4n j\u00e4lleen nollan alapuolelle, joten tied\u00e4 vaikka t\u00e4\u00e4ll\u00e4kin leijailisi viel\u00e4 t\u00e4ll\u00e4 viikolla lumihiutaleita. Sangen kaunis ja kuiva syksy alkaakin n\u00e4in k\u00e4\u00e4nty\u00e4 talven puolelle, mik\u00e4 on vain ja ainoastaan hyv\u00e4 asia. Syksy ei todellakaan kuulu itse\u00e4ni miellytt\u00e4viin vuodenaikoihin, kuten talvi puolestaan kuuluu. Toivon mukaan sit\u00e4 lunta ei tosin t\u00e4n\u00e4 vuonna saada aivan yht\u00e4 paljon kuin viime vuonna <a title=\"Talven ihmemaa\" href=\"https:\/\/www.vuosiamaailmalla.fi\/?p=1329\">saatiin<\/a>. Kannattaa huomata, ett\u00e4 linkin kuvat ovat aivan joulukuun alusta!!<\/p>\n","protected":false},"excerpt":{"rendered":"<p>Olimme viime viikon Suomessa, joten vasta t\u00e4n\u00e4\u00e4n kotiin palattuamme huomasimme, ett\u00e4 t\u00e4m\u00e4n vuotisten joulumarkkinoiden pystytys on alkanut Rotes Rathausin edess\u00e4. N\u00e4in olleen prosessi on viime vuotiseen tapaan aikataulussa ja ensimm\u00e4iset gl\u00f6git p\u00e4\u00e4seekin varmasti juomaan ensimm\u00e4isen\u00e4 adventtiviikonloppuna t\u00e4m\u00e4n kuun lopussa. Kelit ovat viime viikon aikana n\u00e4emm\u00e4 Berliiniss\u00e4kin muuttuneet kylm\u00e4ksi, sill\u00e4 t\u00e4n\u00e4\u00e4n oltiin p\u00e4iv\u00e4ll\u00e4kin vain muutama aste &hellip; <a href=\"https:\/\/www.vuosiamaailmalla.fi\/blog\/2011\/joulumarkkinoiden-rakentaminen-vauhdissa\/\" class=\"more-link\">Jatka lukemista<span class=\"screen-reader-text\"> &#8221;Joulumarkkinoiden rakentaminen vauhdissa&#8221;<\/span><\/a><\/p>\n","protected":false},"author":1,"featured_media":0,"comment_status":"open","ping_status":"open","sticky":false,"template":"","format":"standard","meta":{"_jetpack_memberships_contains_paid_content":false,"footnotes":""},"categories":[18,3],"tags":[25,49,264,274,190],"class_list":["post-724","post","type-post","status-publish","format-standard","hentry","category-arki-saksassa","category-arki-ulkomailla","tag-ajankohtaista","tag-berliini","tag-joulu","tag-joulumarkkinat","tag-saksa"],"jetpack_featured_media_url":"","jetpack_sharing_enabled":true,"_links":{"self":[{"href":"https:\/\/www.vuosiamaailmalla.fi\/blog\/wp-json\/wp\/v2\/posts\/724","targetHints":{"allow":["GET"]}}],"collection":[{"href":"https:\/\/www.vuosiamaailmalla.fi\/blog\/wp-json\/wp\/v2\/posts"}],"about":[{"href":"https:\/\/www.vuosiamaailmalla.fi\/blog\/wp-json\/wp\/v2\/types\/post"}],"author":[{"embeddable":true,"href":"https:\/\/www.vuosiamaailmalla.fi\/blog\/wp-json\/wp\/v2\/users\/1"}],"replies":[{"embeddable":true,"href":"https:\/\/www.vuosiamaailmalla.fi\/blog\/wp-json\/wp\/v2\/comments?post=724"}],"version-history":[{"count":0,"href":"https:\/\/www.vuosiamaailmalla.fi\/blog\/wp-json\/wp\/v2\/posts\/724\/revisions"}],"wp:attachment":[{"href":"https:\/\/www.vuosiamaailmalla.fi\/blog\/wp-json\/wp\/v2\/media?parent=724"}],"wp:term":[{"taxonomy":"category","embeddable":true,"href":"https:\/\/www.vuosiamaailmalla.fi\/blog\/wp-json\/wp\/v2\/categories?post=724"},{"taxonomy":"post_tag","embeddable":true,"href":"https:\/\/www.vuosiamaailmalla.fi\/blog\/wp-json\/wp\/v2\/tags?post=724"}],"curies":[{"name":"wp","href":"https:\/\/api.w.org\/{rel}","templated":true}]}}