{"id":729,"date":"2011-09-05T18:40:23","date_gmt":"2011-09-06T01:40:23","guid":{"rendered":"http:\/\/13.53.127.146\/?p=729"},"modified":"2012-10-02T19:58:26","modified_gmt":"2012-10-03T02:58:26","slug":"autojen-tuhopolttosarja-laantui","status":"publish","type":"post","link":"https:\/\/www.vuosiamaailmalla.fi\/blog\/2011\/autojen-tuhopolttosarja-laantui\/","title":{"rendered":"Autojen tuhopolttosarja laantui"},"content":{"rendered":"<p style=\"text-align: justify;\">Berliiniss\u00e4 on viime vuosina tehty lukuisia tuhopolttoja, joissa erityisesti parkkeeratut autot ovat olleet tuhon kohteina. Nelj\u00e4n viime vuoden aikana on vuosittain poltettu noin 140-220 autoa ja vaurioitettu siin\u00e4 samalla toista mokomaa viereen parkkeerattuja autoja. Aihe on ollut esill\u00e4 paikallismediassa tiiviisti ja tuhopolttojen seuraamiseen perustettiin jopa oma nettisivusto. Vaikka sivuston p\u00e4ivitys onkin lopetettu noin vuosi sitten, k\u00e4y sielt\u00e4 l\u00f6ytyv\u00e4st\u00e4 <a href=\"http:\/\/www.brennende-autos.de\">kartasta<\/a> silti hyvin ilmi tuhon laajuus. Kartasta n\u00e4kee my\u00f6s hyvin, ett\u00e4 ainakin aiempina vuosina tuho on keskittynyt eniten Friedrichshainin ja Prenzlauer Bergin alueille. Kyseiset kaupunginosat tunnetaan paikallisen vaihtoehtokulttuurin sek\u00e4 poliittisen aktiivisuuden (ja radikalismin) alueina, joten tuhopolttojen on oletettu olevan ainakin osin poliittisesti motivoituneita. Teoriaa on tukenut my\u00f6s tilasto poltetuista autoista, jonka mukaan teot ovat yleisimmin kohdistuneet Audeihin, mersuihin sek\u00e4 bemareihin.<\/p>\n<p><!--more--><\/p>\n<p style=\"text-align: justify;\">Vaikka vuosien varrella onkin onnistuttu suorittamaan pid\u00e4tyksi\u00e4, ei ongelmaa ole saatu kokonaan taltutettua. Eritt\u00e4in pahaksi tilanne riist\u00e4ytyi elokuun lopulla, kun autoja poltettiin 12 per\u00e4kk\u00e4isen\u00e4 y\u00f6n\u00e4 yhteens\u00e4 155 kappaletta. Teot kohdistuivat j\u00e4lleen l\u00e4hinn\u00e4 arvoautoihin (vuoden vanha Maseratikin poltettiin), mutta t\u00e4ll\u00e4 kertaa suurin osa teoista tapahtui kaupungin yleens\u00e4 varakkaampana pidetyll\u00e4 l\u00e4nsipuolella. Tuore listaus tekopaikoista on n\u00e4ht\u00e4viss\u00e4 paikallislehden yll\u00e4pit\u00e4m\u00e4st\u00e4 <a href=\"http:\/\/maps.google.de\/maps\/ms?msa=0&amp;msid=201316386308816501878.0004ab287ad42aa52ac8d&amp;hl=de&amp;ie=UTF8&amp;vpsrc=6&amp;source=embed&amp;ll=52.523742,13.493958&amp;spn=0.329625,0.891953\">kartasta<\/a>.<\/p>\n<p style=\"text-align: justify;\">Tahti on uuden tuhopolttosarjan aikana ollut niin hurja, ett\u00e4 se nostaa t\u00e4n\u00e4 vuonna poltettujen autojen m\u00e4\u00e4r\u00e4n jo yli 530:nen, mik\u00e4 on suurin m\u00e4\u00e4r\u00e4 koskaan. Ja vuotta on viel\u00e4 j\u00e4ljell\u00e4 monta kuukautta. Kaupungilla partioikin viikko sitten y\u00f6aikaan noin 650 poliisia kahden poliisihelikopterin avustamana, tavoitteenaan saada sarja katkaistua. My\u00f6s Berliinin pormestari Klaus Wowereit kehotti berliinil\u00e4isi\u00e4 ilmoittamaan poliisille kaikesta ep\u00e4illytt\u00e4v\u00e4st\u00e4.<\/p>\n<p style=\"text-align: justify;\">Perjantaina ja lauantaina onnistuttiinkin tekem\u00e4\u00e4n kaksi pid\u00e4tyst\u00e4, joissa pid\u00e4tettiin yhteens\u00e4 nelj\u00e4 14 &#8211; 29 vuotiasta pyromaania. Toisessa tapauksessa nuoret sytyttiv\u00e4t mainoslehti\u00e4 rappuk\u00e4yt\u00e4v\u00e4ss\u00e4 ja toisessa tuikattiin vaateker\u00e4yslaatikko tuleen. Viel\u00e4 ei ole selv\u00e4\u00e4 onko pid\u00e4tetyill\u00e4 henkil\u00f6ill\u00e4 tekemist\u00e4 autojen tuhopolton kanssa, mutta 27.-28. elokuuta v\u00e4linen y\u00f6 oli ensimm\u00e4inen kun autoja ei palanut Berliiniss\u00e4 yht\u00e4\u00e4n. T\u00e4m\u00e4n lis\u00e4ksi 30. elokuuta onnistuttiin pid\u00e4tt\u00e4m\u00e4\u00e4n 23- ja 27-vuotias pari, joka taltioi videokameralla BMW:n sytytyst\u00e4.<\/p>\n<p style=\"text-align: justify;\">Vaikka pahin tuhopolttosarja onnistuttiinkin n\u00e4in katkaisemaan, ei ongelmaa ole varmasti lopullisesti poistettu. Tapauksiin kohdistunut suuri mediahuomio kun saa varmasti idiootteja liikkeelle jatkossakin. Y\u00f6aikaan satunnaisissa paikoissa teht\u00e4vist\u00e4 tuhopoltoista on viel\u00e4p\u00e4 pieni todenn\u00e4k\u00f6isyys j\u00e4\u00e4d\u00e4 kiinni. Yleisesti k\u00e4ytetty kikka on asettaa pieni retkikeitin auton alle, noin bensatankin kohdalle. Keittimelt\u00e4 kest\u00e4\u00e4 sangen pitk\u00e4\u00e4n sytytt\u00e4\u00e4 auto, miss\u00e4 ajassa tekij\u00e4 ehtii yleens\u00e4 kauas ennen kuin kukaan huomaa tapahtunutta.<\/p>\n<p style=\"text-align: justify;\">Autot eiv\u00e4t ole kuitenkaan ainoat, mit\u00e4 Berliiniss\u00e4 tuhopoltetaan. Huolestuttavaa on ollut rappuk\u00e4yt\u00e4viss\u00e4 s\u00e4ilytett\u00e4vien lastenvaunujen tuhopolttosarja, jossa tapauksia on esiintynyt pian kymmenkunta pitkin kaupunkia. Tapausten motiivista ei ole mink\u00e4\u00e4nlaista k\u00e4sityst\u00e4, eik\u00e4 pid\u00e4tyksi\u00e4 ole onnistuttu tekem\u00e4\u00e4n. Onneksi tapauksissa ei ole loukkaantunut ket\u00e4\u00e4n, mutta melko pimeet\u00e4 porukkaa sit\u00e4 suurkaupunkiin mahtuu.<\/p>\n","protected":false},"excerpt":{"rendered":"<p>Berliiniss\u00e4 on viime vuosina tehty lukuisia tuhopolttoja, joissa erityisesti parkkeeratut autot ovat olleet tuhon kohteina. Nelj\u00e4n viime vuoden aikana on vuosittain poltettu noin 140-220 autoa ja vaurioitettu siin\u00e4 samalla toista mokomaa viereen parkkeerattuja autoja. Aihe on ollut esill\u00e4 paikallismediassa tiiviisti ja tuhopolttojen seuraamiseen perustettiin jopa oma nettisivusto. Vaikka sivuston p\u00e4ivitys onkin lopetettu noin vuosi sitten, &hellip; <a href=\"https:\/\/www.vuosiamaailmalla.fi\/blog\/2011\/autojen-tuhopolttosarja-laantui\/\" class=\"more-link\">Jatka lukemista<span class=\"screen-reader-text\"> &#8221;Autojen tuhopolttosarja laantui&#8221;<\/span><\/a><\/p>\n","protected":false},"author":1,"featured_media":0,"comment_status":"open","ping_status":"open","sticky":false,"template":"","format":"standard","meta":{"_jetpack_memberships_contains_paid_content":false,"footnotes":""},"categories":[18,3,5],"tags":[25,39,49,52,60,275,190],"class_list":["post-729","post","type-post","status-publish","format-standard","hentry","category-arki-saksassa","category-arki-ulkomailla","category-asuminen-saksassa","tag-ajankohtaista","tag-autot","tag-berliini","tag-berlin-friedrichshain","tag-berlin-prenzlauer-berg","tag-rikollisuus","tag-saksa"],"jetpack_featured_media_url":"","jetpack_sharing_enabled":true,"_links":{"self":[{"href":"https:\/\/www.vuosiamaailmalla.fi\/blog\/wp-json\/wp\/v2\/posts\/729","targetHints":{"allow":["GET"]}}],"collection":[{"href":"https:\/\/www.vuosiamaailmalla.fi\/blog\/wp-json\/wp\/v2\/posts"}],"about":[{"href":"https:\/\/www.vuosiamaailmalla.fi\/blog\/wp-json\/wp\/v2\/types\/post"}],"author":[{"embeddable":true,"href":"https:\/\/www.vuosiamaailmalla.fi\/blog\/wp-json\/wp\/v2\/users\/1"}],"replies":[{"embeddable":true,"href":"https:\/\/www.vuosiamaailmalla.fi\/blog\/wp-json\/wp\/v2\/comments?post=729"}],"version-history":[{"count":0,"href":"https:\/\/www.vuosiamaailmalla.fi\/blog\/wp-json\/wp\/v2\/posts\/729\/revisions"}],"wp:attachment":[{"href":"https:\/\/www.vuosiamaailmalla.fi\/blog\/wp-json\/wp\/v2\/media?parent=729"}],"wp:term":[{"taxonomy":"category","embeddable":true,"href":"https:\/\/www.vuosiamaailmalla.fi\/blog\/wp-json\/wp\/v2\/categories?post=729"},{"taxonomy":"post_tag","embeddable":true,"href":"https:\/\/www.vuosiamaailmalla.fi\/blog\/wp-json\/wp\/v2\/tags?post=729"}],"curies":[{"name":"wp","href":"https:\/\/api.w.org\/{rel}","templated":true}]}}