{"id":7290,"date":"2015-10-19T21:28:35","date_gmt":"2015-10-20T04:28:35","guid":{"rendered":"http:\/\/13.53.127.146\/?p=7290"},"modified":"2025-03-17T23:32:58","modified_gmt":"2025-03-18T06:32:58","slug":"kanada-aanesti-muutoksen-puolesta","status":"publish","type":"post","link":"https:\/\/www.vuosiamaailmalla.fi\/blog\/2015\/kanada-aanesti-muutoksen-puolesta\/","title":{"rendered":"Kanada \u00e4\u00e4nesti muutoksen puolesta"},"content":{"rendered":"<p style=\"text-align: justify;\">Kanadassa koettiin t\u00e4n\u00e4\u00e4n todellinen <a title=\"Melkein Obaman kaveri\" href=\"https:\/\/www.vuosiamaailmalla.fi\/blog\/2010\/melkein-obaman-kaveri\/\">Obama-hetki<\/a>, kun maa \u00e4\u00e4nesti lumivy\u00f6ryn tavoin maan <a href=\"https:\/\/www.vuosiamaailmalla.fi\/?p=7308\">uudeksi enemmist\u00f6hallitukseksi<\/a> Kanadan liberaalipuolueen\u00a0(39,5% paikoista, yhteens\u00e4 184 paikkaa kaikkiaan 338 paikasta) ja p\u00e4\u00e4ministeriksi puolueen <a title=\"Justin Trudeaun valtakauden p\u00e4\u00e4t\u00f6s\" href=\"https:\/\/www.vuosiamaailmalla.fi\/blog\/2025\/justin-trudeaun-valtakauden-paatos\/\">puheenjohtajan Justin Trudeaun<\/a>. 43-vuotias Trudeau on Kanadan ensimm\u00e4inen p\u00e4\u00e4ministeri, <a title=\"Kanadan Fidel Castro\" href=\"https:\/\/www.vuosiamaailmalla.fi\/blog\/2024\/kanadan-fidel-castro\/\">jonka is\u00e4<\/a> on my\u00f6s toiminut maan p\u00e4\u00e4ministerin\u00e4, kun edesmennyt Pierre Trudeau johti Kanadaa vuosina 1968-1979 ja 1980-1984.<\/p>\n<p><!--more--><\/p>\n<p style=\"text-align: justify;\">Parlamenttivaaleissa koettiin todellinen heilahdus vasemmalle, kun melkein kymmenen vuotta vallassa ollut Kanadan konservatiivipuolue heitettiin hallituksesta per\u00e4ti 60 paikan romahduksella (uusi kannatus 31,9%, 99 paikkaa). Normaalisti kolmas vahva Uusi demokraattinen puolue NDP romahti vaaleissa viel\u00e4 t\u00e4t\u00e4kin enemm\u00e4n, kadottaen per\u00e4ti puolet kannatuksestaan ja 51 paikkaa (uusi kannatus 19,7%, 44 parlamenttipaikkaa). Merkitt\u00e4v\u00e4 vaikutus NPD:n heikkoon tulokseen oli kanadalaisten strategisella \u00e4\u00e4nest\u00e4misell\u00e4, jossa ihmiset valitsivat kahdesta samanlaisesta vaihtoehdosta vahvemmalta vaikuttaneen liberaalipuolueen p\u00e4\u00e4st\u00e4kseen varmasti eroon konservatiivipuolueen nykyisest\u00e4 p\u00e4\u00e4ministerist\u00e4 Stephen Harperista. Ylimielinen Harper on viimeisen vuosikymmenen ajan ajanut Kanadaan kovia oikeistolaisia arvoja, joita kanadalaiset ovat vierastaneet ja nyt ihmisill\u00e4 oli viimein tilaisuus palauttaa maa takaisin polulle josta se on aiempina vuosikymmeni\u00e4 tunnettu.<\/p>\n<p style=\"text-align: center;\"><a href=\"\/blog\/wp-content\/uploads\/2015\/parlamenttipaikat.jpg\"><img decoding=\"async\" style=\"border: 0px none; margin: 5px;\" src=\"\/blog\/wp-content\/uploads\/2015\/parlamenttipaikat.jpg\" alt=\"\" \/><\/a><\/p>\n<p style=\"text-align: center;\"><em>Puolueiden paikat uudessa parlamentissa<\/em><\/p>\n<p style=\"text-align: justify;\">Lopputulos on melkoinen muutos ennakkoasetelmasta, joka viel\u00e4 kes\u00e4ll\u00e4 piti liberaalipuoluetta t\u00e4ydellisen\u00e4 altavastaajana ja kisaa l\u00e4hinn\u00e4 konservatiivien ja demokraattien v\u00e4lisen\u00e4. Demokraatit aloittivatkin kisan vahvasti ja k\u00e4v\u00e4isiv\u00e4t per\u00e4ti 37% kannatuksessa, mutta putosivat viimeisten viikkojen aikana 19,7 prosenttiin. Samaan aikaan liberaaripuolue melkein tuplasi kannatuksensa, siit\u00e4kin huolimatta ett\u00e4 konservatiivien vihamainokset ovat pelotelleet kanadalaisia kuukausien ajan Trudeaun kokemattomuudella ja arvaamattomuudella. Muutoksen pelko oli konservatiivien johtavia vaaliteemoja, kun liberaalit keskittyiv\u00e4t positiivisuuteen, mik\u00e4 n\u00e4ytt\u00e4\u00e4 saaneen kannatusta kanadalaisten keskuudessa.<\/p>\n<p style=\"text-align: center;\"><a href=\"\/blog\/wp-content\/uploads\/2015\/trudeaun_perhe.jpg\"><img decoding=\"async\" style=\"border: 0px none; margin: 5px;\" src=\"\/blog\/wp-content\/uploads\/2015\/trudeaun_perhe.jpg\" alt=\"\" \/><\/a><br \/>\n<em>Justin Trudeau perheineen<\/em><\/p>\n<p style=\"text-align: justify;\">Konservatiivien pelisilm\u00e4 pettikin n\u00e4iss\u00e4 vaaleissa pahasti, sill\u00e4 n\u00e4m\u00e4 l\u00e4htiv\u00e4t vaalikamppailuun torvet soiden ja valtavan suuryritysten kustantaman vaalibudjetin turvin. <a href=\"https:\/\/www.vuosiamaailmalla.fi\/?p=6989\">Elokuun alussa julistettu<\/a> per\u00e4ti 11 viikon mittaisen kampanjan oli tarkoitus kuivuttaa muiden puolueiden budjetit ja varmistaa konservatiivien voitto, mutta suunnitelma kuivui t\u00e4ysin kasaan. Konservatiivipuoluetta ravistelivat vaalikamppailun aikana my\u00f6s erilaiset vallan v\u00e4\u00e4rink\u00e4ytt\u00f6\u00f6n liittyv\u00e4t skandaalit, jotka s\u00f6iv\u00e4t puolueen kannatusta monilla vaa&#8217;ankielialueilla. Yksi kohtalokas teema olivat my\u00f6s Harperin kovat kannanotot Syyrian pakolaisia kohtaan, jotka eiv\u00e4t resonoineet yleens\u00e4 inhimillisiss\u00e4 kanadalaisissa.<\/p>\n<p style=\"text-align: justify;\">Mit\u00e4 uusi liberaalihallitus on sitten luvannut ja miten Kanada muuttuu t\u00e4st\u00e4 eteenp\u00e4in? Maanlaajuisia vaalilupauksia ovat olleet ainakin marijuanan laillistaminen Coloradon malliin sek\u00e4 yksityisyytt\u00e4 loukkaavan amerikkalaismaisen C-51 terrorismilain kriittinen tarkistaminen tai jopa kumoaminen. Trudeau ei ole kertonut kantaansa meneill\u00e4\u00e4n oleviin neuvotteluihin Tyynenmeren vapaakauppasopimuksesta, mutta toivon mukaan kanta tulee olemaan ep\u00e4demokraattisesti neuvoteltua sopimusta vastaan, mik\u00e4 saattaisi kaataa koko salaisen sopimuksen.<\/p>\n<p style=\"text-align: justify;\">Merkitt\u00e4v\u00e4 ero kahteen muuhun puolueeseen on my\u00f6s liberaalien suunnitelma tiukan budjettikurin sijaan p\u00f6nkitt\u00e4\u00e4 <a href=\"https:\/\/www.vuosiamaailmalla.fi\/?p=3970\">raaka\u00f6ljyn halpenemisen<\/a> hyydytt\u00e4m\u00e4\u00e4 taloutta investoimalla kymmeni\u00e4 miljardeja dollareita infrastruktuurin, kuten teiden ja julkisen liikenteen parantamiseen. T\u00e4m\u00e4 valtava summa tarkoittaa pelk\u00e4st\u00e4\u00e4n British Columbialle j\u00e4ttim\u00e4ist\u00e4 pottia, joka merkitsee varmaan muun muassa uuden <a title=\"Broadway SkyTrain rakenteille\" href=\"https:\/\/www.vuosiamaailmalla.fi\/?p=10991\"><em>SkyTrain<\/em> laajennuksen<\/a> sek\u00e4 j\u00e4ttim\u00e4isen <em><a href=\"https:\/\/www.vuosiamaailmalla.fi\/?p=2342\">George Massey Bridgen<\/a><\/em> l\u00e4htemist\u00e4 rakenteille l\u00e4hivuosina. T\u00e4m\u00e4 on hieno asia ja investoiminen kansalliseen infrastruktuuriin tulee varmasti vaikuttamaan positiivisesti ty\u00f6llisyyteen ja on investointi pidemm\u00e4n ajan hyvinvoinnille.<\/p>\n<p style=\"text-align: justify;\">Trudeaun suunnitelmana on ollut my\u00f6s ottaa Kanadaan aiempaa enemm\u00e4n <a href=\"https:\/\/www.vuosiamaailmalla.fi\/?p=7469\">Syyrian pakolaisia<\/a>, mutta ehdotetut m\u00e4\u00e4r\u00e4t ovat sangen pieni\u00e4 vuosittaisen ty\u00f6per\u00e4isen maahanmuuton kokonaism\u00e4\u00e4r\u00e4\u00e4n verrattuna. Pakolaisuus on Kanadassa my\u00f6s enemm\u00e4n sopeutumiseen ja ty\u00f6llistymiseen velvoittavaa, kuin se on Euroopassa.<\/p>\n<p style=\"text-align: justify;\">Liberaalien vaaliteemoja ovat olleet my\u00f6s rikkaiden verotuksen korottaminen ja keskiluokan kevent\u00e4minen, sek\u00e4 erilaisten sosiaalisten ohjelmien tukeminen, mink\u00e4 suurin osa kanadalaisista ottaa varmasti l\u00e4mpim\u00e4sti vastaan. Trudeaun odotetaan my\u00f6s kirist\u00e4v\u00e4n konservatiivien laiminly\u00f6m\u00e4\u00e4 ja melkeinp\u00e4 halveksimaa ymp\u00e4rist\u00f6lains\u00e4\u00e4d\u00e4nt\u00f6\u00e4 ja s\u00e4\u00e4telev\u00e4n voimakasta \u00f6ljyteollisuutta paljon Harperin hallitusta kovemmalla k\u00e4dell\u00e4. Kaikkiin n\u00e4ihin teemoihin on helppo yhty\u00e4 ja toivoa ett\u00e4 lupauksista tulee my\u00f6s totta.<\/p>\n<p style=\"text-align: justify;\">Kanadan siis valitsi t\u00e4n\u00e4\u00e4n muutoksen ja vaihtoi ennakkoluulottomasti johtajansa, mink\u00e4 vaikutukset tulevat olemaan kiintoisat n\u00e4hd\u00e4. Me emme olleet viel\u00e4 <a title=\"Ensi kertaa Kanadan vaaliuurnilla\" href=\"https:\/\/www.vuosiamaailmalla.fi\/?p=10277\">\u00e4\u00e4nioikeutettuja<\/a> n\u00e4iss\u00e4 vaaleissa, mutta on mukava n\u00e4hd\u00e4 ett\u00e4 melkein 68,5% noin 24,6 miljoonasta \u00e4\u00e4nioikeutetusta k\u00e4ytti \u00e4\u00e4nt\u00e4\u00e4n muutoksen eteen.<\/p>\n<p style=\"text-align: center;\"><iframe loading=\"lazy\" src=\"https:\/\/www.youtube-nocookie.com\/embed\/wD5FAzvltpI?rel=0\" width=\"640\" height=\"360\" frameborder=\"0\" allowfullscreen=\"allowfullscreen\"><\/iframe><\/p>\n","protected":false},"excerpt":{"rendered":"<p>Kanadassa koettiin t\u00e4n\u00e4\u00e4n todellinen Obama-hetki, kun maa \u00e4\u00e4nesti lumivy\u00f6ryn tavoin maan uudeksi enemmist\u00f6hallitukseksi Kanadan liberaalipuolueen\u00a0(39,5% paikoista, yhteens\u00e4 184 paikkaa kaikkiaan 338 paikasta) ja p\u00e4\u00e4ministeriksi puolueen puheenjohtajan Justin Trudeaun. 43-vuotias Trudeau on Kanadan ensimm\u00e4inen p\u00e4\u00e4ministeri, jonka is\u00e4 on my\u00f6s toiminut maan p\u00e4\u00e4ministerin\u00e4, kun edesmennyt Pierre Trudeau johti Kanadaa vuosina 1968-1979 ja 1980-1984.<\/p>\n","protected":false},"author":1,"featured_media":8955,"comment_status":"open","ping_status":"open","sticky":false,"template":"","format":"standard","meta":{"_jetpack_memberships_contains_paid_content":false,"footnotes":""},"categories":[17,3],"tags":[25,935,155,297],"class_list":["post-7290","post","type-post","status-publish","format-standard","has-post-thumbnail","hentry","category-arki-kanadassa","category-arki-ulkomailla","tag-ajankohtaista","tag-kanada","tag-kanadalainen-juttu","tag-vaalit"],"jetpack_featured_media_url":"https:\/\/www.vuosiamaailmalla.fi\/blog\/wp-content\/uploads\/trudeaun_perhe_banner.jpg","jetpack_sharing_enabled":true,"_links":{"self":[{"href":"https:\/\/www.vuosiamaailmalla.fi\/blog\/wp-json\/wp\/v2\/posts\/7290","targetHints":{"allow":["GET"]}}],"collection":[{"href":"https:\/\/www.vuosiamaailmalla.fi\/blog\/wp-json\/wp\/v2\/posts"}],"about":[{"href":"https:\/\/www.vuosiamaailmalla.fi\/blog\/wp-json\/wp\/v2\/types\/post"}],"author":[{"embeddable":true,"href":"https:\/\/www.vuosiamaailmalla.fi\/blog\/wp-json\/wp\/v2\/users\/1"}],"replies":[{"embeddable":true,"href":"https:\/\/www.vuosiamaailmalla.fi\/blog\/wp-json\/wp\/v2\/comments?post=7290"}],"version-history":[{"count":4,"href":"https:\/\/www.vuosiamaailmalla.fi\/blog\/wp-json\/wp\/v2\/posts\/7290\/revisions"}],"predecessor-version":[{"id":13946,"href":"https:\/\/www.vuosiamaailmalla.fi\/blog\/wp-json\/wp\/v2\/posts\/7290\/revisions\/13946"}],"wp:featuredmedia":[{"embeddable":true,"href":"https:\/\/www.vuosiamaailmalla.fi\/blog\/wp-json\/wp\/v2\/media\/8955"}],"wp:attachment":[{"href":"https:\/\/www.vuosiamaailmalla.fi\/blog\/wp-json\/wp\/v2\/media?parent=7290"}],"wp:term":[{"taxonomy":"category","embeddable":true,"href":"https:\/\/www.vuosiamaailmalla.fi\/blog\/wp-json\/wp\/v2\/categories?post=7290"},{"taxonomy":"post_tag","embeddable":true,"href":"https:\/\/www.vuosiamaailmalla.fi\/blog\/wp-json\/wp\/v2\/tags?post=7290"}],"curies":[{"name":"wp","href":"https:\/\/api.w.org\/{rel}","templated":true}]}}