{"id":7308,"date":"2015-10-20T12:29:16","date_gmt":"2015-10-20T19:29:16","guid":{"rendered":"http:\/\/13.53.127.146\/?p=7308"},"modified":"2025-03-17T23:31:04","modified_gmt":"2025-03-18T06:31:04","slug":"vaalituloksen-takana","status":"publish","type":"post","link":"https:\/\/www.vuosiamaailmalla.fi\/blog\/2015\/vaalituloksen-takana\/","title":{"rendered":"Eilisen vaalituloksen taustalla"},"content":{"rendered":"<p style=\"text-align: justify;\">Nyt kun Kanadan eiliset parlamenttivaalit ovat ohitse, on puolueilla, lehdist\u00f6ll\u00e4 sek\u00e4 tavallisilla kanadalaisilla ollut pieni hetki aikaa pureskella vaalien yll\u00e4tystulosta. Altavastaajana kisaan l\u00e4hteneet liberaalit onnistuivat loppukirins\u00e4 ansiosta per\u00e4ti <strong>viisinkertaistamaan<\/strong> paikkam\u00e4\u00e4r\u00e4ns\u00e4 parlamentissa 36 paikasta 184:\u00e4\u00e4n. Se tarkoittaa per\u00e4ti 148 uutta paikkaa ja on selv\u00e4sti yli enemmist\u00f6hallitukseen vaadittavat 170 parlamenttipaikkaa. T\u00e4m\u00e4 tarkoittaa, ett\u00e4 hallituksen muodostaminen tulee olemaan helppoa uudelle p\u00e4\u00e4ministeri <a title=\"Kanadan Fidel Castro\" href=\"https:\/\/www.vuosiamaailmalla.fi\/blog\/2024\/kanadan-fidel-castro\/\">Justin Trudeaulle<\/a>.<\/p>\n<p><!--more--><\/p>\n<p style=\"text-align: center;\"><a href=\"\/blog\/wp-content\/uploads\/2015\/parlamenttipaikat.jpg\"><img decoding=\"async\" style=\"border: 0px none; margin: 5px;\" src=\"\/blog\/wp-content\/uploads\/2015\/parlamenttipaikat.jpg\" alt=\"\" \/><\/a><\/p>\n<p style=\"text-align: center;\"><em>Puolueiden paikkam\u00e4\u00e4r\u00e4t uudessa parlamentissa<br \/>\n<\/em><\/p>\n<p style=\"text-align: justify;\">Kun liberaalit nousivat raketin lailla, putosivat muut puoleet vastaavasti. Aiempi hallituspuolue konservatiivit menetti 159 aiemmasta paikastaan 60 ja j\u00e4i 99 paikkaan. Uusi demokraattipuolue NDP putosi 95 paikasta 51 paikkaa, saaden kasaan vain 44 paikkaa. Pikkupuolueissa separatistinen <em>Bloc Qu\u00e9b\u00e9cois<\/em> sai 10 paikkaa, mik\u00e4 on 8 enemm\u00e4n kuin aiemmin. Vihre\u00e4t puolestaan menettiv\u00e4t toisen paikkansa ja ainoastaan puolueen puheenjohtaja Elizabeth May uusi oman paikkansa. Yhteens\u00e4 parlamentissa on 338 paikkaa, jossa oli lis\u00e4yst\u00e4 viime vaaleista yli kolmekymment\u00e4, selitt\u00e4en oudolta kuulostavaa matematiikkaa.<\/p>\n<p style=\"text-align: justify;\">Vaikka erot paikkam\u00e4\u00e4rin\u00e4 tarkasteltuna vaikuttavatkin valtavilta (ja juuri niill\u00e4 on merkityst\u00e4 vallan kannalta), eiv\u00e4t kanadalaisten \u00e4\u00e4net kuitenkaan keskittyneet n\u00e4in tiukasti yhden puolueen taakse. Puhtaasti \u00e4\u00e4nim\u00e4\u00e4ri\u00e4 tarkasteltaessa liberaalit saivat 39,5% kannatuksen, konservatiivit 31,9%, NDP 19,7%, Bloc Qu\u00e9b\u00e9cois 4,7% ja vihre\u00e4tkin 3,5%. N\u00e4ist\u00e4 viimeisimm\u00e4nkin taakse k\u00e4tkeytyy 605 000 \u00e4\u00e4nt\u00e4 vihre\u00e4lle puolueelle, mill\u00e4 sai vaalitavasta johtuen kuitenkin vain yhden parlamenttipaikan. Samaan aikaan liberaalien 6,9 miljoonalla \u00e4\u00e4nell\u00e4 sai 184 paikkaa eli yksi paikka irtosi vain reilulla 37 000 \u00e4\u00e4nell\u00e4.<\/p>\n<p style=\"text-align: center;\"><a href=\"\/blog\/wp-content\/uploads\/2015\/puolueiden_aanisaaliit.jpg\"><img decoding=\"async\" style=\"border: 0px none; margin: 5px;\" src=\"\/blog\/wp-content\/uploads\/2015\/puolueiden_aanisaaliit.jpg\" alt=\"\" \/><\/a><\/p>\n<p style=\"text-align: center;\"><em>Todelliset \u00e4\u00e4nim\u00e4\u00e4r\u00e4t ja kannatus<\/em><\/p>\n<p style=\"text-align: justify;\">T\u00e4m\u00e4 kertoo Kanadan <a href=\"https:\/\/www.youtube.com\/watch?v=HiHuiDD_oTk\">h\u00f6lm\u00f6st\u00e4 enemmist\u00f6vaalitavasta<\/a>, joka on samanlainen kuin <a title=\"Kanada sulattelee USA:n vaalitulosta\" href=\"https:\/\/www.vuosiamaailmalla.fi\/?p=8606\">Yhdysvalloissa<\/a> ja muutamassa muussakin maassa. Enemmist\u00f6vaalitavassa eniten vaalipiiriss\u00e4 \u00e4\u00e4ni\u00e4 saanut edustaja saa koko alueen itselleen ja kilpailijoiden \u00e4\u00e4net j\u00e4\u00e4v\u00e4t ik\u00e4\u00e4n kuin huomiotta. T\u00e4m\u00e4 v\u00e4\u00e4rist\u00e4\u00e4 todellisuutta, sill\u00e4 eurooppalaisella suhteellisella vaalitavalla laskettuna esimerkiksi vihre\u00e4 puolue olisi saanut kymmenen parlamenttipaikkaa. Puolueiden j\u00e4rjestys olisi toki s\u00e4ilynyt samana, mutta erot parlamenttipaikoissa olisivat paljon tasaisemmat ja maassa virallisesti tasaisempi puoluekartta.<\/p>\n<p style=\"text-align: justify;\">Kyse ei ole siit\u00e4 etteiv\u00e4tk\u00f6 kanadalaiset tiet\u00e4isi vaalitavan heikkoutta ja pienpuolueet tekiv\u00e4tkin siit\u00e4 yhden vaaliteeman, johon liberaalipuolueen puheenjohtaja ja nyt valittu uusi <a title=\"Justin Trudeaun valtakauden p\u00e4\u00e4t\u00f6s\" href=\"https:\/\/www.vuosiamaailmalla.fi\/blog\/2025\/justin-trudeaun-valtakauden-paatos\/\">p\u00e4\u00e4ministeri Justin Trudeau<\/a> on luvannut puuttua. On siis mahdollista (joskaan ei sanottua), ett\u00e4 seuraavissa vaaleissa Kanadassa ei \u00e4\u00e4nestett\u00e4isi en\u00e4\u00e4 enemmist\u00f6n perusteella.<\/p>\n<p style=\"text-align: justify;\">Enemmist\u00f6vaalitapa johtaa my\u00f6s hassuihin tilanteisiin, kuten esimerkiksi eilen illalla tuloslaskennan aloittanut koko Atlantisen Kanadan 33 vaalipiirin p\u00e4\u00e4tyminen kokonaan liberaalien haltuun. Eli jatkossa maan parlamentissa koko kolmea it\u00e4isint\u00e4 provinssia edustavat pelk\u00e4st\u00e4\u00e4n liberaaliedustajat, vaikka todellisuudessa n\u00e4iden \u00e4\u00e4nim\u00e4\u00e4r\u00e4 alueella suhteellisesti laskettuna oli vain hieman yli kolmannes.<\/p>\n<p style=\"text-align: justify;\">Atlantisen Kanadan k\u00e4\u00e4ntyminen kokonaan liberaareille oli ainutkertainen tapaus, mutta muuten maan poliittisella kartalla ei koettu valtavia muutoksia. Kanadan preerialla sijaitsevat <a href=\"https:\/\/www.vuosiamaailmalla.fi\/?p=3970\">\u00f6ljyntuottajaprovinssit<\/a> pysyiv\u00e4t edelleen konservatiivisina ja l\u00e4nsirannikko \u00e4\u00e4nesti kaikkein voimakkaimmin demokraatteja ja antoi my\u00f6s vihreille vankimman kannatuksen. Suurten kaupunkien keskustoissa, jopa Albertan konservatiivisessa provinssissa, pieni\u00e4 vaalipiirej\u00e4 meni kuitenkin muillekin puolueille, monesti nuorten ja yliopistojen vet\u00e4m\u00e4n\u00e4. Vancouverin metropolialueella liberaalit p\u00e4rj\u00e4siv\u00e4t eritt\u00e4in vahvasti, NDP:n nauttiessa my\u00f6s huomattavaa kannatusta. Aivan pohjoisessa kaikki kolme v\u00e4kim\u00e4\u00e4r\u00e4lt\u00e4\u00e4n pient\u00e4, mutta pinta-alaltaan j\u00e4ttim\u00e4ist\u00e4 territoriota, meniv\u00e4t kaikki liberaareille.<\/p>\n<p style=\"text-align: center;\"><a href=\"\/blog\/wp-content\/uploads\/2015\/paikkakartta.jpg\"><img decoding=\"async\" style=\"border: 0px none; margin: 5px;\" src=\"\/blog\/wp-content\/uploads\/2015\/paikkakartta.jpg\" alt=\"\" \/><\/a><\/p>\n<p style=\"text-align: center;\"><em>Kanadan pirstaleinen puoluekannatus<\/em><\/p>\n<p style=\"text-align: justify;\">Uuden parlamentin maantieteellisen asetelman vaikutusta p\u00e4\u00e4t\u00f6ksentekoon tulee olla kiintoisa katsella, mutta liberaalien selv\u00e4 enemmist\u00f6 turvaa kuitenkin puolueelle vapaat k\u00e4det l\u00e4hte\u00e4 toteuttamaan politiikkaansa.<\/p>\n<p style=\"text-align: justify;\">Vaalien seuraaminen eilen oli kiintoisaa puuhaa ja vaalivirkailijat laskivat annetut noin 17,5 miljoonaa \u00e4\u00e4nt\u00e4 nopeasti. Kuuden aikavy\u00f6hykkeen alueelle levitt\u00e4ytyv\u00e4ss\u00e4 maassa tuloksia alettiin julkaista it\u00e4isist\u00e4 provinsseista samaan aikaan kun l\u00e4ntisiss\u00e4 provinsseissa viel\u00e4 \u00e4\u00e4nestettiin. Kyse on ensimm\u00e4inen kerta kun tuloksia alettiin julkistaa \u00e4\u00e4nestyksen ollessa viel\u00e4 kesken, mit\u00e4 on arvosteltu jonkin verran.<\/p>\n<p style=\"text-align: justify;\">Ennakko\u00e4\u00e4nien my\u00f6t\u00e4 tilanne alkoi selkeyty\u00e4 jo ensimm\u00e4isen tunnin j\u00e4lkeen ja <a href=\"https:\/\/www.vuosiamaailmalla.fi\/?p=5348\">yleisradioyhti\u00f6 <em>CBC<\/em><\/a> julisti liberaalit voittajaksi jo noin puoli seitsem\u00e4lt\u00e4 Tyynenmeren aikaa. Ainoa j\u00e4nnityksen aihe seuraavien tuntien aikana olikin en\u00e4\u00e4, saisivatko liberaalit enemmist\u00f6hallituksen, mik\u00e4 sekin varmistui iltayhdeks\u00e4\u00e4n menness\u00e4. T\u00e4m\u00e4n j\u00e4lkeen taistelua oli en\u00e4\u00e4 yksitt\u00e4isist\u00e4 paikoista, puoluejohtajien onnitellessa toisiaan ja pit\u00e4ess\u00e4 puheita tukijoukoilleen.<\/p>\n<p style=\"text-align: justify;\">Vaaleja pystyi seurata televisiosta ja netist\u00e4, jossa tulokset p\u00e4ivittyiv\u00e4t reaaliajassa ja keskustelu k\u00e4vi koko illan kuumana. Kuumana se jatkuu varmaan viel\u00e4 l\u00e4hip\u00e4iv\u00e4tkin, mutta kaikesta konservatiivien pelottelusta huolimatta aurinko nousi t\u00e4n\u00e4\u00e4nkin ja el\u00e4m\u00e4 n\u00e4ytt\u00e4\u00e4 jatkuvan uudesta hallituksesta huolimatta.<\/p>\n","protected":false},"excerpt":{"rendered":"<p>Nyt kun Kanadan eiliset parlamenttivaalit ovat ohitse, on puolueilla, lehdist\u00f6ll\u00e4 sek\u00e4 tavallisilla kanadalaisilla ollut pieni hetki aikaa pureskella vaalien yll\u00e4tystulosta. Altavastaajana kisaan l\u00e4hteneet liberaalit onnistuivat loppukirins\u00e4 ansiosta per\u00e4ti viisinkertaistamaan paikkam\u00e4\u00e4r\u00e4ns\u00e4 parlamentissa 36 paikasta 184:\u00e4\u00e4n. Se tarkoittaa per\u00e4ti 148 uutta paikkaa ja on selv\u00e4sti yli enemmist\u00f6hallitukseen vaadittavat 170 parlamenttipaikkaa. T\u00e4m\u00e4 tarkoittaa, ett\u00e4 hallituksen muodostaminen tulee olemaan &hellip; <a href=\"https:\/\/www.vuosiamaailmalla.fi\/blog\/2015\/vaalituloksen-takana\/\" class=\"more-link\">Jatka lukemista<span class=\"screen-reader-text\"> &#8221;Eilisen vaalituloksen taustalla&#8221;<\/span><\/a><\/p>\n","protected":false},"author":1,"featured_media":8956,"comment_status":"open","ping_status":"open","sticky":false,"template":"","format":"standard","meta":{"_jetpack_memberships_contains_paid_content":false,"footnotes":""},"categories":[17,3],"tags":[25,133,935,155,297],"class_list":["post-7308","post","type-post","status-publish","format-standard","has-post-thumbnail","hentry","category-arki-kanadassa","category-arki-ulkomailla","tag-ajankohtaista","tag-hassua","tag-kanada","tag-kanadalainen-juttu","tag-vaalit"],"jetpack_featured_media_url":"https:\/\/www.vuosiamaailmalla.fi\/blog\/wp-content\/uploads\/paikkakartta_banner.jpg","jetpack_sharing_enabled":true,"_links":{"self":[{"href":"https:\/\/www.vuosiamaailmalla.fi\/blog\/wp-json\/wp\/v2\/posts\/7308","targetHints":{"allow":["GET"]}}],"collection":[{"href":"https:\/\/www.vuosiamaailmalla.fi\/blog\/wp-json\/wp\/v2\/posts"}],"about":[{"href":"https:\/\/www.vuosiamaailmalla.fi\/blog\/wp-json\/wp\/v2\/types\/post"}],"author":[{"embeddable":true,"href":"https:\/\/www.vuosiamaailmalla.fi\/blog\/wp-json\/wp\/v2\/users\/1"}],"replies":[{"embeddable":true,"href":"https:\/\/www.vuosiamaailmalla.fi\/blog\/wp-json\/wp\/v2\/comments?post=7308"}],"version-history":[{"count":4,"href":"https:\/\/www.vuosiamaailmalla.fi\/blog\/wp-json\/wp\/v2\/posts\/7308\/revisions"}],"predecessor-version":[{"id":13944,"href":"https:\/\/www.vuosiamaailmalla.fi\/blog\/wp-json\/wp\/v2\/posts\/7308\/revisions\/13944"}],"wp:featuredmedia":[{"embeddable":true,"href":"https:\/\/www.vuosiamaailmalla.fi\/blog\/wp-json\/wp\/v2\/media\/8956"}],"wp:attachment":[{"href":"https:\/\/www.vuosiamaailmalla.fi\/blog\/wp-json\/wp\/v2\/media?parent=7308"}],"wp:term":[{"taxonomy":"category","embeddable":true,"href":"https:\/\/www.vuosiamaailmalla.fi\/blog\/wp-json\/wp\/v2\/categories?post=7308"},{"taxonomy":"post_tag","embeddable":true,"href":"https:\/\/www.vuosiamaailmalla.fi\/blog\/wp-json\/wp\/v2\/tags?post=7308"}],"curies":[{"name":"wp","href":"https:\/\/api.w.org\/{rel}","templated":true}]}}