{"id":7369,"date":"2015-10-26T10:20:48","date_gmt":"2015-10-26T17:20:48","guid":{"rendered":"http:\/\/13.53.127.146\/?p=7369"},"modified":"2016-12-20T19:53:41","modified_gmt":"2016-12-21T03:53:41","slug":"whyte-lake","status":"publish","type":"post","link":"https:\/\/www.vuosiamaailmalla.fi\/blog\/2015\/whyte-lake\/","title":{"rendered":"Whyte Lake"},"content":{"rendered":"<p style=\"text-align: justify;\">Puolipoutainen sunnuntai tarjosi mit\u00e4 parhaimman kelin l\u00e4hte\u00e4 tallaamaan polkuja mets\u00e4\u00e4n ja t\u00e4ll\u00e4 kertaa kohteemme oli West Vancouverissa sijaitseva pieni Whyte Laken mets\u00e4lampi. Kyseinen reitti ei ole ollut tiedossamme viel\u00e4 pitk\u00e4\u00e4n, mutta se on ollut jo pitk\u00e4\u00e4n paikallisten suosima ulkoilureitti ja polku on hyv\u00e4ss\u00e4 kunnossa.<\/p>\n<p><!--more--><\/p>\n<p style=\"text-align: center;\"><a href=\"\/blog\/wp-content\/uploads\/2015\/upper_levels_highway1.jpg\"><img decoding=\"async\" style=\"border: 0px none; margin: 5px;\" src=\"\/blog\/wp-content\/uploads\/2015\/thumbs\/thumbs_upper_levels_highway1.jpg\" alt=\"\" \/><\/a><a href=\"\/blog\/wp-content\/uploads\/2015\/upper_levels_highway2.jpg\"><img decoding=\"async\" style=\"border: 0px none; margin: 5px;\" src=\"\/blog\/wp-content\/uploads\/2015\/thumbs\/thumbs_upper_levels_highway2.jpg\" alt=\"\" \/><\/a><\/p>\n<p style=\"text-align: center;\"><em>Ison tien alitus<\/em><\/p>\n<p style=\"text-align: justify;\">Polku lammelle l\u00e4htee aivan <em>Upper Levels Highwayn<\/em> vierelt\u00e4 ja alittaa ensiksi tien. Tien toisella puolella reitti kulkee hetken aikaa yl\u00f6s jyrkk\u00e4\u00e4 huoltotien laitaa, ennen sujahtamistaan sis\u00e4lle mets\u00e4\u00e4n. Mets\u00e4ss\u00e4 valtatien melu alkaa hiljalleen j\u00e4\u00e4d\u00e4 taakse ja pian ollaankin rauhallisen mets\u00e4n keskell\u00e4. Polkua on helppo seurata, sill\u00e4 p\u00e4\u00e4osan matkasta se kulkee hyvin merkitty\u00e4 reitti\u00e4 Nelson Canyonin pohjaa pitkin.<\/p>\n<p style=\"text-align: center;\"><a href=\"\/blog\/wp-content\/uploads\/2015\/whyte_lake_polku2.jpg\"><img decoding=\"async\" style=\"border: 0px none; margin: 5px;\" src=\"\/blog\/wp-content\/uploads\/2015\/thumbs\/thumbs_whyte_lake_polku2.jpg\" alt=\"\" \/><\/a><a href=\"\/blog\/wp-content\/uploads\/2015\/whyte_lake_polku6.jpg\"><img decoding=\"async\" style=\"border: 0px none; margin: 5px;\" src=\"\/blog\/wp-content\/uploads\/2015\/thumbs\/thumbs_whyte_lake_polku6.jpg\" alt=\"\" \/><\/a><a href=\"\/blog\/wp-content\/uploads\/2015\/whyte_lake_polku5.jpg\"><img decoding=\"async\" style=\"border: 0px none; margin: 5px;\" src=\"\/blog\/wp-content\/uploads\/2015\/thumbs\/thumbs_whyte_lake_polku5.jpg\" alt=\"\" \/><\/a><br \/>\n<a href=\"\/blog\/wp-content\/uploads\/2015\/whyte_lake_polku4.jpg\"><img decoding=\"async\" style=\"border: 0px none; margin: 5px;\" src=\"\/blog\/wp-content\/uploads\/2015\/thumbs\/thumbs_whyte_lake_polku4.jpg\" alt=\"\" \/><\/a><a href=\"\/blog\/wp-content\/uploads\/2015\/whyte_lake_polku1.jpg\"><img decoding=\"async\" style=\"border: 0px none; margin: 5px;\" src=\"\/blog\/wp-content\/uploads\/2015\/thumbs\/thumbs_whyte_lake_polku1.jpg\" alt=\"\" \/><\/a><a href=\"\/blog\/wp-content\/uploads\/2015\/whyte_lake_polku3.jpg\"><img decoding=\"async\" style=\"border: 0px none; margin: 5px;\" src=\"\/blog\/wp-content\/uploads\/2015\/thumbs\/thumbs_whyte_lake_polku3.jpg\" alt=\"\" \/><\/a><\/p>\n<p style=\"text-align: center;\"><em>Mukava polku Whyte Lakelle<\/em><\/p>\n<p style=\"text-align: justify;\">Matkaa lammelle kertyy noin kaksi ja puoli kilometri\u00e4, ja nousua sellaiset 160 metri\u00e4. Perill\u00e4 odottaa pieni mets\u00e4lampi, jonka rantaan on rakennettu kaatuneiden tukkien p\u00e4\u00e4lle lyhyt laituri. Matkalla yl\u00f6s kohtasimmekin jatkuvasti vastaantulevia ihmisi\u00e4, mutta itse lammella saimme viett\u00e4\u00e4 hetken ihan vaan kahdestaan.<\/p>\n<p style=\"text-align: center;\"><a href=\"\/blog\/wp-content\/uploads\/2015\/whyte_lake1.jpg\"><img decoding=\"async\" style=\"border: 0px none; margin: 5px;\" src=\"\/blog\/wp-content\/uploads\/2015\/thumbs\/thumbs_whyte_lake1.jpg\" alt=\"\" \/><\/a><a href=\"\/blog\/wp-content\/uploads\/2015\/whyte_lake2.jpg\"><img decoding=\"async\" style=\"border: 0px none; margin: 5px;\" src=\"\/blog\/wp-content\/uploads\/2015\/thumbs\/thumbs_whyte_lake2.jpg\" alt=\"\" \/><\/a><\/p>\n<p style=\"text-align: center;\"><em>Rauhallinen mets\u00e4lampi<\/em><\/p>\n<p style=\"text-align: justify;\">Viiden kilometrin pituinen lyhyt vaellus oli oikein mukava ulkoilu lupsakassa keliss\u00e4. Whyte Lakelta on my\u00f6s mahdollista jatkaa matkaa viel\u00e4 eteenp\u00e4in ja nousta aina <a href=\"https:\/\/www.vuosiamaailmalla.fi\/?p=2211\">Eagle Bluffsille<\/a> saakka, tosin nousu kielekkeelle lienee jyrkk\u00e4 ja vaatii kulkijalta viel\u00e4 runsaasti lis\u00e4motivaatiota. \ud83d\ude42<\/p>\n","protected":false},"excerpt":{"rendered":"<p>Puolipoutainen sunnuntai tarjosi mit\u00e4 parhaimman kelin l\u00e4hte\u00e4 tallaamaan polkuja mets\u00e4\u00e4n ja t\u00e4ll\u00e4 kertaa kohteemme oli West Vancouverissa sijaitseva pieni Whyte Laken mets\u00e4lampi. Kyseinen reitti ei ole ollut tiedossamme viel\u00e4 pitk\u00e4\u00e4n, mutta se on ollut jo pitk\u00e4\u00e4n paikallisten suosima ulkoilureitti ja polku on hyv\u00e4ss\u00e4 kunnossa.<\/p>\n","protected":false},"author":1,"featured_media":8681,"comment_status":"open","ping_status":"open","sticky":false,"template":"","format":"standard","meta":{"_jetpack_memberships_contains_paid_content":false,"footnotes":""},"categories":[17,3,774,775],"tags":[34,935,938,943,1026],"class_list":["post-7369","post","type-post","status-publish","format-standard","has-post-thumbnail","hentry","category-arki-kanadassa","category-arki-ulkomailla","category-ulkoilu","category-vaellus-ulkoilu","tag-arki","tag-kanada","tag-vaellus","tag-west-vancouver","tag-whyte-lake"],"jetpack_featured_media_url":"https:\/\/www.vuosiamaailmalla.fi\/blog\/wp-content\/uploads\/whyte_lake_banner.jpg","jetpack_sharing_enabled":true,"_links":{"self":[{"href":"https:\/\/www.vuosiamaailmalla.fi\/blog\/wp-json\/wp\/v2\/posts\/7369","targetHints":{"allow":["GET"]}}],"collection":[{"href":"https:\/\/www.vuosiamaailmalla.fi\/blog\/wp-json\/wp\/v2\/posts"}],"about":[{"href":"https:\/\/www.vuosiamaailmalla.fi\/blog\/wp-json\/wp\/v2\/types\/post"}],"author":[{"embeddable":true,"href":"https:\/\/www.vuosiamaailmalla.fi\/blog\/wp-json\/wp\/v2\/users\/1"}],"replies":[{"embeddable":true,"href":"https:\/\/www.vuosiamaailmalla.fi\/blog\/wp-json\/wp\/v2\/comments?post=7369"}],"version-history":[{"count":0,"href":"https:\/\/www.vuosiamaailmalla.fi\/blog\/wp-json\/wp\/v2\/posts\/7369\/revisions"}],"wp:featuredmedia":[{"embeddable":true,"href":"https:\/\/www.vuosiamaailmalla.fi\/blog\/wp-json\/wp\/v2\/media\/8681"}],"wp:attachment":[{"href":"https:\/\/www.vuosiamaailmalla.fi\/blog\/wp-json\/wp\/v2\/media?parent=7369"}],"wp:term":[{"taxonomy":"category","embeddable":true,"href":"https:\/\/www.vuosiamaailmalla.fi\/blog\/wp-json\/wp\/v2\/categories?post=7369"},{"taxonomy":"post_tag","embeddable":true,"href":"https:\/\/www.vuosiamaailmalla.fi\/blog\/wp-json\/wp\/v2\/tags?post=7369"}],"curies":[{"name":"wp","href":"https:\/\/api.w.org\/{rel}","templated":true}]}}