{"id":7372,"date":"2015-10-27T09:05:00","date_gmt":"2015-10-27T16:05:00","guid":{"rendered":"http:\/\/13.53.127.146\/?p=7372"},"modified":"2021-01-20T20:15:49","modified_gmt":"2021-01-21T04:15:49","slug":"kevainen-chile-kutsuu","status":"publish","type":"post","link":"https:\/\/www.vuosiamaailmalla.fi\/blog\/2015\/kevainen-chile-kutsuu\/","title":{"rendered":"Kev\u00e4inen Chile kutsuu"},"content":{"rendered":"<p style=\"text-align: justify;\">Viikon p\u00e4\u00e4st\u00e4 perjantaina l\u00e4hdemme t\u00e4m\u00e4n vuoden ainoalle varsinaiselle lomamatkalle, kun matkustamme <a href=\"https:\/\/www.vuosiamaailmalla.fi\/?p=3097\">Toronton<\/a> kautta Chilen p\u00e4\u00e4kaupunkiin Santiagoon! Pitk\u00e4t lennot viev\u00e4t meid\u00e4t meid\u00e4t syksyisest\u00e4 Vancouverista keskelle etel\u00e4isen pallonpuoliskon kev\u00e4tt\u00e4 sek\u00e4 aivan uudenlaista kulttuuriymp\u00e4rist\u00f6\u00e4. Andien vuoriston helmassa sijaitsevan Santiagon sanotaan olevan kaunis kaupunki pitk\u00e4ll\u00e4 espanjalaisella historialla, mit\u00e4 on varmasti kiintoisaa tutkia kahdestaan.<\/p>\n<p style=\"text-align: justify;\">Koukkaamme matkallamme my\u00f6s nelj\u00e4 y\u00f6t\u00e4 maailman eristyneimm\u00e4ll\u00e4 saarella, mystisist\u00e4 Moai-patsaistaan kuuluisalla P\u00e4\u00e4si\u00e4issaarella keskell\u00e4 etel\u00e4ist\u00e4 tyynt\u00e4merta. Trooppinen saari tuo lomaamme viel\u00e4 aivan omanlaisensa lis\u00e4n, toimien totaalisena vastakohtana vuoristoiselle Santiagolle.<\/p>\n<p style=\"text-align: justify;\">Jos ei oteta huomioon Niinan <a href=\"https:\/\/www.vuosiamaailmalla.fi\/?p=2639\">joulukuussa 2013<\/a> Sydneyhyn tekem\u00e4\u00e4 ty\u00f6matkaa, on kyse ensimm\u00e4isest\u00e4 lomamatkastamme Pohjois-Amerikan ulkopuolelle sitten vuoden 2010 <a href=\"https:\/\/www.vuosiamaailmalla.fi\/?p=1842\">Dubain matkamme<\/a> ja siksi odotammekin hyvin erilaisiin maisemiin viev\u00e4\u00e4 Etel\u00e4-Amerikan matkaamme jo kovasti. T\u00e4st\u00e4 matkasta toivottavasti pian matkan j\u00e4lkeen my\u00f6s kuvia ja tarinaa t\u00e4\u00e4ll\u00e4 blogin puolella.<\/p>\n","protected":false},"excerpt":{"rendered":"<p>Viikon p\u00e4\u00e4st\u00e4 perjantaina l\u00e4hdemme t\u00e4m\u00e4n vuoden ainoalle varsinaiselle lomamatkalle, kun matkustamme Toronton kautta Chilen p\u00e4\u00e4kaupunkiin Santiagoon! Pitk\u00e4t lennot viev\u00e4t meid\u00e4t meid\u00e4t syksyisest\u00e4 Vancouverista keskelle etel\u00e4isen pallonpuoliskon kev\u00e4tt\u00e4 sek\u00e4 aivan uudenlaista kulttuuriymp\u00e4rist\u00f6\u00e4. Andien vuoriston helmassa sijaitsevan Santiagon sanotaan olevan kaunis kaupunki pitk\u00e4ll\u00e4 espanjalaisella historialla, mit\u00e4 on varmasti kiintoisaa tutkia kahdestaan. Koukkaamme matkallamme my\u00f6s nelj\u00e4 y\u00f6t\u00e4 maailman &hellip; <a href=\"https:\/\/www.vuosiamaailmalla.fi\/blog\/2015\/kevainen-chile-kutsuu\/\" class=\"more-link\">Jatka lukemista<span class=\"screen-reader-text\"> &#8221;Kev\u00e4inen Chile kutsuu&#8221;<\/span><\/a><\/p>\n","protected":false},"author":1,"featured_media":0,"comment_status":"open","ping_status":"open","sticky":false,"template":"","format":"standard","meta":{"_jetpack_memberships_contains_paid_content":false,"footnotes":""},"categories":[1009,7],"tags":[1028,1027,1029],"class_list":["post-7372","post","type-post","status-publish","format-standard","hentry","category-chile","category-matkakertomukset","tag-chile","tag-matkakertomus-chile-paasiaissaari","tag-paasiaissaari"],"jetpack_featured_media_url":"","jetpack_sharing_enabled":true,"_links":{"self":[{"href":"https:\/\/www.vuosiamaailmalla.fi\/blog\/wp-json\/wp\/v2\/posts\/7372","targetHints":{"allow":["GET"]}}],"collection":[{"href":"https:\/\/www.vuosiamaailmalla.fi\/blog\/wp-json\/wp\/v2\/posts"}],"about":[{"href":"https:\/\/www.vuosiamaailmalla.fi\/blog\/wp-json\/wp\/v2\/types\/post"}],"author":[{"embeddable":true,"href":"https:\/\/www.vuosiamaailmalla.fi\/blog\/wp-json\/wp\/v2\/users\/1"}],"replies":[{"embeddable":true,"href":"https:\/\/www.vuosiamaailmalla.fi\/blog\/wp-json\/wp\/v2\/comments?post=7372"}],"version-history":[{"count":2,"href":"https:\/\/www.vuosiamaailmalla.fi\/blog\/wp-json\/wp\/v2\/posts\/7372\/revisions"}],"predecessor-version":[{"id":11280,"href":"https:\/\/www.vuosiamaailmalla.fi\/blog\/wp-json\/wp\/v2\/posts\/7372\/revisions\/11280"}],"wp:attachment":[{"href":"https:\/\/www.vuosiamaailmalla.fi\/blog\/wp-json\/wp\/v2\/media?parent=7372"}],"wp:term":[{"taxonomy":"category","embeddable":true,"href":"https:\/\/www.vuosiamaailmalla.fi\/blog\/wp-json\/wp\/v2\/categories?post=7372"},{"taxonomy":"post_tag","embeddable":true,"href":"https:\/\/www.vuosiamaailmalla.fi\/blog\/wp-json\/wp\/v2\/tags?post=7372"}],"curies":[{"name":"wp","href":"https:\/\/api.w.org\/{rel}","templated":true}]}}