{"id":7374,"date":"2010-03-06T12:53:00","date_gmt":"2010-03-06T20:53:00","guid":{"rendered":"http:\/\/13.53.127.146\/?p=7374"},"modified":"2021-02-25T21:18:03","modified_gmt":"2021-02-26T05:18:03","slug":"paholaiskukkulan-hylatty-tutka-asema","status":"publish","type":"post","link":"https:\/\/www.vuosiamaailmalla.fi\/blog\/2010\/paholaiskukkulan-hylatty-tutka-asema\/","title":{"rendered":"Paholaiskukkulan hyl\u00e4tty tutka-asema"},"content":{"rendered":"<p style=\"text-align: justify;\">Berliini on urbaanien l\u00f6yt\u00f6retkeilij\u00f6iden paratiisi, sill\u00e4 kaupungista l\u00f6ytyy valtavasti hyl\u00e4ttyj\u00e4 paikkoja, joilla on mielenkiintoisia taustoja. Kenties yksi mystisimmist\u00e4 paikoista on L\u00e4nsi-Berliiniss\u00e4 <a href=\"https:\/\/www.vuosiamaailmalla.fi\/?p=4118\">Grunewaldin kaupunginosan<\/a> pohjoispuolella sijaitseva &#8221;paholaiskukkula&#8221; eli Teufelsberg. T\u00e4m\u00e4 Berliinin korkein piste kohoaa noin 80 metri\u00e4 ymp\u00e4r\u00f6iv\u00e4n maaston yl\u00e4puolelle ja on ymp\u00e4ri kaupunkia n\u00e4kyv\u00e4 maamerkki. Erityisesti katseen kiinnitt\u00e4v\u00e4t kaukaa ihmeellisen muotoiset rakennukset kukkulan huipulla, jotka n\u00e4ytt\u00e4v\u00e4t et\u00e4\u00e4lt\u00e4 palloilta jonkinlaisten siilojen katolla.<\/p>\n<p><!--more--><\/p>\n<p style=\"text-align: center;\"><a href=\"\/blog\/wp-content\/uploads\/2011\/funkturm_siegessaulesta.jpg\"><img decoding=\"async\" style=\"border: 0px none; margin: 5px;\" src=\"\/blog\/wp-content\/uploads\/2011\/funkturm_siegessaulesta.jpg\" alt=\"\" \/><\/a><\/p>\n<p style=\"text-align: center;\"><em>Teufelsbergin kukkula <a href=\"https:\/\/www.vuosiamaailmalla.fi\/?p=2386\">Siegess\u00e4ulen<\/a> huipulta n\u00e4htyn\u00e4<br \/>\n<\/em><\/p>\n<p style=\"text-align: justify;\">Teufelsberg ei ole kuitenkaan luonnon muovaama, vaan todellisuudessa mets\u00e4n alle k\u00e4tkeytyy jotain melko odottamatonta. Nimitt\u00e4in 1940-luvulla kumpareen paikalla sijaitsi Albert Speering suunnittelema suuri sotilaskorkeakoulu, joka j\u00e4i kuitenkin sodan vuoksi natseilta kesken. Sodan p\u00e4\u00e4tytty\u00e4 liittoutuneet yrittiv\u00e4t r\u00e4j\u00e4ytt\u00e4\u00e4 valtavan betonirakennuksen kappaleiksi, siin\u00e4 kuitenkin onnistumatta. Helpommaksi vaihtoehdoksi osoittautuikin haudata koko j\u00e4ttim\u00e4inen kompleksi.<\/p>\n<p style=\"text-align: center;\"><a href=\"\/blog\/wp-content\/uploads\/2011\/teufelsberg_funkturmista2.jpg\"><img decoding=\"async\" style=\"border: 0px none; margin: 5px;\" src=\"\/blog\/wp-content\/uploads\/2011\/thumbs\/thumbs_teufelsberg_funkturmista2.jpg\" alt=\"\" \/><\/a><a href=\"\/blog\/wp-content\/uploads\/2011\/teufelsberg_funkturmista1.jpg\"><img decoding=\"async\" style=\"border: 0px none; margin: 5px;\" src=\"\/blog\/wp-content\/uploads\/2011\/thumbs\/thumbs_teufelsberg_funkturmista1.jpg\" alt=\"\" \/><\/a><\/p>\n<p style=\"text-align: center;\"><em>Auringonlasku hyl\u00e4tyn tutka-aseman taakse<\/em><\/p>\n<p style=\"text-align: justify;\">Samaan aikaan kaikkialla Berliiniss\u00e4 raivattiin sodan pommituksissa raunioitununeen kaupungin j\u00e4\u00e4nn\u00f6ksi\u00e4, jotka piti kuljettaa jonnekin. T\u00e4st\u00e4 j\u00e4tteest\u00e4 syntyiv\u00e4t Berliinin monet nykyiset nyppyl\u00e4t kuten Teufelsberg, Volkspark Friedrichshainin kukkulat sek\u00e4 esimerkiksi Humbolth\u00f6he. Aluksi k\u00e4sipelill\u00e4 ja my\u00f6hemmin kuorma-autoilla Teufelsbergille k\u00e4rr\u00e4ttiin seuraavien vuosikymmenien aikana kymmenien miljoonien kuutiometrien edest\u00e4 raunioita ja j\u00e4tett\u00e4 L\u00e4nsi-Berliinin alueelta, luoden korkean tekokummun. J\u00e4tteiden dumppaus alueelle lopetettiin vuonna 1972, jolloin kumpareen p\u00e4\u00e4lle istutettiin mets\u00e4, joka hiljalleen verhosi kaiken alleen.<\/p>\n<p style=\"text-align: center;\"><a href=\"\/blog\/wp-content\/uploads\/2010\/teufelsberg_tiilia1.jpg\"><img decoding=\"async\" style=\"border: 0px none; margin: 5px;\" src=\"\/blog\/wp-content\/uploads\/2010\/thumbs\/thumbs_teufelsberg_tiilia1.jpg\" alt=\"\" \/><\/a><a href=\"\/blog\/wp-content\/uploads\/2010\/teufelsberg_tiilia2.jpg\"><img decoding=\"async\" style=\"border: 0px none; margin: 5px;\" src=\"\/blog\/wp-content\/uploads\/2010\/thumbs\/thumbs_teufelsberg_tiilia2.jpg\" alt=\"\" \/><\/a><\/p>\n<p style=\"text-align: center;\"><em>Tiili\u00e4 n\u00e4kee edelleen kaikkialla<\/em><\/p>\n<p style=\"text-align: center;\"><a href=\"\/blog\/wp-content\/uploads\/2010\/ylikasvanut_polku2.jpg\"><img decoding=\"async\" style=\"border: 0px none; margin: 5px;\" src=\"\/blog\/wp-content\/uploads\/2010\/thumbs\/thumbs_ylikasvanut_polku2.jpg\" alt=\"\" \/><\/a><a href=\"\/blog\/wp-content\/uploads\/2010\/ylikasvanut_polku1.jpg\"><img decoding=\"async\" style=\"border: 0px none; margin: 5px;\" src=\"\/blog\/wp-content\/uploads\/2010\/thumbs\/thumbs_ylikasvanut_polku1.jpg\" alt=\"\" \/><\/a><\/p>\n<p style=\"text-align: center;\"><em>Alue on pahasti ylikasvanutta<\/em><\/p>\n<p style=\"text-align: center;\"><iframe loading=\"lazy\" src=\"https:\/\/www.youtube-nocookie.com\/embed\/PM9cS4wgoVM?rel=0\" width=\"640\" height=\"360\" frameborder=\"0\" allowfullscreen=\"allowfullscreen\"><\/iframe><\/p>\n<p style=\"text-align: center;\"><em>Ilmakuvaa alueesta<\/em><\/p>\n<p style=\"text-align: justify;\">It\u00e4-Saksan pystytetty\u00e4 Berliinin muurin vuonna 1961, kiinnostuivat amerikkalaiset Teufelsbergin hy\u00f6dynt\u00e4misest\u00e4 ymp\u00e4r\u00f6iv\u00e4n It\u00e4-Saksan vakoilussa. Yhdysvaltojen tiedostelupalvelu <em>NSA<\/em> rakennuttikin t\u00e4lle brittien sektorilla sijaitsevan kukkulan huipulle suuren tutka-aseman, jonka on huhuttu kuuluneen maailmanlaajuiseen vakoiluverkosto <em>ECHELON:iin<\/em>. Aseman avulla amerikkalaiset pystyiv\u00e4t vakoilemaan suurta osaa It\u00e4-Berliinin puoleisesta radio- ja teleliikenteest\u00e4. Aseman vastaanottamien signaalien teho kuitenkin vaihteli mystisesti vuodenajan mukaan. Syyksi paljastui muutaman kilometrin p\u00e4\u00e4ss\u00e4 Zehlendorfissa syksyisin pidetyt markkinat, joille pystytetty maailmanpy\u00f6r\u00e4 toimi et\u00e4isen lis\u00e4antennin tavoin. T\u00e4m\u00e4n havainnon j\u00e4lkeen maailmanpy\u00f6r\u00e4n annettiin seist\u00e4 paikallaan pidennettyj\u00e4 aikoja markkinoiden j\u00e4lkeenkin, salakuuntelun tehostamiseksi.<\/p>\n<p style=\"text-align: justify;\">Toiminta tuli loppuun <a href=\"https:\/\/www.vuosiamaailmalla.fi\/?p=3383\">Berliinin muurin murruttua<\/a> ja vuonna 1992 NSA tyhjensi ja hylk\u00e4si koko aseman. 90-luvun suuren rakennusbuumin innostamana kukkulan osti itselleen sijoittajaryhm\u00e4, joka suunnitteli sinne Berliinin parhailla maisemilla sijaitsevaa hotelli- ja kylpyl\u00e4keskusta. Suunnitelma ei kuitenkaan koskaan toteutunut ja entisen tutka-aseman rauniot kohoavat viel\u00e4 t\u00e4n\u00e4 p\u00e4iv\u00e4n\u00e4kin nyppyl\u00e4n huipulla.<\/p>\n<p style=\"text-align: center;\"><a href=\"\/blog\/wp-content\/uploads\/2010\/teufelsberg_rauniot1.jpg\"><img decoding=\"async\" style=\"border: 0px none; margin: 5px;\" src=\"\/blog\/wp-content\/uploads\/2010\/thumbs\/thumbs_teufelsberg_rauniot1.jpg\" alt=\"\" \/><\/a><a href=\"\/blog\/wp-content\/uploads\/2010\/teufelsberg_rauniot2.jpg\"><img decoding=\"async\" style=\"border: 0px none; margin: 5px;\" src=\"\/blog\/wp-content\/uploads\/2010\/thumbs\/thumbs_teufelsberg_rauniot2.jpg\" alt=\"\" \/><\/a><\/p>\n<p style=\"text-align: center;\"><em>Mystinen kuunteluasema<\/em><\/p>\n<p style=\"text-align: center;\"><a href=\"\/blog\/wp-content\/uploads\/2010\/teufelsberg_rauniot3.jpg\"><img decoding=\"async\" style=\"border: 0px none; margin: 5px;\" src=\"\/blog\/wp-content\/uploads\/2010\/thumbs\/thumbs_teufelsberg_rauniot3.jpg\" alt=\"\" \/><\/a><a href=\"\/blog\/wp-content\/uploads\/2010\/teufelsberg_rauniot5.jpg\"><img decoding=\"async\" style=\"border: 0px none; margin: 5px;\" src=\"\/blog\/wp-content\/uploads\/2010\/thumbs\/thumbs_teufelsberg_rauniot5.jpg\" alt=\"\" \/><\/a><a href=\"\/blog\/wp-content\/uploads\/2010\/teufelsberg_rauniot4.jpg\"><img decoding=\"async\" style=\"border: 0px none; margin: 5px;\" src=\"\/blog\/wp-content\/uploads\/2010\/thumbs\/thumbs_teufelsberg_rauniot4.jpg\" alt=\"\" \/><\/a><\/p>\n<p style=\"text-align: center;\"><em>Nykyisin koko paikka on raunioina<\/em><\/p>\n<p style=\"text-align: justify;\">Alue kuitenkin aidattiin ja sit\u00e4 alettiin vartioida, mutta t\u00e4st\u00e4 huolimatta ihmiset ovat jo vuosien ajan tunkeutuneet aitojen l\u00e4pi alueelle, joka on sittemmin t\u00e4ysin vandalisoitu. Tuulessa lepattavat ja graffiteilla t\u00f6hrityt rakennukset ovatkin melko mystinen kohde vierailla ja paikalla vierailee paljon uteliaita.<\/p>\n<p style=\"text-align: center;\"><a href=\"\/blog\/wp-content\/uploads\/2010\/teufelsberg_portti.jpg\"><img decoding=\"async\" style=\"border: 0px none; margin: 5px;\" src=\"\/blog\/wp-content\/uploads\/2010\/teufelsberg_portti.jpg\" alt=\"\" \/><\/a><\/p>\n<p style=\"text-align: center;\"><em>Aitaus ei ole pid\u00e4tellyt vandalisteja<\/em><\/p>\n<p style=\"text-align: justify;\">Me emme ole tunkeutuneet itse alueen sis\u00e4puolelle (<a href=\"https:\/\/www.youtube.com\/watch?v=BPUjT8XiSxg\">360-asteen video<\/a> sis\u00e4lt\u00e4), mutta jo ulkoap\u00e4in hyl\u00e4tty kompleksi kutkuttaa mielikuvitusta siell\u00e4 aiemmin suoritetusta toiminnasta. Kutkuttavaa on my\u00f6s ajatella jalkojensa alla sijaitsevan tuhansien sodassa tuhoutuneiden rakennusten rauniot sek\u00e4 varmasti paljon jo aika p\u00e4ivi\u00e4 sitten maatuneita ruumiinosia.<\/p>\n<p style=\"text-align: center;\"><a href=\"\/blog\/wp-content\/uploads\/2010\/maisema_teufelsbergilta1.jpg\"><img decoding=\"async\" style=\"border: 0px none; margin: 5px;\" src=\"\/blog\/wp-content\/uploads\/2010\/thumbs\/thumbs_maisema_teufelsbergilta1.jpg\" alt=\"\" \/><\/a><a href=\"\/blog\/wp-content\/uploads\/2010\/maisema_teufelsbergilta2.jpg\"><img decoding=\"async\" style=\"border: 0px none; margin: 5px;\" src=\"\/blog\/wp-content\/uploads\/2010\/thumbs\/thumbs_maisema_teufelsbergilta2.jpg\" alt=\"\" \/><\/a><a href=\"\/blog\/wp-content\/uploads\/2010\/maisema_teufelsbergilta5.jpg\"><img decoding=\"async\" style=\"border: 0px none; margin: 5px;\" src=\"\/blog\/wp-content\/uploads\/2010\/thumbs\/thumbs_maisema_teufelsbergilta5.jpg\" alt=\"\" \/><\/a><\/p>\n<p style=\"text-align: center;\"><em><a href=\"https:\/\/www.vuosiamaailmalla.fi\/?p=7017\">Funkturm<\/a> ja Berliinin keskustat kukkulalta n\u00e4htyn\u00e4<\/em><\/p>\n<p style=\"text-align: justify;\">Vaikka kukkulan nykytila onkin kaikesta kiehtovuudestaan huolimatta sangen murheellinen, on vierailu siell\u00e4 kiintoisa retki ja paikalta aukeaa hienot maisemat ymp\u00e4rill\u00e4 sijaitsevaan l\u00e4ntiseen Berliiniin. Maisemaa katsoessa onkin helppo uskoa Teufelsbergin olleen varsin ideaali paikka vakoiluasemalle, joka tarkkaili koko it\u00e4ist\u00e4 (ja aivan varmasti my\u00f6s l\u00e4ntist\u00e4) Berliini\u00e4.<\/p>\n<p style=\"text-align: center;\"><a href=\"\/blog\/wp-content\/uploads\/2010\/maisema_teufelsbergilta4.jpg\"><img decoding=\"async\" style=\"border: 0px none; margin: 5px;\" src=\"\/blog\/wp-content\/uploads\/2010\/thumbs\/thumbs_maisema_teufelsbergilta4.jpg\" alt=\"\" \/><\/a><a href=\"\/blog\/wp-content\/uploads\/2010\/maisema_teufelsbergilta3.jpg\"><img decoding=\"async\" style=\"border: 0px none; margin: 5px;\" src=\"\/blog\/wp-content\/uploads\/2010\/thumbs\/thumbs_maisema_teufelsbergilta3.jpg\" alt=\"\" \/><\/a><\/p>\n<p style=\"text-align: center;\"><em>Olympiastadion sek\u00e4 ymp\u00e4r\u00f6iv\u00e4\u00e4 mets\u00e4\u00e4<\/em><\/p>\n","protected":false},"excerpt":{"rendered":"<p>Berliini on urbaanien l\u00f6yt\u00f6retkeilij\u00f6iden paratiisi, sill\u00e4 kaupungista l\u00f6ytyy valtavasti hyl\u00e4ttyj\u00e4 paikkoja, joilla on mielenkiintoisia taustoja. Kenties yksi mystisimmist\u00e4 paikoista on L\u00e4nsi-Berliiniss\u00e4 Grunewaldin kaupunginosan pohjoispuolella sijaitseva &#8221;paholaiskukkula&#8221; eli Teufelsberg. T\u00e4m\u00e4 Berliinin korkein piste kohoaa noin 80 metri\u00e4 ymp\u00e4r\u00f6iv\u00e4n maaston yl\u00e4puolelle ja on ymp\u00e4ri kaupunkia n\u00e4kyv\u00e4 maamerkki. Erityisesti katseen kiinnitt\u00e4v\u00e4t kaukaa ihmeellisen muotoiset rakennukset kukkulan huipulla, jotka &hellip; <a href=\"https:\/\/www.vuosiamaailmalla.fi\/blog\/2010\/paholaiskukkulan-hylatty-tutka-asema\/\" class=\"more-link\">Jatka lukemista<span class=\"screen-reader-text\"> &#8221;Paholaiskukkulan hyl\u00e4tty tutka-asema&#8221;<\/span><\/a><\/p>\n","protected":false},"author":1,"featured_media":11969,"comment_status":"open","ping_status":"open","sticky":false,"template":"","format":"standard","meta":{"_jetpack_memberships_contains_paid_content":false,"footnotes":""},"categories":[18,3],"tags":[49,835,90,133,139,172,522,190,925],"class_list":["post-7374","post","type-post","status-publish","format-standard","has-post-thumbnail","hentry","category-arki-saksassa","category-arki-ulkomailla","tag-berliini","tag-berlin-grunewald","tag-ddr","tag-hassua","tag-historiaa-2","tag-lansi-berliini","tag-natsi-saksa","tag-saksa","tag-teufelsberg"],"jetpack_featured_media_url":"https:\/\/www.vuosiamaailmalla.fi\/blog\/wp-content\/uploads\/teufelsberg_funkturmista_banner.jpg","jetpack_sharing_enabled":true,"_links":{"self":[{"href":"https:\/\/www.vuosiamaailmalla.fi\/blog\/wp-json\/wp\/v2\/posts\/7374","targetHints":{"allow":["GET"]}}],"collection":[{"href":"https:\/\/www.vuosiamaailmalla.fi\/blog\/wp-json\/wp\/v2\/posts"}],"about":[{"href":"https:\/\/www.vuosiamaailmalla.fi\/blog\/wp-json\/wp\/v2\/types\/post"}],"author":[{"embeddable":true,"href":"https:\/\/www.vuosiamaailmalla.fi\/blog\/wp-json\/wp\/v2\/users\/1"}],"replies":[{"embeddable":true,"href":"https:\/\/www.vuosiamaailmalla.fi\/blog\/wp-json\/wp\/v2\/comments?post=7374"}],"version-history":[{"count":3,"href":"https:\/\/www.vuosiamaailmalla.fi\/blog\/wp-json\/wp\/v2\/posts\/7374\/revisions"}],"predecessor-version":[{"id":11972,"href":"https:\/\/www.vuosiamaailmalla.fi\/blog\/wp-json\/wp\/v2\/posts\/7374\/revisions\/11972"}],"wp:featuredmedia":[{"embeddable":true,"href":"https:\/\/www.vuosiamaailmalla.fi\/blog\/wp-json\/wp\/v2\/media\/11969"}],"wp:attachment":[{"href":"https:\/\/www.vuosiamaailmalla.fi\/blog\/wp-json\/wp\/v2\/media?parent=7374"}],"wp:term":[{"taxonomy":"category","embeddable":true,"href":"https:\/\/www.vuosiamaailmalla.fi\/blog\/wp-json\/wp\/v2\/categories?post=7374"},{"taxonomy":"post_tag","embeddable":true,"href":"https:\/\/www.vuosiamaailmalla.fi\/blog\/wp-json\/wp\/v2\/tags?post=7374"}],"curies":[{"name":"wp","href":"https:\/\/api.w.org\/{rel}","templated":true}]}}