{"id":7469,"date":"2015-11-26T11:42:03","date_gmt":"2015-11-26T19:42:03","guid":{"rendered":"http:\/\/13.53.127.146\/?p=7469"},"modified":"2017-10-13T18:39:24","modified_gmt":"2017-10-14T01:39:24","slug":"kanada-esitteli-pakolaissuunnitelmansa","status":"publish","type":"post","link":"https:\/\/www.vuosiamaailmalla.fi\/blog\/2015\/kanada-esitteli-pakolaissuunnitelmansa\/","title":{"rendered":"Kanada esitteli pakolaissuunnitelmansa"},"content":{"rendered":"<p style=\"text-align: justify;\">Syyrian tilanne on ollut kuuma puheenaihe koko syksyn ajan my\u00f6s Atlantin t\u00e4ll\u00e4 puolella ja t\u00e4ll\u00e4 viikolla <a href=\"https:\/\/www.vuosiamaailmalla.fi\/?p=7290\">Kanadan uusi liberaalihallitus<\/a> esitteli suunnitelmansa syyrialaispakolaisten vastaanottoon. Jo <a href=\"https:\/\/www.vuosiamaailmalla.fi\/?p=6989\">kivaan vaalitaistelun<\/a> aikana liberaalipuolue linjasi yhten\u00e4 politiikkanaan, ett\u00e4 valtaan p\u00e4\u00e4stess\u00e4\u00e4n he my\u00f6nt\u00e4isiv\u00e4t turvapaikan 25 000 syyrialaiselle. Viel\u00e4 tuolloin puolue suunnitteli toteuttavansa lupauksen vuoden loppuun menness\u00e4, mutta pieni <em>reality check<\/em> siit\u00e4 ett\u00e4 vuotta on j\u00e4ljell\u00e4 en\u00e4\u00e4 viisi viikkoa, pakotti hallituksen muuttamaan suunnitelmiaan.<\/p>\n<p><!--more--><\/p>\n<p style=\"text-align: justify;\">Uuden suunnitelman mukaan Kanada tulee edelleen my\u00f6nt\u00e4m\u00e4\u00e4n turvapaikan 25 000 syyrialaiselle, mutta n\u00e4ist\u00e4 vain 10 000 odotetaan saapuvan maahan vuoden loppuun menness\u00e4 ja loppujen maaliskuun alkuun menness\u00e4. T\u00e4m\u00e4n vuoden lukemaan tullaan my\u00f6s sis\u00e4llytt\u00e4m\u00e4\u00e4n maahan jo aiemmin saapuneet yli 3000 syyrialaista, joten todellinen tulijam\u00e4\u00e4r\u00e4 vuoden loppuun menness\u00e4 on alle 7000. Ensijoukosta vain alle 400 arvioidaan asettuvan t\u00e4nne British Columbiaan, muiden asettautuessa Kanadan muihin provinsseihin, Quebecin ja Ontarion ottaessa vastaan suhteellisesti suurimman tulijam\u00e4\u00e4r\u00e4n.<\/p>\n<p style=\"text-align: center;\"><a href=\"\/blog\/wp-content\/uploads\/2015\/kanadan_lippu_hahmoja.jpg\"><img decoding=\"async\" style=\"border: 0px none; margin: 5px;\" src=\"\/blog\/wp-content\/uploads\/2015\/kanadan_lippu_hahmoja.jpg\" alt=\"\" \/><\/a><\/p>\n<p style=\"text-align: justify;\">Uutta suunnitelmassa on my\u00f6s, ett\u00e4 vain 15 000 syyrialaista tullaan ottamaan maahan Kanadan valtion sponsoroimana ja loput 10 000 otetaan vastaan yksityisten tahojen sponsoroimana eli k\u00e4yt\u00e4nn\u00f6ss\u00e4 t\u00e4\u00e4ll\u00e4 jo asuvien sukulaisten ja tuttavien kustantamana.<\/p>\n<p style=\"text-align: justify;\">Erona Euroopan tilanteeseen pakolaiset <a title=\"Kriisi Kanadan rajoilla\" href=\"https:\/\/www.vuosiamaailmalla.fi\/?p=9215\">eiv\u00e4t saavu Kanadaan hallitsemattomasti<\/a>, vaan Kanada itse valitsee t\u00e4nne saapuvat. Maa onkin l\u00e4hett\u00e4nyt Libanonissa, Jordaniassa sek\u00e4 Turkissa sijaitseville pakolaisleireille 500 viranomaista, jotka yhdess\u00e4 YK:n toimihenkil\u00f6iden kanssa k\u00e4sittelev\u00e4t leireill\u00e4 asuvien pakolaisten j\u00e4tt\u00e4mi\u00e4 turvapaikkahakemuksia. Kanada tulee my\u00f6skin hyv\u00e4ksym\u00e4\u00e4n pakolaisiksi vain perheit\u00e4, yksin\u00e4isi\u00e4 naisia sek\u00e4 seksuaaliv\u00e4hemmist\u00f6ihin kuuluvia, joten tulijoiden joukko on hyvin erilainen kuin mit\u00e4 on n\u00e4hty syksyn aikana monessa Euroopan maassa, joissa tulijoista jopa yli 80% on ollut aikuisia miehi\u00e4. Kanada siis pyrkii valitsemaan kaikkein heikoimmassa asemassa olevia, joiden terveydentilan sek\u00e4 taustat maa my\u00f6s tarkistaa perusteellisesti ennen n\u00e4iden p\u00e4\u00e4st\u00e4mist\u00e4 Kanadaan.<\/p>\n<p style=\"text-align: justify;\">Pakolaiset tullaan kuljettamaan Kanadaan charter-lennoilla, sek\u00e4 tarvittaessa armeijan avustamana, mutta vain pieni osa asutetaan armeijan j\u00e4rjest\u00e4miin h\u00e4t\u00e4tiloihin. Suurin osa suuntaa suoraan n\u00e4ille osoitetuille uusille asumapaikkakunnille, joita valtion sponsoroimat pakolaiset eiv\u00e4t voi itse valita. Ei ole viel\u00e4 tiedossa soveltaako Kanada tulijoihin normaalia k\u00e4yt\u00e4nt\u00f6\u00e4\u00e4n, jossa pakolaiseksi hyv\u00e4ksytyt joutuvat itse kustantamaan oman terveystarkastuksensa l\u00e4ht\u00f6maassa sek\u00e4 lentonsa Kanadaan. Jos pakolaisella ei ole varaa t\u00e4h\u00e4n, joutuu t\u00e4m\u00e4 ottamaan valtiolta lainan, jolle lasketaan my\u00f6s korko. Noin 91% pakolaisista maksaa lainan takaisin parin vuoden sis\u00e4ll\u00e4.<\/p>\n<p style=\"text-align: justify;\">Maahan tultuaan Kanada my\u00f6nt\u00e4\u00e4 tulijoille pysyv\u00e4n asumisluvan, mik\u00e4 tarkoittaa ett\u00e4 tulijat pystyv\u00e4t toimimaan yhteiskunnan t\u00e4ysim\u00e4\u00e4r\u00e4isin\u00e4 osallisina ja ty\u00f6skentelem\u00e4\u00e4n maassa. T\u00e4m\u00e4 on my\u00f6s tarpeen, sill\u00e4 valtio tarjoaa tulijoille tukeaan vain vuoden ajan, mink\u00e4 j\u00e4lkeen pakolaiset joutuvat el\u00e4tt\u00e4m\u00e4\u00e4n itsens\u00e4. Kanadassa ty\u00f6tt\u00f6myysturva sek\u00e4 sosiaalituet ovat Eurooppaan verrattuna hyvin alhaiset ja aikarajattuja, joten k\u00e4yt\u00e4nn\u00f6ss\u00e4 jokaisen on pyritt\u00e4v\u00e4 ty\u00f6llist\u00e4m\u00e4\u00e4n itsens\u00e4 normaalin el\u00e4m\u00e4n turvatakseen. Kanada siis tarjoaa pakolaisille vain turvaa ja avustusta maahantulossa, mutta se ei lupaudu el\u00e4tt\u00e4m\u00e4\u00e4n ket\u00e4\u00e4n.<\/p>\n<p style=\"text-align: center;\"><a href=\"\/blog\/wp-content\/uploads\/2015\/pakolaisten_lahtomaat.jpg\"><img decoding=\"async\" style=\"border: 0px none; margin: 5px;\" src=\"\/blog\/wp-content\/uploads\/2015\/pakolaisten_lahtomaat.jpg\" alt=\"\" \/><\/a><\/p>\n<p style=\"text-align: center;\"><em>Aiempien vuosien l\u00e4ht\u00f6maita ja m\u00e4\u00e4ri\u00e4<\/em><\/p>\n<p style=\"text-align: justify;\">Koko suunnitelman hinnaksi hallitus arvioi maksimissaan 678 miljoonaa dollaria seuraavan kuuden vuoden aikana. Euroiksi muunnettuna summa on samaa kokoluokkaa, kuin Suomen hallituksen viime viikolla laatima lis\u00e4budjetti pakolaiskriisin aiheuttamien kulujen kattamiseksi pelk\u00e4st\u00e4\u00e4n ensi vuonna.<\/p>\n<p style=\"text-align: justify;\">Suunnitelmaa voikin pit\u00e4\u00e4 toteutukseltaan sangen j\u00e4rkev\u00e4n\u00e4, joskin monet kysyv\u00e4t miksi Kanada edes on osapuoli toisella puolella maailmaa k\u00e4yt\u00e4v\u00e4ss\u00e4 konfliktissa? Yhteys kuitenkin l\u00f6ytyy Kanadan osallistumisesta ISIS:in vastaisiin pommituksiin Yhdysvaltojen johtamassa liittoumassa, mik\u00e4 on edellisen konservatiivihallituksen peruja. Liberaalit ovat luvanneet vet\u00e4v\u00e4ns\u00e4 kanadalaiset joukot pois koko konfliktista, joten t\u00e4m\u00e4 yhteys tulee kutistuman l\u00e4hikuukausina.<\/p>\n<p style=\"text-align: justify;\">Kanadalla on pitk\u00e4t perinteet humanit\u00e4\u00e4risess\u00e4 avussa ja maan <a href=\"https:\/\/www.vuosiamaailmalla.fi\/?p=1525\">36 miljoonasta kansalaisesta<\/a> l\u00e4hes miljoonalla on jonkinlainen pakolaisuuteen liittyv\u00e4 tausta. Maa on my\u00f6s asuttanut suuria pakolaism\u00e4\u00e4ri\u00e4 aiempien konfliktien johdosta, muun muassa 1970-luvulla yli 70 000 vietnamilaista sek\u00e4 Bosnian sodan pakolaisia.<\/p>\n<p style=\"text-align: justify;\">Lopuksi on my\u00f6s hyv\u00e4 muistaa, ett\u00e4 Kanada vastaanottaa joka vuosi <a href=\"https:\/\/www.vuosiamaailmalla.fi\/?p=219\">yli kymmenen kertaa suuremman m\u00e4\u00e4r\u00e4n<\/a> ty\u00f6per\u00e4ist\u00e4 maahanmuuttoa, joten vaikka Syyrian pakolaiset saavatkin t\u00e4ll\u00e4 hetkell\u00e4 kohtuuttoman paljon huomiota mediassa, ovat n\u00e4m\u00e4 m\u00e4\u00e4r\u00e4llisesti vain pisara vuosittaisten tulijoiden kokonaism\u00e4\u00e4r\u00e4st\u00e4. T\u00e4t\u00e4 taustaa vasten hallituksen suunnitelmaa voikin pit\u00e4\u00e4 sangen realistisena osallistumisena suuret mittasuhteet saaneeseen maailmanlaajuiseen kriisiin. \ud83d\udca1<\/p>\n","protected":false},"excerpt":{"rendered":"<p>Syyrian tilanne on ollut kuuma puheenaihe koko syksyn ajan my\u00f6s Atlantin t\u00e4ll\u00e4 puolella ja t\u00e4ll\u00e4 viikolla Kanadan uusi liberaalihallitus esitteli suunnitelmansa syyrialaispakolaisten vastaanottoon. Jo kivaan vaalitaistelun aikana liberaalipuolue linjasi yhten\u00e4 politiikkanaan, ett\u00e4 valtaan p\u00e4\u00e4stess\u00e4\u00e4n he my\u00f6nt\u00e4isiv\u00e4t turvapaikan 25 000 syyrialaiselle. Viel\u00e4 tuolloin puolue suunnitteli toteuttavansa lupauksen vuoden loppuun menness\u00e4, mutta pieni reality check siit\u00e4 ett\u00e4 &hellip; <a href=\"https:\/\/www.vuosiamaailmalla.fi\/blog\/2015\/kanada-esitteli-pakolaissuunnitelmansa\/\" class=\"more-link\">Jatka lukemista<span class=\"screen-reader-text\"> &#8221;Kanada esitteli pakolaissuunnitelmansa&#8221;<\/span><\/a><\/p>\n","protected":false},"author":1,"featured_media":8415,"comment_status":"open","ping_status":"open","sticky":false,"template":"","format":"standard","meta":{"_jetpack_memberships_contains_paid_content":false,"footnotes":""},"categories":[17,3,4],"tags":[25,935,1038,1039],"class_list":["post-7469","post","type-post","status-publish","format-standard","has-post-thumbnail","hentry","category-arki-kanadassa","category-arki-ulkomailla","category-asuminen-kanadassa","tag-ajankohtaista","tag-kanada","tag-pakolaisuus","tag-syyria"],"jetpack_featured_media_url":"https:\/\/www.vuosiamaailmalla.fi\/blog\/wp-content\/uploads\/kanadan_lippu_hahmoja_banner-1.jpg","jetpack_sharing_enabled":true,"_links":{"self":[{"href":"https:\/\/www.vuosiamaailmalla.fi\/blog\/wp-json\/wp\/v2\/posts\/7469","targetHints":{"allow":["GET"]}}],"collection":[{"href":"https:\/\/www.vuosiamaailmalla.fi\/blog\/wp-json\/wp\/v2\/posts"}],"about":[{"href":"https:\/\/www.vuosiamaailmalla.fi\/blog\/wp-json\/wp\/v2\/types\/post"}],"author":[{"embeddable":true,"href":"https:\/\/www.vuosiamaailmalla.fi\/blog\/wp-json\/wp\/v2\/users\/1"}],"replies":[{"embeddable":true,"href":"https:\/\/www.vuosiamaailmalla.fi\/blog\/wp-json\/wp\/v2\/comments?post=7469"}],"version-history":[{"count":0,"href":"https:\/\/www.vuosiamaailmalla.fi\/blog\/wp-json\/wp\/v2\/posts\/7469\/revisions"}],"wp:featuredmedia":[{"embeddable":true,"href":"https:\/\/www.vuosiamaailmalla.fi\/blog\/wp-json\/wp\/v2\/media\/8415"}],"wp:attachment":[{"href":"https:\/\/www.vuosiamaailmalla.fi\/blog\/wp-json\/wp\/v2\/media?parent=7469"}],"wp:term":[{"taxonomy":"category","embeddable":true,"href":"https:\/\/www.vuosiamaailmalla.fi\/blog\/wp-json\/wp\/v2\/categories?post=7469"},{"taxonomy":"post_tag","embeddable":true,"href":"https:\/\/www.vuosiamaailmalla.fi\/blog\/wp-json\/wp\/v2\/tags?post=7469"}],"curies":[{"name":"wp","href":"https:\/\/api.w.org\/{rel}","templated":true}]}}