{"id":7499,"date":"2015-11-30T19:13:05","date_gmt":"2015-12-01T03:13:05","guid":{"rendered":"http:\/\/13.53.127.146\/?p=7499"},"modified":"2024-03-29T22:09:22","modified_gmt":"2024-03-30T05:09:22","slug":"sukset-ensilumilla","status":"publish","type":"post","link":"https:\/\/www.vuosiamaailmalla.fi\/blog\/2015\/sukset-ensilumilla\/","title":{"rendered":"Sukset ensilumilla"},"content":{"rendered":"<p style=\"text-align: justify;\">Poikkeukselliseksi povattu talvi on ainakin alkanut vahvasti ja marraskuun alkupuolella sopivasti juuri <a href=\"https:\/\/www.vuosiamaailmalla.fi\/?p=7372\">Chilen matkamme<\/a> aikaan osuneet sankat lumisateet mahdollistivat monen paikallisen hiihtokeskuksen avata m\u00e4kens\u00e4 etuk\u00e4teen. Keskusten kuningas <em>Whistler-Blackcomb<\/em> avasi ovensa marraskuun 19. p\u00e4iv\u00e4 ja viime viikolla avattiin my\u00f6s Blackcombin puoli. Koko menneen viikon t\u00e4\u00e4ll\u00e4 l\u00e4nsirannikolla saatiin my\u00f6s nauttia kauniista pakkaskelist\u00e4, joka teki lopulta kiusauksesta liian suuren ja niinp\u00e4 suuntasimme eilen aamusta Whistleriin.<\/p>\n<p><!--more--><\/p>\n<p style=\"text-align: justify;\">Jo rutiiniksi muodostuneen tapamme mukaan olimme asettaneet her\u00e4tyksen puoli kuudeksi ja hieman kuuden j\u00e4lkeen olimme jo matkalla kohti Whistleri\u00e4. Liikenne oli kevytt\u00e4 ja olimmekin perill\u00e4 hyviss\u00e4 ajoin ennen hissien l\u00e4ht\u00f6\u00e4 k\u00e4yntiin. Samaan aikaan kun aurinko nousi vuorten takaa puoli yhdeks\u00e4n maissa, olimme jo Whistlerin huipulla ja valmiina kauden ensimm\u00e4iseen laskuun!<\/p>\n<p style=\"text-align: center;\"><a href=\"\/blog\/wp-content\/uploads\/2015\/ensilumen_ensilasku.jpg\"><img decoding=\"async\" style=\"border: 0px none; margin: 5px;\" src=\"\/blog\/wp-content\/uploads\/2015\/ensilumen_ensilasku.jpg\" alt=\"\" \/><\/a><\/p>\n<p style=\"text-align: center;\"><em>Talven ensimm\u00e4inen m\u00e4ki aamuauringossa<\/em><\/p>\n<p style=\"text-align: justify;\">Olosuhteet Whistlerill\u00e4 olivat alkukaudeksi mahtavat ja auki oli suurin osa keskivuoren rinteist\u00e4. Hassu s\u00e4\u00e4ilmi\u00f6 nimelt\u00e4 inversio on k\u00e4\u00e4nt\u00e4nyt ilmamassat yl\u00f6salaisin niin, ett\u00e4 laakson pohjalla on ollut pureva pakkanen samaan aikaan kun aivan vuoren huipulla on ollut muutama aste plussaa. T\u00e4m\u00e4n vuoksi kaikkein korkeimmalla alppialueella ei ollut viel\u00e4 auki kuin pari rinnett\u00e4, jotka k\u00e4vimme kuitenkin my\u00f6s korkkaamassa.<\/p>\n<p style=\"text-align: center;\"><a href=\"\/blog\/wp-content\/uploads\/2015\/whistlerin_puolella2.jpg\"><img decoding=\"async\" style=\"border: 0px none; margin: 5px;\" src=\"\/blog\/wp-content\/uploads\/2015\/thumbs\/thumbs_whistlerin_puolella2.jpg\" alt=\"\" \/><\/a><a href=\"\/blog\/wp-content\/uploads\/2015\/whistlerin_puolella1.jpg\"><img decoding=\"async\" style=\"border: 0px none; margin: 5px;\" src=\"\/blog\/wp-content\/uploads\/2015\/thumbs\/thumbs_whistlerin_puolella1.jpg\" alt=\"\" \/><\/a><a href=\"\/blog\/wp-content\/uploads\/2015\/whistlerin_puolella3.jpg\"><img decoding=\"async\" style=\"border: 0px none; margin: 5px;\" src=\"\/blog\/wp-content\/uploads\/2015\/thumbs\/thumbs_whistlerin_puolella3.jpg\" alt=\"\" \/><\/a><\/p>\n<p style=\"text-align: center;\"><em>Huippuolosuhteet Whistlerin puolella<\/em><\/p>\n<p style=\"text-align: center;\"><a href=\"\/blog\/wp-content\/uploads\/2015\/huikea_alkukauden_panoraama.jpg\"><img decoding=\"async\" style=\"border: 0px none; margin: 5px;\" src=\"\/blog\/wp-content\/uploads\/2015\/huikea_alkukauden_panoraama_pieni.jpg\" alt=\"\" \/><\/a><\/p>\n<p style=\"text-align: center;\"><em>Alppialue ei on kaunis, muttei ihan viel\u00e4 auki<\/em><\/p>\n<p style=\"text-align: justify;\">Puolen p\u00e4iv\u00e4n aikaan otimme <em><a href=\"https:\/\/www.vuosiamaailmalla.fi\/?p=7000\">Peak 2 Peakin<\/a><\/em> Blackcombin puolelle, jossa tilanne oli samansuuntainen. Siell\u00e4kin lumi oli mahtavaa pehme\u00e4\u00e4 pakkaslunta, eiv\u00e4tk\u00e4 m\u00e4et olleet alkuunkaan j\u00e4isi\u00e4. Blackcombin rinteet vaativat kuitenkin Whistleri\u00e4 enemm\u00e4n lunta ennen avautumistaan, joten auki oli vasta toistakymment\u00e4 rinnett\u00e4. Meill\u00e4 oli silti\u00a0 mahtavaa laskea upeassa auringonpaisteessa keskivuoren parhaat rinteet ennen paluutamme Whistlerin puolelle lopettamaan upea p\u00e4iv\u00e4mme.<\/p>\n<p style=\"text-align: center;\"><a href=\"\/blog\/wp-content\/uploads\/2015\/rinteet_peak2peakin_kyydista3.jpg\"><img decoding=\"async\" style=\"border: 0px none; margin: 5px;\" src=\"\/blog\/wp-content\/uploads\/2015\/thumbs\/thumbs_rinteet_peak2peakin_kyydista3.jpg\" alt=\"\" \/><\/a><a href=\"\/blog\/wp-content\/uploads\/2015\/rinteet_peak2peakin_kyydista1.jpg\"><img decoding=\"async\" style=\"border: 0px none; margin: 5px;\" src=\"\/blog\/wp-content\/uploads\/2015\/thumbs\/thumbs_rinteet_peak2peakin_kyydista1.jpg\" alt=\"\" \/><\/a><a href=\"\/blog\/wp-content\/uploads\/2015\/rinteet_peak2peakin_kyydista2.jpg\"><img decoding=\"async\" style=\"border: 0px none; margin: 5px;\" src=\"\/blog\/wp-content\/uploads\/2015\/thumbs\/thumbs_rinteet_peak2peakin_kyydista2.jpg\" alt=\"\" \/><\/a><br \/>\n<a href=\"\/blog\/wp-content\/uploads\/2015\/peak2peak_kyydissa.jpg\"><img decoding=\"async\" style=\"border: 0px none; margin: 5px;\" src=\"\/blog\/wp-content\/uploads\/2015\/thumbs\/thumbs_peak2peak_kyydissa.jpg\" alt=\"\" \/><\/a><a href=\"\/blog\/wp-content\/uploads\/2015\/metsa_alapuolella.jpg\"><img decoding=\"async\" style=\"border: 0px none; margin: 5px;\" src=\"\/blog\/wp-content\/uploads\/2015\/thumbs\/thumbs_metsa_alapuolella.jpg\" alt=\"\" \/><\/a><\/p>\n<p style=\"text-align: center;\"><em>Talvimaisemia Peak 2 Peakin kyydist\u00e4<\/em><\/p>\n<p style=\"text-align: center;\"><a href=\"\/blog\/wp-content\/uploads\/2015\/blackcombin_puolella1.jpg\"><img decoding=\"async\" style=\"border: 0px none; margin: 5px;\" src=\"\/blog\/wp-content\/uploads\/2015\/thumbs\/thumbs_blackcombin_puolella1.jpg\" alt=\"\" \/><\/a><a href=\"\/blog\/wp-content\/uploads\/2015\/blackcombin_puolella2.jpg\"><img decoding=\"async\" style=\"border: 0px none; margin: 5px;\" src=\"\/blog\/wp-content\/uploads\/2015\/thumbs\/thumbs_blackcombin_puolella2.jpg\" alt=\"\" \/><\/a><\/p>\n<p style=\"text-align: center;\"><em>Blackcombin puolellakin osa rinteist\u00e4 oli jo avoinna<\/em><\/p>\n<p style=\"text-align: justify;\">Kausi on siis taas korkattu ja t\u00e4n\u00e4 vuonna teimme sen per\u00e4ti puolitoista kuukautta <a href=\"https:\/\/www.vuosiamaailmalla.fi\/?p=3938\">viime vuotta<\/a> aiemmin. <a href=\"https:\/\/www.vuosiamaailmalla.fi\/?p=2556\">Talvella 2013<\/a> p\u00e4\u00e4simme m\u00e4keen jo muutaman p\u00e4iv\u00e4n aikaisemmin, mutta tuolloin auki oli vasta pelkk\u00e4 Whistlerin puoli. Eli siin\u00e4 mieless\u00e4 kyse on kohtuullisen normaaleista aukeamisajoista, mutta hyv\u00e4t olosuhteet antavat toivoa siit\u00e4 ett\u00e4 ehkei <a href=\"https:\/\/www.vuosiamaailmalla.fi\/?p=7422\">pahaksi povattu <em>El Ni\u00f1o<\/em><\/a> ehk\u00e4 sittenk\u00e4\u00e4n t\u00e4ysin pilaa kauttamme. Itse asiassa hyv\u00e4ll\u00e4 tuurilla ja kylmien ilmamassojen vain osuessa sopivasti kohdalle, voi edess\u00e4 olla jopa poikkeuksellisen hyv\u00e4 laskettelukausi. Se antaa toivoa ja odotammekin innolla jo seuraavaa laskettelup\u00e4iv\u00e4\u00e4mme.<\/p>\n","protected":false},"excerpt":{"rendered":"<p>Poikkeukselliseksi povattu talvi on ainakin alkanut vahvasti ja marraskuun alkupuolella sopivasti juuri Chilen matkamme aikaan osuneet sankat lumisateet mahdollistivat monen paikallisen hiihtokeskuksen avata m\u00e4kens\u00e4 etuk\u00e4teen. Keskusten kuningas Whistler-Blackcomb avasi ovensa marraskuun 19. p\u00e4iv\u00e4 ja viime viikolla avattiin my\u00f6s Blackcombin puoli. Koko menneen viikon t\u00e4\u00e4ll\u00e4 l\u00e4nsirannikolla saatiin my\u00f6s nauttia kauniista pakkaskelist\u00e4, joka teki lopulta kiusauksesta liian &hellip; <a href=\"https:\/\/www.vuosiamaailmalla.fi\/blog\/2015\/sukset-ensilumilla\/\" class=\"more-link\">Jatka lukemista<span class=\"screen-reader-text\"> &#8221;Sukset ensilumilla&#8221;<\/span><\/a><\/p>\n","protected":false},"author":1,"featured_media":8674,"comment_status":"open","ping_status":"open","sticky":false,"template":"","format":"standard","meta":{"_jetpack_memberships_contains_paid_content":false,"footnotes":""},"categories":[17,3,778,774],"tags":[25,34,1835,935,173,924,270,202,218],"class_list":["post-7499","post","type-post","status-publish","format-standard","has-post-thumbnail","hentry","category-arki-kanadassa","category-arki-ulkomailla","category-laskettelu-ulkoilu","category-ulkoilu","tag-ajankohtaista","tag-arki","tag-el-nino","tag-kanada","tag-laskettelu","tag-peak-2-peak","tag-saa","tag-talvi","tag-whistler"],"jetpack_featured_media_url":"https:\/\/www.vuosiamaailmalla.fi\/blog\/wp-content\/uploads\/whistlerin_puolella_banner.jpg","jetpack_sharing_enabled":true,"_links":{"self":[{"href":"https:\/\/www.vuosiamaailmalla.fi\/blog\/wp-json\/wp\/v2\/posts\/7499","targetHints":{"allow":["GET"]}}],"collection":[{"href":"https:\/\/www.vuosiamaailmalla.fi\/blog\/wp-json\/wp\/v2\/posts"}],"about":[{"href":"https:\/\/www.vuosiamaailmalla.fi\/blog\/wp-json\/wp\/v2\/types\/post"}],"author":[{"embeddable":true,"href":"https:\/\/www.vuosiamaailmalla.fi\/blog\/wp-json\/wp\/v2\/users\/1"}],"replies":[{"embeddable":true,"href":"https:\/\/www.vuosiamaailmalla.fi\/blog\/wp-json\/wp\/v2\/comments?post=7499"}],"version-history":[{"count":2,"href":"https:\/\/www.vuosiamaailmalla.fi\/blog\/wp-json\/wp\/v2\/posts\/7499\/revisions"}],"predecessor-version":[{"id":13574,"href":"https:\/\/www.vuosiamaailmalla.fi\/blog\/wp-json\/wp\/v2\/posts\/7499\/revisions\/13574"}],"wp:featuredmedia":[{"embeddable":true,"href":"https:\/\/www.vuosiamaailmalla.fi\/blog\/wp-json\/wp\/v2\/media\/8674"}],"wp:attachment":[{"href":"https:\/\/www.vuosiamaailmalla.fi\/blog\/wp-json\/wp\/v2\/media?parent=7499"}],"wp:term":[{"taxonomy":"category","embeddable":true,"href":"https:\/\/www.vuosiamaailmalla.fi\/blog\/wp-json\/wp\/v2\/categories?post=7499"},{"taxonomy":"post_tag","embeddable":true,"href":"https:\/\/www.vuosiamaailmalla.fi\/blog\/wp-json\/wp\/v2\/tags?post=7499"}],"curies":[{"name":"wp","href":"https:\/\/api.w.org\/{rel}","templated":true}]}}