{"id":7508,"date":"2014-12-16T14:12:07","date_gmt":"2014-12-16T22:12:07","guid":{"rendered":"http:\/\/13.53.127.146\/?p=7508"},"modified":"2017-12-14T19:34:14","modified_gmt":"2017-12-15T03:34:14","slug":"kauniin-varikkaat-jouluvalot","status":"publish","type":"post","link":"https:\/\/www.vuosiamaailmalla.fi\/blog\/2014\/kauniin-varikkaat-jouluvalot\/","title":{"rendered":"Kauniin v\u00e4rikk\u00e4\u00e4t jouluvalot"},"content":{"rendered":"<p style=\"text-align: justify;\">Joulukuu on ihanan tunnelmallista aikaa, sill\u00e4 tuolloin kauppoihin ilmestyv\u00e4t joulukoristeet, radiossa alkavat soida tutut joululaulut ja ihmiset sytytt\u00e4v\u00e4t koteihinsa kauniit jouluvalot, jotka valaisevat t\u00e4t\u00e4 pime\u00e4\u00e4 vuodenaikaa. <a href=\"https:\/\/www.vuosiamaailmalla.fi\/?p=3764\">Kuten aiemmin kerroin<\/a>, ovat kanadalaiset toisinaan hieman hullu kansa mit\u00e4 jouluvaloihin tulee, eik\u00e4 melkoisilta ylily\u00f6nneilt\u00e4 voi aina v\u00e4ltty\u00e4. Kuitenkin suurin osa ihmisist\u00e4 juhlistaa t\u00e4t\u00e4 kaunista aikaa rauhallisilla jouluvaloilla, joihin keskityn t\u00e4m\u00e4n vuoden jouluvalokuvissani. \ud83d\ude42<\/p>\n<p><!--more--><\/p>\n<p style=\"text-align: justify;\">Ensimm\u00e4iset valokuvat ovat omasta pihapiirist\u00e4mme, jossa suuren piha-aukean puita koristavat kauniit valot ymp\u00e4ri vuoden. Joulun alla valot kuitenkin vaihtuvat v\u00e4rikk\u00e4isiin jouluvaloihin, jotka valaisevat talomme edustan rauhallisesti. L\u00e4hist\u00f6lt\u00e4 l\u00f6ytyy kuitenkin my\u00f6s v\u00e4rikk\u00e4\u00e4mpi\u00e4kin valoja naapurissa sijaitsevan <a href=\"https:\/\/www.vuosiamaailmalla.fi\/?p=2612\"><em>St. Paulsin<\/em> sairaalan edustalta<\/a>.<\/p>\n<p style=\"text-align: center;\"><a href=\"\/blog\/wp-content\/uploads\/2014\/one_wall_centre_jouluvalot5.jpg\"><img decoding=\"async\" style=\"border: 0px none; margin: 5px;\" src=\"\/blog\/wp-content\/uploads\/2014\/thumbs\/thumbs_one_wall_centre_jouluvalot5.jpg\" alt=\"\" \/><\/a><a href=\"\/blog\/wp-content\/uploads\/2014\/one_wall_centre_jouluvalot6.jpg\"><img decoding=\"async\" style=\"border: 0px none; margin: 5px;\" src=\"\/blog\/wp-content\/uploads\/2014\/thumbs\/thumbs_one_wall_centre_jouluvalot6.jpg\" alt=\"\" \/><\/a><a href=\"\/blog\/wp-content\/uploads\/2014\/one_wall_centre_jouluvalot7.jpg\"><img decoding=\"async\" style=\"border: 0px none; margin: 5px;\" src=\"\/blog\/wp-content\/uploads\/2014\/thumbs\/thumbs_one_wall_centre_jouluvalot7.jpg\" alt=\"\" \/><\/a><br \/>\n<a href=\"\/blog\/wp-content\/uploads\/2014\/one_wall_centre_jouluvalot9.jpg\"><img decoding=\"async\" style=\"border: 0px none; margin: 5px;\" src=\"\/blog\/wp-content\/uploads\/2014\/thumbs\/thumbs_one_wall_centre_jouluvalot9.jpg\" alt=\"\" \/><\/a><a href=\"\/blog\/wp-content\/uploads\/2014\/one_wall_centre_jouluvalot8.jpg\"><img decoding=\"async\" style=\"border: 0px none; margin: 5px;\" src=\"\/blog\/wp-content\/uploads\/2014\/thumbs\/thumbs_one_wall_centre_jouluvalot8.jpg\" alt=\"\" \/><\/a><\/p>\n<p style=\"text-align: center;\"><em>V\u00e4rikk\u00e4\u00e4t pihapiirin jouluvalot<\/em><\/p>\n<p style=\"text-align: justify;\">Aivan kotimme vieress\u00e4 sijaitsee Vancouverin yksi urbaaneista keitaista, historiallinen Westendin vanha asuinalue. Alueen asukkaat ovat tunnettuja siit\u00e4, ett\u00e4 n\u00e4m\u00e4 koristelevat historiallisia puutalojaan kauniin v\u00e4rikk\u00e4ill\u00e4 jouluvaloilla. Vehre\u00e4 asuinalue onkin \u00e4\u00e4rimm\u00e4isen mukavaa seutua k\u00e4yd\u00e4 iltak\u00e4velyll\u00e4 ja ihailla samalla ihmisten kauniin jouluisia koteja. \ud83d\ude1b<\/p>\n<p style=\"text-align: center;\"><a href=\"\/blog\/wp-content\/uploads\/2014\/westendin_jouluvaloja5.jpg\"><img decoding=\"async\" style=\"border: 0px none; margin: 5px;\" src=\"\/blog\/wp-content\/uploads\/2014\/westendin_jouluvaloja5.jpg\" alt=\"\" \/><\/a><\/p>\n<p style=\"text-align: center;\"><em>V\u00e4rikk\u00e4it\u00e4 jouluvaloja<\/em><\/p>\n<p style=\"text-align: center;\"><a href=\"\/blog\/wp-content\/uploads\/2014\/westendin_jouluvaloja1.jpg\"><img decoding=\"async\" style=\"border: 0px none; margin: 5px;\" src=\"\/blog\/wp-content\/uploads\/2014\/thumbs\/thumbs_westendin_jouluvaloja1.jpg\" alt=\"\" \/><\/a><a href=\"\/blog\/wp-content\/uploads\/2014\/westendin_jouluvaloja4.jpg\"><img decoding=\"async\" style=\"border: 0px none; margin: 5px;\" src=\"\/blog\/wp-content\/uploads\/2014\/thumbs\/thumbs_westendin_jouluvaloja4.jpg\" alt=\"\" \/><\/a><a href=\"\/blog\/wp-content\/uploads\/2014\/westendin_jouluvaloja3.jpg\"><img decoding=\"async\" style=\"border: 0px none; margin: 5px;\" src=\"\/blog\/wp-content\/uploads\/2014\/thumbs\/thumbs_westendin_jouluvaloja3.jpg\" alt=\"\" \/><\/a><\/p>\n<p style=\"text-align: center;\"><em>Kauniita puutaloja Westendin alueella<\/em><\/p>\n<p style=\"text-align: center;\"><a href=\"\/blog\/wp-content\/uploads\/2014\/westendin_jouluvaloja2.jpg\"><img decoding=\"async\" style=\"border: 0px none; margin: 5px;\" src=\"\/blog\/wp-content\/uploads\/2014\/westendin_jouluvaloja2.jpg\" alt=\"\" \/><\/a><\/p>\n<p style=\"text-align: center;\"><em>V\u00e4rikk\u00e4\u00e4t valot luovat rauhallista tunnelmaa<\/em><\/p>\n<p style=\"text-align: justify;\">Kaunis on my\u00f6s Vancouverin ydinkeskustan keskeisin aukio, <em>Robson Square<\/em>. Aukiolla j\u00e4rjestet\u00e4\u00e4n ymp\u00e4ri vuoden monenlaisia tapahtumia, mutta joulun aikaan perinteinen on sen alapuolelle avautuva pieni luistinkentt\u00e4, joka on eritt\u00e4in suosittu perinne lapsiperheiden tai vaikkapa ensitreffil\u00e4isten keskuudessa viett\u00e4\u00e4 iltaa kauniin urbaanissa ymp\u00e4rist\u00f6ss\u00e4. Vaikka keli onkin toisinaan kylm\u00e4 (kuten se kuvausiltana oli), on luistimilla silti mukavan l\u00e4mmint\u00e4 rauhallisen joulumusiikin soidessa kaiuttimista.<\/p>\n<p style=\"text-align: center;\"><a href=\"\/blog\/wp-content\/uploads\/2014\/robson_square_jouluvalot6.jpg\"><img decoding=\"async\" style=\"border: 0px none; margin: 5px;\" src=\"\/blog\/wp-content\/uploads\/2014\/thumbs\/thumbs_robson_square_jouluvalot6.jpg\" alt=\"\" \/><\/a><a href=\"\/blog\/wp-content\/uploads\/2014\/robson_square_jouluvalot5.jpg\"><img decoding=\"async\" style=\"border: 0px none; margin: 5px;\" src=\"\/blog\/wp-content\/uploads\/2014\/thumbs\/thumbs_robson_square_jouluvalot5.jpg\" alt=\"\" \/><\/a><\/p>\n<p style=\"text-align: center;\"><em>Vancouverin ehdoton go-to luistinrata<\/em><\/p>\n<p style=\"text-align: justify;\">Joulu on todellakin kaunista aikaa ja olemmekin t\u00e4n\u00e4 vuonna suuntaamassa <a href=\"https:\/\/www.vuosiamaailmalla.fi\/?p=3889\">kahden vuoden tauon j\u00e4lkeen<\/a> yhdess\u00e4 Suomeen <a href=\"https:\/\/www.vuosiamaailmalla.fi\/?p=3904\">perinteiseen joulun viettoon<\/a>. Sit\u00e4 ennen nautimme kuitenkin viel\u00e4 hetken aikaa kotikaupunkimme kauniista tunnelmasta. \ud83d\ude42<\/p>\n","protected":false},"excerpt":{"rendered":"<p>Joulukuu on ihanan tunnelmallista aikaa, sill\u00e4 tuolloin kauppoihin ilmestyv\u00e4t joulukoristeet, radiossa alkavat soida tutut joululaulut ja ihmiset sytytt\u00e4v\u00e4t koteihinsa kauniit jouluvalot, jotka valaisevat t\u00e4t\u00e4 pime\u00e4\u00e4 vuodenaikaa. Kuten aiemmin kerroin, ovat kanadalaiset toisinaan hieman hullu kansa mit\u00e4 jouluvaloihin tulee, eik\u00e4 melkoisilta ylily\u00f6nneilt\u00e4 voi aina v\u00e4ltty\u00e4. Kuitenkin suurin osa ihmisist\u00e4 juhlistaa t\u00e4t\u00e4 kaunista aikaa rauhallisilla jouluvaloilla, joihin &hellip; <a href=\"https:\/\/www.vuosiamaailmalla.fi\/blog\/2014\/kauniin-varikkaat-jouluvalot\/\" class=\"more-link\">Jatka lukemista<span class=\"screen-reader-text\"> &#8221;Kauniin v\u00e4rikk\u00e4\u00e4t jouluvalot&#8221;<\/span><\/a><\/p>\n","protected":false},"author":1,"featured_media":9417,"comment_status":"open","ping_status":"open","sticky":false,"template":"","format":"standard","meta":{"_jetpack_memberships_contains_paid_content":false,"footnotes":""},"categories":[17,3],"tags":[34,264,1290,935,939,940,1053],"class_list":["post-7508","post","type-post","status-publish","format-standard","has-post-thumbnail","hentry","category-arki-kanadassa","category-arki-ulkomailla","tag-arki","tag-joulu","tag-jouluvalot","tag-kanada","tag-vancouver","tag-vancouver-downtown","tag-vancouver-westend"],"jetpack_featured_media_url":"https:\/\/www.vuosiamaailmalla.fi\/blog\/wp-content\/uploads\/westendin_jouluvaloja_banner.jpg","jetpack_sharing_enabled":true,"_links":{"self":[{"href":"https:\/\/www.vuosiamaailmalla.fi\/blog\/wp-json\/wp\/v2\/posts\/7508","targetHints":{"allow":["GET"]}}],"collection":[{"href":"https:\/\/www.vuosiamaailmalla.fi\/blog\/wp-json\/wp\/v2\/posts"}],"about":[{"href":"https:\/\/www.vuosiamaailmalla.fi\/blog\/wp-json\/wp\/v2\/types\/post"}],"author":[{"embeddable":true,"href":"https:\/\/www.vuosiamaailmalla.fi\/blog\/wp-json\/wp\/v2\/users\/1"}],"replies":[{"embeddable":true,"href":"https:\/\/www.vuosiamaailmalla.fi\/blog\/wp-json\/wp\/v2\/comments?post=7508"}],"version-history":[{"count":0,"href":"https:\/\/www.vuosiamaailmalla.fi\/blog\/wp-json\/wp\/v2\/posts\/7508\/revisions"}],"wp:featuredmedia":[{"embeddable":true,"href":"https:\/\/www.vuosiamaailmalla.fi\/blog\/wp-json\/wp\/v2\/media\/9417"}],"wp:attachment":[{"href":"https:\/\/www.vuosiamaailmalla.fi\/blog\/wp-json\/wp\/v2\/media?parent=7508"}],"wp:term":[{"taxonomy":"category","embeddable":true,"href":"https:\/\/www.vuosiamaailmalla.fi\/blog\/wp-json\/wp\/v2\/categories?post=7508"},{"taxonomy":"post_tag","embeddable":true,"href":"https:\/\/www.vuosiamaailmalla.fi\/blog\/wp-json\/wp\/v2\/tags?post=7508"}],"curies":[{"name":"wp","href":"https:\/\/api.w.org\/{rel}","templated":true}]}}