{"id":752,"date":"2011-09-29T12:00:05","date_gmt":"2011-09-29T19:00:05","guid":{"rendered":"http:\/\/13.53.127.146\/?p=752"},"modified":"2021-02-09T18:58:16","modified_gmt":"2021-02-10T02:58:16","slug":"varjo-oktoberfesteilla","status":"publish","type":"post","link":"https:\/\/www.vuosiamaailmalla.fi\/blog\/2011\/varjo-oktoberfesteilla\/","title":{"rendered":"Varjo-Oktoberfesteill\u00e4"},"content":{"rendered":"<p style=\"text-align: justify;\">Kuten toissaviikolla <a title=\"O\u2019zapft is!\" href=\"https:\/\/www.vuosiamaailmalla.fi\/?p=651\">kerroin<\/a>, j\u00e4rjestet\u00e4\u00e4n Oktoberfestej\u00e4 M\u00fcnchenin lis\u00e4ksi muuallakin Saksassa. Vaikka M\u00fcnchen onkin se suurin ja tunnetuin, on Berliiniss\u00e4kin j\u00e4rjestetty omat &#8221;varjo-Oktoberfestit&#8221; jo vuodesta 1947 l\u00e4htien. T\u00e4m\u00e4nvuotinen on j\u00e4rjestyksess\u00e4\u00e4n jo 61. ja tapahtumapaikkana on edellisvuosien tapaan Tegelin lentokent\u00e4n l\u00e4hell\u00e4 sijaitseva <em>Zentraler Festplatzin<\/em> tivolialue. Vaikken itse t\u00e4llaisesta tapahtumasta juurikaan perusta, l\u00e4hdimme silti Niinan kanssa istumaan mennytt\u00e4 lauantai-iltaa kaveriporukkamme seuraksi Oktoberfesteille. Samalla tuli sitten koettua t\u00e4m\u00e4kin osa saksalaista kulttuuria ja perinnett\u00e4.<\/p>\n<p><!--more--><\/p>\n<p style=\"text-align: justify;\">Alueelle on ilmainen p\u00e4\u00e4sy ja paikalla on kohtuullisen kokoinen tivoli lapsiperheiden houkuttelemiseksi. Berliinin Oktoberfesteill\u00e4 on vain yksi Paulanderin olutteltta, jonne oli t\u00e4n\u00e4 vuonna edellisvuodesta poiketen kahden euron sis\u00e4\u00e4np\u00e4\u00e4symaksu. Hieman ep\u00e4selv\u00e4sti toimiva systeemi kannustaa ostamaan ovelta kympill\u00e4 sek\u00e4 sis\u00e4\u00e4np\u00e4\u00e4syn, ett\u00e4 teltan sis\u00e4ll\u00e4 ostoksiin oikeuttavat, yhteens\u00e4 kahdeksan (1+1+1+5) euron arvioiset, kupongit. Sis\u00e4lt\u00e4 teltta on sangen iso, mutta en olettaisi sen olevan M\u00fcnchenin vastaavien kokoinen. Ja siell\u00e4 eri olutmerkkien telttoja on joka tapauksessa toistakymment\u00e4, joten alue on huomattavasti isompi.<\/p>\n<p style=\"text-align: justify;\">Sis\u00e4ll\u00e4 oli viel\u00e4 kuuden aikoihin puolityhj\u00e4\u00e4, mutta orkesteri soitti jo lavalla ja <em>olutma\u00dfeja<\/em> (litran lasituoppi) kannettiin p\u00f6ydiss\u00e4 istuville seurueille. Koska kaikki etuosan p\u00f6yd\u00e4t olivat ennakkovarattuja, tyydyimme j\u00e4\u00e4m\u00e4\u00e4n teltan takaosaan. Se ei siltik\u00e4\u00e4n haitannut, sill\u00e4 jo t\u00e4ss\u00e4 vaiheessa iltaa musiikki oli todella kovalla. Seurueemme tilasi ensimm\u00e4iset oluet, sek\u00e4 hieman <em>leberk\u00e4se\u00e4<\/em> (hienoksi jauhettua naudanlihaa sek\u00e4 pekonia leip\u00e4m\u00e4iseen muotoon leivottuna, er\u00e4\u00e4nlainen lauantai- ja maksamakkaran risteytys) hiukopalaksi. Dirndl-pukuun pukeutunut tarjoilijattaremme naputteli tilauksen iPhone-appikseen, joka naputtelujen m\u00e4\u00e4r\u00e4n perusteella tuntui olevan applemaisen ei-k\u00e4ytett\u00e4v\u00e4 sovellus. Ruoan ja juomien tullessa seurasi seuraava yll\u00e4tys. Kupongeilla maksaessa ei saanutkaan vaihtorahaa, vaan niill\u00e4 maksettiin seuraavaan tasasummaan. A-ha.<\/p>\n<p style=\"text-align: center;\"><a href=\"\/blog\/wp-content\/uploads\/2011\/mass_olutta_ja_leberkasea.jpg\" target=\"_blank\" rel=\"noopener\"><img decoding=\"async\" style=\"border: 0px none; margin: 5px;\" src=\"\/blog\/wp-content\/uploads\/2011\/mass_olutta_ja_leberkasea.jpg\" alt=\"\" \/><\/a><\/p>\n<p style=\"text-align: center;\"><em>Ma\u00df olutta ja leberk\u00e4se\u00e4<\/em><\/p>\n<p style=\"text-align: justify;\">V\u00e4ke\u00e4 valui telttaan vilkkaasti ja jo reilun tunnin p\u00e4\u00e4st\u00e4 sis\u00e4ll\u00e4 alkoi olla tiivist\u00e4. Meno oli iloista ja tuopit kilisiv\u00e4t toisiaan vasten noin joka nelj\u00e4nten\u00e4 soineen <em>Prost!<\/em> (&#8221;kippis!&#8221;) juomalaulun tahdissa. Iltaa kohden porukkaa alkoi olla jo niin paljon, ett\u00e4 lavalle n\u00e4hd\u00e4kseen v\u00e4ke\u00e4 seisoi penkill\u00e4 ja varmaan p\u00f6ydill\u00e4kin. My\u00f6s korkeuksissa lauleskeltiin ja tanssittiin torvisoittokunnan soittamien ikivihreiden tahtiin ja tietenkin kilisteltiin aika ajoin. Video kertonee, ett\u00e4 tunnelmaa piisaa.<\/p>\n<p style=\"text-align: center;\"><a href=\"\/blog\/wp-content\/uploads\/2011\/prost.jpg\" target=\"_blank\" rel=\"noopener\"><img decoding=\"async\" style=\"border: 0px none; margin: 5px;\" src=\"\/blog\/wp-content\/uploads\/2011\/prost.jpg\" alt=\"\" \/><\/a><\/p>\n<p style=\"text-align: center;\"><em>Prost!<\/em><\/p>\n<p style=\"text-align: center;\"><iframe loading=\"lazy\" src=\"https:\/\/www.youtube-nocookie.com\/embed\/gQ_Bl8D-bYk\" width=\"560\" height=\"315\"><\/iframe><\/p>\n<p style=\"text-align: justify;\">Iltapuolesta alkoi meit\u00e4 muitakin hiukoa ja tilasimme <em>schnitzeli\u00e4<\/em> (wieninleike) ja <em>schweinehaxea<\/em> (sianpotkaa). Ruoan tulossa kesti todella kauan ja schnitzeleit\u00e4 sai odottaa yli tunnin. Sianpotka tuli hieman aiemmin ja olikin maultaan sangen joulukinkkumaista (lue: hyv\u00e4\u00e4). Ruoka kuitenkin jo p\u00f6yt\u00e4\u00e4n tullessaan viilentynytt\u00e4 ja aivan potkan ytimess\u00e4 liha paljastui olevan j\u00e4\u00e4ss\u00e4! Tarjoilijat juoksivat kiireisen\u00e4 ja heit\u00e4 olis vaikea pys\u00e4ytt\u00e4\u00e4 paikalleen. Kalliista ja silti melko tasottomasta ruoasta j\u00e4ikin melkoisen rahastamisen maku. Viisaampi olisikin ostanut ruokansa ulkopuolen tivolialueelta, jossa n\u00e4ytti olevan tarjolla normaaleja grilliherkkuja. N\u00e4it\u00e4 ei tietenk\u00e4\u00e4n olisi saanut nauttia sis\u00e4ll\u00e4 teltassa, mutta ruoka olisi ollut varmasti parempaa.<\/p>\n<p style=\"text-align: center;\"><a href=\"\/blog\/wp-content\/uploads\/2011\/jaista_sianpotkaa.jpg\" target=\"_blank\" rel=\"noopener\"><img decoding=\"async\" style=\"border: 0px none; margin: 5px;\" src=\"\/blog\/wp-content\/uploads\/2011\/jaista_sianpotkaa.jpg\" alt=\"\" \/><\/a><\/p>\n<p style=\"text-align: center;\"><em>Schweinehaxe<\/em><\/p>\n<p style=\"text-align: justify;\">Yhdeks\u00e4n j\u00e4lkeen tunnelma oli jo teltan katossa (tai sen l\u00e4pikin) ja ihmisill\u00e4 oli silmin\u00e4hden hauskaa. Mink\u00e4\u00e4nlaista perisuomalaista \u00f6rvellyst\u00e4 ei kuitenkaan n\u00e4kynyt ja lavan edess\u00e4kin humaltuneet vieraat vain tanssivat j\u00e4rkytt\u00e4v\u00e4n kovalla soivan musiikin tahtiin. Lattialaudat olivat m\u00e4rk\u00e4n\u00e4 tanssin ohessa l\u00e4ikkyneest\u00e4 oluesta. Illasta lavalla oli ohjelmana orkesterin tauon aikana pieni huuto\u00e4\u00e4nestyksell\u00e4 k\u00e4yty kisa n\u00e4ytt\u00e4vimp\u00e4\u00e4n perinneasuun pukeutuneesta tyt\u00f6st\u00e4. Asut olivatkin hienot ja yleis\u00f6n joukossakin sangen monilla oli nahkahousut (miehet)\u00a0taikka dirndl (naiset).<\/p>\n<p style=\"text-align: center;\"><a href=\"\/blog\/wp-content\/uploads\/2011\/rivillinen_dirndl-tyttoja.jpg\" target=\"_blank\" rel=\"noopener\"><img decoding=\"async\" style=\"border: 0px none; margin: 5px;\" src=\"\/blog\/wp-content\/uploads\/2011\/rivillinen_dirndl-tyttoja.jpg\" alt=\"\" \/><\/a><\/p>\n<p style=\"text-align: center;\"><em>Tytt\u00f6j\u00e4 dirndleiss\u00e4<\/em><\/p>\n<p style=\"text-align: center;\"><iframe loading=\"lazy\" src=\"https:\/\/www.youtube-nocookie.com\/embed\/bk97Z_MDgzQ\" width=\"560\" height=\"315\"><\/iframe><\/p>\n<p style=\"text-align: center;\"><a href=\"\/blog\/wp-content\/uploads\/2011\/oktoberfest_orkesteria5.jpg\" target=\"_blank\" rel=\"noopener\"><img decoding=\"async\" style=\"border: 0px none; margin: 5px;\" src=\"\/blog\/wp-content\/uploads\/2011\/thumbs\/thumbs_oktoberfest_orkesteria5.jpg\" alt=\"\" \/><\/a><a href=\"\/blog\/wp-content\/uploads\/2011\/oktoberfest_orkesteria1.jpg\" target=\"_blank\" rel=\"noopener\"><img decoding=\"async\" style=\"border: 0px none; margin: 5px;\" src=\"\/blog\/wp-content\/uploads\/2011\/thumbs\/thumbs_oktoberfest_orkesteria1.jpg\" alt=\"\" \/><\/a><a href=\"\/blog\/wp-content\/uploads\/2011\/oktoberfest_orkesteria3.jpg\" target=\"_blank\" rel=\"noopener\"><img decoding=\"async\" style=\"border: 0px none; margin: 5px;\" src=\"\/blog\/wp-content\/uploads\/2011\/thumbs\/thumbs_oktoberfest_orkesteria3.jpg\" alt=\"\" \/><\/a><br \/>\n<a href=\"\/blog\/wp-content\/uploads\/2011\/oktoberfest_orkesteria2.jpg\" target=\"_blank\" rel=\"noopener\"><img decoding=\"async\" style=\"border: 0px none; margin: 5px;\" src=\"\/blog\/wp-content\/uploads\/2011\/thumbs\/thumbs_oktoberfest_orkesteria2.jpg\" alt=\"\" \/><\/a><a href=\"\/blog\/wp-content\/uploads\/2011\/oktoberfest_orkesteria4.jpg\" target=\"_blank\" rel=\"noopener\"><img decoding=\"async\" style=\"border: 0px none; margin: 5px;\" src=\"\/blog\/wp-content\/uploads\/2011\/thumbs\/thumbs_oktoberfest_orkesteria4.jpg\" alt=\"\" \/><\/a><\/p>\n<p style=\"text-align: center;\"><em>Oktoberfest-orkesteri<\/em><\/p>\n<p style=\"text-align: center;\"><a href=\"\/blog\/wp-content\/uploads\/2011\/berliinin_oktoberfest_tunnelmaa1.jpg\" target=\"_blank\" rel=\"noopener\"><img decoding=\"async\" style=\"border: 0px none; margin: 5px;\" src=\"\/blog\/wp-content\/uploads\/2011\/thumbs\/thumbs_berliinin_oktoberfest_tunnelmaa1.jpg\" alt=\"\" \/><\/a><a href=\"\/blog\/wp-content\/uploads\/2011\/berliinin_oktoberfest_tunnelmaa2.jpg\" target=\"_blank\" rel=\"noopener\"><img decoding=\"async\" style=\"border: 0px none; margin: 5px;\" src=\"\/blog\/wp-content\/uploads\/2011\/thumbs\/thumbs_berliinin_oktoberfest_tunnelmaa2.jpg\" alt=\"\" \/><\/a><a href=\"\/blog\/wp-content\/uploads\/2011\/laulussa_mukana.jpg\" target=\"_blank\" rel=\"noopener\"><img decoding=\"async\" style=\"border: 0px none; margin: 5px;\" src=\"\/blog\/wp-content\/uploads\/2011\/thumbs\/thumbs_laulussa_mukana.jpg\" alt=\"\" \/><\/a><\/p>\n<p style=\"text-align: center;\"><em>Teltta juhlatunnelmissa<\/em><\/p>\n<p style=\"text-align: center;\"><iframe loading=\"lazy\" src=\"https:\/\/www.youtube-nocookie.com\/embed\/X6RuqJnkKwc\" width=\"560\" height=\"315\"><\/iframe><\/p>\n<p style=\"text-align: justify;\">Ennen kymment\u00e4 p\u00e4\u00e4timme Niinan kanssa l\u00e4hte\u00e4 kotiin, sill\u00e4 tapahtuma oli siihen menness\u00e4 jo n\u00e4hty. Tapahtuma olisikin ollut auki vain yhteentoista saakka, joten oli hyv\u00e4 livahtaa paikalta ennen lopun ruuhkaa. Kaiken kaikkiaan tapahtumasta j\u00e4i ainakin itselleni rahastamisen maku. Paikan p\u00e4\u00e4ll\u00e4 ollut yleis\u00f6 oli toki k\u00e4yt\u00f6kselt\u00e4\u00e4n siisti\u00e4 ja tunnelma oli kielt\u00e4m\u00e4tt\u00e4 iloisen juhlivaa, mutta j\u00e4rjestelyt eiv\u00e4t toimineet kovinkaan hyvin ja hinnat olivat laatuun n\u00e4hden melkoisen. Paikanp\u00e4\u00e4ll\u00e4 k\u00e4yty\u00e4ni en yht\u00e4\u00e4n ihmettele, ett\u00e4 parhaat tarjoilijat etenkin M\u00fcnchenin Oktoberfesteill\u00e4 voivat tehd\u00e4 jopa viisinumeroisen tilin pelkist\u00e4 tipeist\u00e4, sill\u00e4 niin herk\u00e4sti ihmiset maksoivat hankalia summia tasarahalla parillakin eurolla yl\u00f6sp\u00e4in py\u00f6ristyen. Kun tapahtuma on M\u00fcncheniss\u00e4 Berliini\u00e4kin viel\u00e4 huomattavasti kalliimpi, en n\u00e4e ainakaan itse mit\u00e4\u00e4n syyt\u00e4 l\u00e4hte\u00e4 tapahtumaa sinne saakka katsomaan. Tietysti my\u00f6nnett\u00e4k\u00f6\u00f6n, ett\u00e4 en nyt ole tapahtuman ydinkohderyhm\u00e4\u00e4k\u00e4\u00e4n, joten minulta asiaa ei kannattane kysy\u00e4.<\/p>\n<p style=\"text-align: center;\"><a href=\"\/blog\/wp-content\/uploads\/2011\/tivoli_oktoberfestilla1.jpg\" target=\"_blank\" rel=\"noopener\"><img decoding=\"async\" style=\"border: 0px none; margin: 5px;\" src=\"\/blog\/wp-content\/uploads\/2011\/thumbs\/thumbs_tivoli_oktoberfestilla1.jpg\" alt=\"\" \/><\/a><a href=\"\/blog\/wp-content\/uploads\/2011\/tivoli_oktoberfestilla2.jpg\" target=\"_blank\" rel=\"noopener\"><img decoding=\"async\" style=\"border: 0px none; margin: 5px;\" src=\"\/blog\/wp-content\/uploads\/2011\/thumbs\/thumbs_tivoli_oktoberfestilla2.jpg\" alt=\"\" \/><\/a><\/p>\n<p style=\"text-align: center;\"><em>Tivoli illalla<\/em><\/p>\n","protected":false},"excerpt":{"rendered":"<p>Kuten toissaviikolla kerroin, j\u00e4rjestet\u00e4\u00e4n Oktoberfestej\u00e4 M\u00fcnchenin lis\u00e4ksi muuallakin Saksassa. Vaikka M\u00fcnchen onkin se suurin ja tunnetuin, on Berliiniss\u00e4kin j\u00e4rjestetty omat &#8221;varjo-Oktoberfestit&#8221; jo vuodesta 1947 l\u00e4htien. T\u00e4m\u00e4nvuotinen on j\u00e4rjestyksess\u00e4\u00e4n jo 61. ja tapahtumapaikkana on edellisvuosien tapaan Tegelin lentokent\u00e4n l\u00e4hell\u00e4 sijaitseva Zentraler Festplatzin tivolialue. Vaikken itse t\u00e4llaisesta tapahtumasta juurikaan perusta, l\u00e4hdimme silti Niinan kanssa istumaan mennytt\u00e4 lauantai-iltaa &hellip; <a href=\"https:\/\/www.vuosiamaailmalla.fi\/blog\/2011\/varjo-oktoberfesteilla\/\" class=\"more-link\">Jatka lukemista<span class=\"screen-reader-text\"> &#8221;Varjo-Oktoberfesteill\u00e4&#8221;<\/span><\/a><\/p>\n","protected":false},"author":1,"featured_media":11706,"comment_status":"open","ping_status":"open","sticky":false,"template":"","format":"standard","meta":{"_jetpack_memberships_contains_paid_content":false,"footnotes":""},"categories":[18,3],"tags":[25,34,49,66,260,190,191],"class_list":["post-752","post","type-post","status-publish","format-standard","has-post-thumbnail","hentry","category-arki-saksassa","category-arki-ulkomailla","tag-ajankohtaista","tag-arki","tag-berliini","tag-berlin-wedding","tag-oktoberfest","tag-saksa","tag-saksalainen-juttu"],"jetpack_featured_media_url":"https:\/\/www.vuosiamaailmalla.fi\/blog\/wp-content\/uploads\/berliinin_oktoberfest_tunnelmaa_banner.jpg","jetpack_sharing_enabled":true,"_links":{"self":[{"href":"https:\/\/www.vuosiamaailmalla.fi\/blog\/wp-json\/wp\/v2\/posts\/752","targetHints":{"allow":["GET"]}}],"collection":[{"href":"https:\/\/www.vuosiamaailmalla.fi\/blog\/wp-json\/wp\/v2\/posts"}],"about":[{"href":"https:\/\/www.vuosiamaailmalla.fi\/blog\/wp-json\/wp\/v2\/types\/post"}],"author":[{"embeddable":true,"href":"https:\/\/www.vuosiamaailmalla.fi\/blog\/wp-json\/wp\/v2\/users\/1"}],"replies":[{"embeddable":true,"href":"https:\/\/www.vuosiamaailmalla.fi\/blog\/wp-json\/wp\/v2\/comments?post=752"}],"version-history":[{"count":2,"href":"https:\/\/www.vuosiamaailmalla.fi\/blog\/wp-json\/wp\/v2\/posts\/752\/revisions"}],"predecessor-version":[{"id":11707,"href":"https:\/\/www.vuosiamaailmalla.fi\/blog\/wp-json\/wp\/v2\/posts\/752\/revisions\/11707"}],"wp:featuredmedia":[{"embeddable":true,"href":"https:\/\/www.vuosiamaailmalla.fi\/blog\/wp-json\/wp\/v2\/media\/11706"}],"wp:attachment":[{"href":"https:\/\/www.vuosiamaailmalla.fi\/blog\/wp-json\/wp\/v2\/media?parent=752"}],"wp:term":[{"taxonomy":"category","embeddable":true,"href":"https:\/\/www.vuosiamaailmalla.fi\/blog\/wp-json\/wp\/v2\/categories?post=752"},{"taxonomy":"post_tag","embeddable":true,"href":"https:\/\/www.vuosiamaailmalla.fi\/blog\/wp-json\/wp\/v2\/tags?post=752"}],"curies":[{"name":"wp","href":"https:\/\/api.w.org\/{rel}","templated":true}]}}