{"id":757,"date":"2011-09-25T14:05:08","date_gmt":"2011-09-25T21:05:08","guid":{"rendered":"http:\/\/13.53.127.146\/?p=757"},"modified":"2021-02-09T19:45:39","modified_gmt":"2021-02-10T03:45:39","slug":"maratonin-maailmanennatys-meni-uusiksi","status":"publish","type":"post","link":"https:\/\/www.vuosiamaailmalla.fi\/blog\/2011\/maratonin-maailmanennatys-meni-uusiksi\/","title":{"rendered":"Maratonin maailmanenn\u00e4tys meni uusiksi"},"content":{"rendered":"<p style=\"text-align: justify;\">T\u00e4n\u00e4\u00e4n juostiin 38. kerran Berliinin vuotuinen maraton. Tapahtuma oli t\u00e4n\u00e4kin vuonna loppuunmyyty ja maratonreitille oli ilmoittautunut 40 963 juoksijaa, jotka edustivat 125:t\u00e4 kansallisuutta. Kun mukaan lasketaan viikonlopun muihin juoksutapahtumiin osallistujat, nousee tapahtumaan osallistuvien m\u00e4\u00e4r\u00e4 yli 70 000:nen. Katsojia sunnuntaiaamup\u00e4iv\u00e4ll\u00e4 juostavaan maratoniin odotettiin t\u00e4n\u00e4kin vuonna noin miljoona.<\/p>\n<p style=\"text-align: justify;\">Koko Berliinin keskusta-alue on maratonviikonloppuna suljettu, sill\u00e4 pitkin kaupunkia mutkitteleva reitti ei mahdollista kulkemista autolla kaupungin keskustaan tai sielt\u00e4 ulos. Raitiovaunut eiv\u00e4t kulje, joten ainoat kulkupelit viikonlopun aikana ovat omat jalat, polkupy\u00f6r\u00e4 tai sitten S- ja <a title=\"U55\" href=\"http:\/\/www.vuosiamaailmalla.fi\/blog\/2010\/u55\/\">U-Bahn<\/a>. Me asumme niin keskustassa, ett\u00e4 maratonreitti sulkee meid\u00e4t kokonaan sis\u00e4\u00e4ns\u00e4. T\u00e4ss\u00e4 on se hyv\u00e4 puoli, ett\u00e4 maratonia on helppo l\u00e4hte\u00e4 katsomaan. Puolen kilometrin s\u00e4teell\u00e4 asunnostamme l\u00f6ytyv\u00e4t niin 11 kilometrin kohta Alexanderplatzilla, kuin 40 kilometrin kohta l\u00e4hell\u00e4 Gendarmenmarktia.<\/p>\n<p><!--more--><\/p>\n<p style=\"text-align: center;\"><a href=\"\/blog\/wp-content\/uploads\/2011\/maraton_2011_reitti.jpg\" target=\"_blank\" rel=\"noopener\"><img decoding=\"async\" style=\"border: 0px none; margin: 5px;\" src=\"\/blog\/wp-content\/uploads\/2011\/maraton_2011_reitti.jpg\" alt=\"\" \/><\/a><\/p>\n<p style=\"text-align: center;\"><em>Maratonreitti 2011<\/em><\/p>\n<p style=\"text-align: justify;\">Kuten edellisin\u00e4kin vuosina, satuimme my\u00f6s t\u00e4n\u00e4 vuonna her\u00e4\u00e4m\u00e4\u00e4n hieman ennen aamuyhdeks\u00e4\u00e4. Niinp\u00e4 ehdimme avaamaan television ja n\u00e4kem\u00e4\u00e4n miten melkein 41 000 osallistujan joukko l\u00e4hti matkaan Tiergartenin puiston halkaisevalta <em>Stra\u00dfe des 17. Juni<\/em> -kadulta. Televisiosta on hyv\u00e4 seurata maratonin etenemist\u00e4 ja juoksijoiden ollessa noin 20 kilometrin kohdalla, p\u00e4\u00e4tin l\u00e4hte\u00e4 katsomaan juoksijoita l\u00e4heiselle 40km pisteelle. Keli oli upea ja l\u00e4hikaduillamme oli hyvin tyhj\u00e4\u00e4. Ilman autoja kaupungilla oli suorastaan mystisen hiljaista k\u00e4vell\u00e4. K\u00e4velin rivakasti reitin varrelle, jossa oli siell\u00e4kin viel\u00e4 hiljaista. Olinkin sangen paljon etuajassa, sill\u00e4 vasta kolme varttia my\u00f6hemmin maratonin k\u00e4rki olisi tuolla kohdin. Niinp\u00e4 kuvailin hetken ymp\u00e4rist\u00f6n maisemia, sek\u00e4 reitill\u00e4 omaa suoritustaan painaneita rullatuolilla kilpailevia sek\u00e4 &#8221;k\u00e4sipy\u00f6r\u00e4ilij\u00f6it\u00e4&#8221;.<\/p>\n<p style=\"text-align: center;\"><a href=\"\/blog\/wp-content\/uploads\/2011\/kova_taisto_kaynnissa.jpg\" target=\"_blank\" rel=\"noopener\"><img decoding=\"async\" style=\"border: 0px none; margin: 5px;\" src=\"\/blog\/wp-content\/uploads\/2011\/thumbs\/thumbs_kova_taisto_kaynnissa.jpg\" alt=\"\" \/><\/a><a href=\"\/blog\/wp-content\/uploads\/2011\/kasipyorailija.jpg\" target=\"_blank\" rel=\"noopener\"><img decoding=\"async\" style=\"border: 0px none; margin: 5px;\" src=\"\/blog\/wp-content\/uploads\/2011\/thumbs\/thumbs_kasipyorailija.jpg\" alt=\"\" \/><\/a><\/p>\n<p style=\"text-align: center;\"><em>Muita kisaajia<\/em><\/p>\n<p style=\"text-align: justify;\">Miesten sarjassa Berliinin viime vuosien paras juoksija on ollut etiopialainen Haile Gebrselassie, joka voitti maratonin nelj\u00e4n\u00e4 per\u00e4kk\u00e4isen\u00e4 vuonna 2006-2009. Vuonna 2008 h\u00e4n juoksi maratonin voimassaolevan maailmanenn\u00e4tyksen Berliiniss\u00e4 aikaan 2:03:59. Olin my\u00f6s tuolloin reitin varrella samoilla noin 40km kohdilla ja otin <a href=\"http:\/\/youtu.be\/Cr7qwn_W34E\">videon<\/a> siit\u00e4 miten huikeaa vauhtia kaveri viel\u00e4 tuossa vaiheessa juoksee. <a title=\"Sateinen Berliinin maraton ja pikavisiitti Suomeen\" href=\"https:\/\/www.vuosiamaailmalla.fi\/?p=1424\">Viime vuonna<\/a> Gebrselassie ei osallistunutkaan Berliinin maratoniin ja niinp\u00e4 voiton vei toinen kovan luokan maratoonari, my\u00f6skin kenialainen, Patrick Makau. T\u00e4n\u00e4 vuonna sek\u00e4 Bebrselassie ett\u00e4 Makau olivat ilmoittautuneet kisaan, joten maratonista odotettiin j\u00e4nnitt\u00e4v\u00e4\u00e4.<\/p>\n<p style=\"text-align: justify;\">Ja j\u00e4nnitt\u00e4v\u00e4 kisasta tulikin. Ensimm\u00e4inen yll\u00e4tys koettiin noin 27 kilometrin kohdalla, kun kisaa tuolloin hallinnut Gebrselassie joutui \u00e4killisesti vet\u00e4ytym\u00e4\u00e4n tien sivuun. H\u00e4n palasi viel\u00e4 hetkeksi kisaan, mutta joutui pian keskeytt\u00e4m\u00e4\u00e4n kisan kokonaan. Johtoon siirtyikin Makau, joka oli huippuvedossa. Berliinin tasainen maratonreitti mahdollistaa hyvien olosuhteiden vallitessa eritt\u00e4in nopean suorituksen ja Makau painoikin t\u00e4ysill\u00e4 loppuun saakka. Tuloksena maratonin voitto yli nelj\u00e4n minuutin erolla toiseksi tulleeseen Stephen Kwelio Chemlanyyn, joka l\u00e4hti kisaan &#8221;j\u00e4niksen&#8221; ominaisuudessa. J\u00e4niksell\u00e4 tarkoitetaan odotettua enn\u00e4tysjuoksijaa (t\u00e4ss\u00e4 Gebrselassie) puolimatkaan kiritt\u00e4vi\u00e4 ja t\u00e4m\u00e4n edelt\u00e4 tuulta halkovia (!) juoksijoita, jotka eiv\u00e4t yleens\u00e4 juokse loppuun saakka. Huikeinta Makaun suorituksessa oli kuitenkin maaliintuloaika <strong>2:03:08<\/strong>, joka on uusi 21 sekuntia parantunut maailmanenn\u00e4tys!<\/p>\n<p style=\"text-align: center;\"><a href=\"\/blog\/wp-content\/uploads\/2011\/makau_lahestyy.jpg\" target=\"_blank\" rel=\"noopener\"><img decoding=\"async\" style=\"border: 0px none; margin: 5px;\" src=\"\/blog\/wp-content\/uploads\/2011\/makau_lahestyy.jpg\" alt=\"\" \/><\/a><\/p>\n<p style=\"text-align: center;\"><em>Makau l\u00e4hestyy<\/em><\/p>\n<p style=\"text-align: center;\"><a href=\"\/blog\/wp-content\/uploads\/2011\/makau_matkalla_voittoon.jpg\" target=\"_blank\" rel=\"noopener\"><img decoding=\"async\" style=\"border: 0px none; margin: 5px;\" src=\"\/blog\/wp-content\/uploads\/2011\/thumbs\/thumbs_makau_matkalla_voittoon.jpg\" alt=\"\" \/><\/a><a href=\"\/blog\/wp-content\/uploads\/2011\/toiseksi_tullut_kwelio_chemlany.jpg\" target=\"_blank\" rel=\"noopener\"><img decoding=\"async\" style=\"border: 0px none; margin: 5px;\" src=\"\/blog\/wp-content\/uploads\/2011\/thumbs\/thumbs_toiseksi_tullut_kwelio_chemlany.jpg\" alt=\"\" \/><\/a><\/p>\n<p style=\"text-align: center;\"><em>Patrick Makau ja Stephen Kwelio Chemlany<\/em><\/p>\n<p style=\"text-align: justify;\">Naisten kilpailun voitti kenialainen Florence Kiplagat per\u00e4ss\u00e4\u00e4n saksalainen Irina Mikitenko ja britti Paula Radcliffe. Radcliffen kohdalla kiintoisa tieto on, ett\u00e4 t\u00e4m\u00e4 synnytti pojan tasan vuosi sitten, joten menestyksek\u00e4s palaaminen kilpakentille on ollut todella nopeaa.<\/p>\n<p style=\"text-align: center;\"><a href=\"\/blog\/wp-content\/uploads\/2011\/florence_kiplagat.jpg\" target=\"_blank\" rel=\"noopener\"><img decoding=\"async\" style=\"border: 0px none; margin: 5px;\" src=\"\/blog\/wp-content\/uploads\/2011\/thumbs\/thumbs_florence_kiplagat.jpg\" alt=\"\" \/><\/a><a href=\"\/blog\/wp-content\/uploads\/2011\/paula_radcliffe.jpg\" target=\"_blank\" rel=\"noopener\"><img decoding=\"async\" style=\"border: 0px none; margin: 5px;\" src=\"\/blog\/wp-content\/uploads\/2011\/thumbs\/thumbs_paula_radcliffe.jpg\" alt=\"\" \/><\/a><\/p>\n<p style=\"text-align: center;\"><em>Florence Kiplagat ja Paula Radcliffe<\/em><\/p>\n<p style=\"text-align: justify;\">Kuten aina, tunnelma maratonreitin varrella oli loistava sambab\u00e4ndien soittaessa ja yleis\u00f6n taputtaessa sek\u00e4 py\u00f6ritt\u00e4ess\u00e4 &#8221;s\u00e4ks\u00e4ttimi\u00e4\u00e4n&#8221;. Tunnelma oli rento, mutta kunnollisten kuvien saaminen k\u00e4rkijuoksijoista oli j\u00e4lleen eritt\u00e4in vaikeaa. Sit\u00e4 on vain vaikea uskoa miten lujaa n\u00e4m\u00e4 juoksevat aivan maratonin lopussakin. Onnistuin silti nappaamaan pikaiset kuvat niin miesten kuin naistenkin kisan voittaneista.<\/p>\n<p style=\"text-align: center;\"><a href=\"\/blog\/wp-content\/uploads\/2011\/sambaorkesteri2.jpg\" target=\"_blank\" rel=\"noopener\"><img decoding=\"async\" style=\"border: 0px none; margin: 5px;\" src=\"\/blog\/wp-content\/uploads\/2011\/thumbs\/thumbs_sambaorkesteri2.jpg\" alt=\"\" \/><\/a><a href=\"\/blog\/wp-content\/uploads\/2011\/sambaorkesteri1.jpg\" target=\"_blank\" rel=\"noopener\"><img decoding=\"async\" style=\"border: 0px none; margin: 5px;\" src=\"\/blog\/wp-content\/uploads\/2011\/thumbs\/thumbs_sambaorkesteri1.jpg\" alt=\"\" \/><\/a><\/p>\n<p style=\"text-align: center;\"><em>Sambaorkesterit tunnelmaa luomassa<\/em><\/p>\n<p style=\"text-align: justify;\">T\u00e4t\u00e4 kirjoittaessa viimeisi\u00e4 maaliintulijoita viel\u00e4 odotellaan, sill\u00e4 aikaa maaliin saapumiselle on yhteens\u00e4 6 tuntia ja 15 minuuttia. Sen j\u00e4lkeen alkaa tapahtuman purkaminen ja katujen avaaminen j\u00e4lleen normaalille liikenteelle. Enn\u00e4tysmaratoni on j\u00e4lleen ohitse, mutta varmaa on ett\u00e4 ensi vuonna on odotettavissa uusi taisto, sill\u00e4 Gebrselassie hamuaa varmasti nyt rikottua enn\u00e4tyst\u00e4\u00e4n takaisin. Saa n\u00e4hd\u00e4 miten k\u00e4y.<\/p>\n","protected":false},"excerpt":{"rendered":"<p>T\u00e4n\u00e4\u00e4n juostiin 38. kerran Berliinin vuotuinen maraton. Tapahtuma oli t\u00e4n\u00e4kin vuonna loppuunmyyty ja maratonreitille oli ilmoittautunut 40 963 juoksijaa, jotka edustivat 125:t\u00e4 kansallisuutta. Kun mukaan lasketaan viikonlopun muihin juoksutapahtumiin osallistujat, nousee tapahtumaan osallistuvien m\u00e4\u00e4r\u00e4 yli 70 000:nen. Katsojia sunnuntaiaamup\u00e4iv\u00e4ll\u00e4 juostavaan maratoniin odotettiin t\u00e4n\u00e4kin vuonna noin miljoona. Koko Berliinin keskusta-alue on maratonviikonloppuna suljettu, sill\u00e4 pitkin kaupunkia &hellip; <a href=\"https:\/\/www.vuosiamaailmalla.fi\/blog\/2011\/maratonin-maailmanennatys-meni-uusiksi\/\" class=\"more-link\">Jatka lukemista<span class=\"screen-reader-text\"> &#8221;Maratonin maailmanenn\u00e4tys meni uusiksi&#8221;<\/span><\/a><\/p>\n","protected":false},"author":1,"featured_media":11737,"comment_status":"open","ping_status":"open","sticky":false,"template":"","format":"standard","meta":{"_jetpack_memberships_contains_paid_content":false,"footnotes":""},"categories":[18,3],"tags":[25,49,50,190],"class_list":["post-757","post","type-post","status-publish","format-standard","has-post-thumbnail","hentry","category-arki-saksassa","category-arki-ulkomailla","tag-ajankohtaista","tag-berliini","tag-berliinin-maraton","tag-saksa"],"jetpack_featured_media_url":"https:\/\/www.vuosiamaailmalla.fi\/blog\/wp-content\/uploads\/berliinin_maraton_banner-1.jpg","jetpack_sharing_enabled":true,"_links":{"self":[{"href":"https:\/\/www.vuosiamaailmalla.fi\/blog\/wp-json\/wp\/v2\/posts\/757","targetHints":{"allow":["GET"]}}],"collection":[{"href":"https:\/\/www.vuosiamaailmalla.fi\/blog\/wp-json\/wp\/v2\/posts"}],"about":[{"href":"https:\/\/www.vuosiamaailmalla.fi\/blog\/wp-json\/wp\/v2\/types\/post"}],"author":[{"embeddable":true,"href":"https:\/\/www.vuosiamaailmalla.fi\/blog\/wp-json\/wp\/v2\/users\/1"}],"replies":[{"embeddable":true,"href":"https:\/\/www.vuosiamaailmalla.fi\/blog\/wp-json\/wp\/v2\/comments?post=757"}],"version-history":[{"count":2,"href":"https:\/\/www.vuosiamaailmalla.fi\/blog\/wp-json\/wp\/v2\/posts\/757\/revisions"}],"predecessor-version":[{"id":11739,"href":"https:\/\/www.vuosiamaailmalla.fi\/blog\/wp-json\/wp\/v2\/posts\/757\/revisions\/11739"}],"wp:featuredmedia":[{"embeddable":true,"href":"https:\/\/www.vuosiamaailmalla.fi\/blog\/wp-json\/wp\/v2\/media\/11737"}],"wp:attachment":[{"href":"https:\/\/www.vuosiamaailmalla.fi\/blog\/wp-json\/wp\/v2\/media?parent=757"}],"wp:term":[{"taxonomy":"category","embeddable":true,"href":"https:\/\/www.vuosiamaailmalla.fi\/blog\/wp-json\/wp\/v2\/categories?post=757"},{"taxonomy":"post_tag","embeddable":true,"href":"https:\/\/www.vuosiamaailmalla.fi\/blog\/wp-json\/wp\/v2\/tags?post=757"}],"curies":[{"name":"wp","href":"https:\/\/api.w.org\/{rel}","templated":true}]}}