{"id":7583,"date":"2014-08-07T16:56:46","date_gmt":"2014-08-07T23:56:46","guid":{"rendered":"http:\/\/13.53.127.146\/?p=7583"},"modified":"2019-12-18T18:10:04","modified_gmt":"2019-12-19T02:10:04","slug":"kauniiden-alppiniittyjen-elfin-lakes","status":"publish","type":"post","link":"https:\/\/www.vuosiamaailmalla.fi\/blog\/2014\/kauniiden-alppiniittyjen-elfin-lakes\/","title":{"rendered":"Kauniiden alppiniittyjen Elfin Lakes"},"content":{"rendered":"<p style=\"text-align: justify;\">Mielemme on tehnyt jo kotvan l\u00e4hte\u00e4 kokeilemaan hieman pidemp\u00e4\u00e4 vaellusta. T\u00e4llaisia reittej\u00e4 ei kuitenkaan l\u00f6ydy aivan l\u00e4hivuorilta, joten otimmekin suunnaksemme ulkoiluparatiisina tunnetun Squamishin. Kuuluisin vaellus kyl\u00e4ss\u00e4 on aivan keskustan vierell\u00e4 raskas kiipe\u00e4minen korkealle <a href=\"https:\/\/www.vuosiamaailmalla.fi\/?p=2952\"><em>Stawamus Chiefille<\/em><\/a>, jonka suoritimme vuonna 2012. Mielenkiintomme kohdistui kuitenkin t\u00e4ll\u00e4 kertaa Squamishin taustana kohoavan jylh\u00e4n Mount Garibaldin suuntaan.<\/p>\n<p><!--more--><\/p>\n<p style=\"text-align: justify;\">2678 metri\u00e4 korkea Garibaldi on ymp\u00e4rist\u00f6st\u00e4\u00e4n selv\u00e4sti erottuva nukkuva tulivuori. Vuoren ei tiedet\u00e4 purkautuneen tallennetun historian aikana, mutta se kuuluu potentiaalisesti aktiivisten tulivuorten joukkoon. My\u00f6s itse Garibaldin huipulle on mahdollista vaeltaa, mutta paremmin jylh\u00e4\u00e4 huippua voi ihailla viereiselt\u00e4 harjulta, jonne johtaa <em>Elfin Lakes<\/em> nimell\u00e4 tunnettu vaelluspolku.<\/p>\n<p style=\"text-align: center;\"><a href=\"\/blog\/wp-content\/uploads\/2014\/polku_elfin_lakesille1.jpg\"><img decoding=\"async\" style=\"border: 0px none; margin: 5px;\" src=\"\/blog\/wp-content\/uploads\/2014\/polku_elfin_lakesille1.jpg\" alt=\"\" \/><\/a><\/p>\n<p style=\"text-align: center;\"><em>Elfin Lakesin polku<\/em><\/p>\n<p style=\"text-align: justify;\">Kahdelle pienelle alppij\u00e4rvelle johtava polku on kuuluisa kauniista alppimaisemistaan ja sit\u00e4 suositellaan teht\u00e4v\u00e4ksi juuri kauniina kes\u00e4p\u00e4iv\u00e4n\u00e4. Auton kanssa p\u00e4\u00e4see pient\u00e4 ja hieman huonokuntoista hiekkatiet\u00e4 pitkin noin kilometrin korkeudessa sijaitsevalle parkkipaikalle, josta matkaa on jatkettava jalan. Ensimm\u00e4iset viisi kilometri\u00e4 kuljetaan tasaisesti nousevaa mets\u00e4tien pohjaa pitkin. Maisemia ei ole paljoakaan, mutta nousua kertyy kuitenkin nelj\u00e4sataa metri\u00e4 ennen kuin saavutaan pienelle puolimatkan h\u00e4t\u00e4suojalle. Siin\u00e4 on hyv\u00e4 piste nauttia ev\u00e4ist\u00e4, sill\u00e4 suurin nousu on nyt takana.<\/p>\n<p style=\"text-align: center;\"><a href=\"\/blog\/wp-content\/uploads\/2014\/utuinen_squamish.jpg\"><img decoding=\"async\" style=\"border: 0px none; margin: 5px;\" src=\"\/blog\/wp-content\/uploads\/2014\/utuinen_squamish.jpg\" alt=\"\" \/><\/a><\/p>\n<p style=\"text-align: center;\"><em>Squamish Howe Soundin rannalla<\/em><\/p>\n<p style=\"text-align: center;\"><a href=\"\/blog\/wp-content\/uploads\/2014\/polku_elfin_lakesille5.jpg\"><img decoding=\"async\" style=\"border: 0px none; margin: 5px;\" src=\"\/blog\/wp-content\/uploads\/2014\/thumbs\/thumbs_polku_elfin_lakesille5.jpg\" alt=\"\" \/><\/a><a href=\"\/blog\/wp-content\/uploads\/2014\/ulkohuussi.jpg\"><img decoding=\"async\" style=\"border: 0px none; margin: 5px;\" src=\"\/blog\/wp-content\/uploads\/2014\/thumbs\/thumbs_ulkohuussi.jpg\" alt=\"\" \/><\/a><\/p>\n<p style=\"text-align: center;\"><em>Alkumatkan maisemia<\/em><\/p>\n<p style=\"text-align: justify;\">Suojalta mets\u00e4tie jatkuu mets\u00e4\u00e4n poikkeavaksi poluksi, joka halkoo jo harvaksi k\u00e4yneit\u00e4 havumetsi\u00e4. Avautuvat maisemat alkavat viimein antaa vihi\u00e4 tulevista maisemista, kun takana alkavat n\u00e4ky\u00e4 viel\u00e4 n\u00e4in elokuussakin valkeat lumihuiput. \ud83d\ude00<\/p>\n<p style=\"text-align: center;\"><a href=\"\/blog\/wp-content\/uploads\/2014\/polku_elfin_lakesille7.jpg\"><img decoding=\"async\" style=\"border: 0px none; margin: 5px;\" src=\"\/blog\/wp-content\/uploads\/2014\/thumbs\/thumbs_polku_elfin_lakesille7.jpg\" alt=\"\" \/><\/a><a href=\"\/blog\/wp-content\/uploads\/2014\/polku_elfin_lakesille6.jpg\"><img decoding=\"async\" style=\"border: 0px none; margin: 5px;\" src=\"\/blog\/wp-content\/uploads\/2014\/thumbs\/thumbs_polku_elfin_lakesille6.jpg\" alt=\"\" \/><\/a><a href=\"\/blog\/wp-content\/uploads\/2014\/polku_elfin_lakesille2.jpg\"><img decoding=\"async\" style=\"border: 0px none; margin: 5px;\" src=\"\/blog\/wp-content\/uploads\/2014\/thumbs\/thumbs_polku_elfin_lakesille2.jpg\" alt=\"\" \/><\/a><\/p>\n<p style=\"text-align: center;\"><em>Hiljalleen avautuvat vaellusmaisemat<\/em><\/p>\n<p style=\"text-align: justify;\">Mets\u00e4 antaa tilaa alppikedoille ja esiin tulee my\u00f6s itse Garibaldi, joka kohoaa jylh\u00e4n\u00e4 syv\u00e4n laakson toisella puolella. Kirkkaana paistava l\u00e4mmin aurinko hellii kulkijaa ja ymp\u00e4rill\u00e4 kauniit kukkakedot loistavat v\u00e4rikk\u00e4in\u00e4 taustallaan upeat alppimaisemat. Polku nousee noin 1550 metrin korkeuteen, josta se l\u00e4htee pienesti laskeutumaan vehre\u00e4n harjanteen huippua.<\/p>\n<p style=\"text-align: center;\"><a href=\"\/blog\/wp-content\/uploads\/2014\/polku_elfin_lakesille3.jpg\"><img decoding=\"async\" style=\"border: 0px none; margin: 5px;\" src=\"\/blog\/wp-content\/uploads\/2014\/thumbs\/thumbs_polku_elfin_lakesille3.jpg\" alt=\"\" \/><\/a><a href=\"\/blog\/wp-content\/uploads\/2014\/polku_elfin_lakesille4.jpg\"><img decoding=\"async\" style=\"border: 0px none; margin: 5px;\" src=\"\/blog\/wp-content\/uploads\/2014\/thumbs\/thumbs_polku_elfin_lakesille4.jpg\" alt=\"\" \/><\/a><a href=\"\/blog\/wp-content\/uploads\/2014\/polku_elfin_lakesille10.jpg\"><img decoding=\"async\" style=\"border: 0px none; margin: 5px;\" src=\"\/blog\/wp-content\/uploads\/2014\/thumbs\/thumbs_polku_elfin_lakesille10.jpg\" alt=\"\" \/><\/a><\/p>\n<p style=\"text-align: center;\"><em>Sinitaivaiset alppimaisemat<br \/>\n<\/em><\/p>\n<p style=\"text-align: center;\"><a href=\"\/blog\/wp-content\/uploads\/2014\/mount_garibaldi_panoraama2.jpg\"><img decoding=\"async\" style=\"border: 0px none; margin: 5px;\" src=\"\/blog\/wp-content\/uploads\/2014\/mount_garibaldi_panoraama2_pieni.jpg\" alt=\"\" \/><\/a><\/p>\n<p style=\"text-align: center;\"><em>Uinuva Mount Garibaldi<\/em><\/p>\n<p style=\"text-align: center;\"><a href=\"\/blog\/wp-content\/uploads\/2014\/mount_garibaldi8.jpg\"><img decoding=\"async\" style=\"border: 0px none; margin: 5px;\" src=\"\/blog\/wp-content\/uploads\/2014\/thumbs\/thumbs_mount_garibaldi8.jpg\" alt=\"\" \/><\/a><a href=\"\/blog\/wp-content\/uploads\/2014\/polku_elfin_lakesille8.jpg\"><img decoding=\"async\" style=\"border: 0px none; margin: 5px;\" src=\"\/blog\/wp-content\/uploads\/2014\/thumbs\/thumbs_polku_elfin_lakesille8.jpg\" alt=\"\" \/><\/a><a href=\"\/blog\/wp-content\/uploads\/2014\/polku_elfin_lakesille9.jpg\"><img decoding=\"async\" style=\"border: 0px none; margin: 5px;\" src=\"\/blog\/wp-content\/uploads\/2014\/thumbs\/thumbs_polku_elfin_lakesille9.jpg\" alt=\"\" \/><\/a><\/p>\n<p style=\"text-align: center;\"><em>Harjanne kohti m\u00e4\u00e4r\u00e4np\u00e4\u00e4t\u00e4<\/em><\/p>\n<p style=\"text-align: justify;\">Noin 11 kilometrin k\u00e4velyn j\u00e4lkeen saavutaan lopulta harjanteen k\u00e4rjess\u00e4 sijaitseville Elfin Lakesin kahdelle pienelle lammelle. Talvella satavasta lumesta vetens\u00e4 saavat kristallinkirkkaat lammet toimivat juomaveten\u00e4 sek\u00e4 pulahduspaikkana alueella sijaitsevalle leiripaikalle, jossa vaeltajat voivat pienest\u00e4 maksusta viett\u00e4\u00e4 y\u00f6n vuoristossa. Y\u00f6pyminen ei ole tarpeen p\u00e4iv\u00e4matkalaisille, mutta niille jotka suunnittelevat jatkavan matkaansa viel\u00e4 yli kymmenen kilometri\u00e4 pidemm\u00e4ll\u00e4 sijaitsevalle <em>Mamquam Lakelle<\/em> y\u00f6pyminen on melkeinp\u00e4 pakollista mennen tullen.<\/p>\n<p style=\"text-align: center;\"><a href=\"\/blog\/wp-content\/uploads\/2014\/elfin_lakes_panoraama1.jpg\"><img decoding=\"async\" style=\"border: 0px none; margin: 5px;\" src=\"\/blog\/wp-content\/uploads\/2014\/elfin_lakes_panoraama1_pieni.jpg\" alt=\"\" \/><\/a><\/p>\n<p style=\"text-align: center;\"><em>Elfin Lakes<\/em><\/p>\n<p style=\"text-align: center;\"><a href=\"\/blog\/wp-content\/uploads\/2014\/elfin_lakes.jpg\"><img decoding=\"async\" style=\"border: 0px none; margin: 5px;\" src=\"\/blog\/wp-content\/uploads\/2014\/thumbs\/thumbs_elfin_lakes.jpg\" alt=\"\" \/><\/a><a href=\"\/blog\/wp-content\/uploads\/2014\/hulppea_telttapaikka.jpg\"><img decoding=\"async\" style=\"border: 0px none; margin: 5px;\" src=\"\/blog\/wp-content\/uploads\/2014\/thumbs\/thumbs_hulppea_telttapaikka.jpg\" alt=\"\" \/><\/a><a href=\"\/blog\/wp-content\/uploads\/2014\/utuisia_jaatikkoja3.jpg\"><img decoding=\"async\" style=\"border: 0px none; margin: 5px;\" src=\"\/blog\/wp-content\/uploads\/2014\/thumbs\/thumbs_utuisia_jaatikkoja3.jpg\" alt=\"\" \/><\/a><\/p>\n<p style=\"text-align: center;\"><em>Melkoiset maisemat y\u00f6py\u00e4!<\/em><\/p>\n<p style=\"text-align: center;\"><a href=\"\/blog\/wp-content\/uploads\/2014\/karhun_ulottumattomissa.jpg\"><img decoding=\"async\" style=\"border: 0px none; margin: 5px;\" src=\"\/blog\/wp-content\/uploads\/2014\/thumbs\/thumbs_karhun_ulottumattomissa.jpg\" alt=\"\" \/><\/a><\/p>\n<p style=\"text-align: center;\"><em>Ruokapussukat karhuilta suojassa<\/em><\/p>\n<p style=\"text-align: center;\"><a href=\"\/blog\/wp-content\/uploads\/2014\/elfin_lakes_panoraama2.jpg\"><img decoding=\"async\" style=\"border: 0px none; margin: 5px;\" src=\"\/blog\/wp-content\/uploads\/2014\/elfin_lakes_panoraama2_pieni.jpg\" alt=\"\" \/><\/a><\/p>\n<p style=\"text-align: center;\"><em>Taustan j\u00e4\u00e4tikk\u00f6huippuja<\/em><\/p>\n<p style=\"text-align: center;\"><a href=\"\/blog\/wp-content\/uploads\/2014\/mount_garibaldi9.jpg\"><img decoding=\"async\" style=\"border: 0px none; margin: 5px;\" src=\"\/blog\/wp-content\/uploads\/2014\/mount_garibaldi9.jpg\" alt=\"\" \/><\/a><\/p>\n<p style=\"text-align: center;\"><em>Polku kohti kaukaista Mamquam Lakea<\/em><\/p>\n<p style=\"text-align: justify;\">Maisemat ovat kauniina p\u00e4iv\u00e4n\u00e4 sanoinkuvaamattoman upeat ja viile\u00e4vetinen lampi houkuttelikin monia uimareita pitk\u00e4n k\u00e4velyn p\u00e4\u00e4lle. Ymp\u00e4r\u00f6iv\u00e4 maisema on melko koskematon, joskin hieman et\u00e4\u00e4mm\u00e4ll\u00e4 n\u00e4kyy utuisena joitain vuosia sitten raivatun mets\u00e4n j\u00e4lki\u00e4. Samaisiin upeisiin maisemiin on viime vuosina suunniteltu uutta suurta laskettelukeskusta, mutta t\u00e4m\u00e4n suunnitelman toteutumisesta ei ole t\u00e4ll\u00e4 haavaa mit\u00e4\u00e4n tietoa. Paikka olisi kyll\u00e4 kaunis, mutta villin luonnon uhraaminen laskettelukeskukselle tuntuu hieman harmittavalta ajatukselta.<\/p>\n<p style=\"text-align: center;\"><a href=\"\/blog\/wp-content\/uploads\/2014\/utuisia_jaatikkoja4.jpg\"><img decoding=\"async\" style=\"border: 0px none; margin: 5px;\" src=\"\/blog\/wp-content\/uploads\/2014\/thumbs\/thumbs_utuisia_jaatikkoja4.jpg\" alt=\"\" \/><\/a><a href=\"\/blog\/wp-content\/uploads\/2014\/utuisia_jaatikkoja1.jpg\"><img decoding=\"async\" style=\"border: 0px none; margin: 5px;\" src=\"\/blog\/wp-content\/uploads\/2014\/thumbs\/thumbs_utuisia_jaatikkoja1.jpg\" alt=\"\" \/><\/a><a href=\"\/blog\/wp-content\/uploads\/2014\/utuisia_jaatikkoja2.jpg\"><img decoding=\"async\" style=\"border: 0px none; margin: 5px;\" src=\"\/blog\/wp-content\/uploads\/2014\/thumbs\/thumbs_utuisia_jaatikkoja2.jpg\" alt=\"\" \/><\/a><\/p>\n<p style=\"text-align: center;\"><em>Utuisia j\u00e4\u00e4tikk\u00f6huippuja<\/em><\/p>\n<p style=\"text-align: center;\"><a href=\"\/blog\/wp-content\/uploads\/2014\/parturoitua_metsaa.jpg\"><img decoding=\"async\" style=\"border: 0px none; margin: 5px;\" src=\"\/blog\/wp-content\/uploads\/2014\/parturoitua_metsaa.jpg\" alt=\"\" \/><\/a><\/p>\n<p style=\"text-align: center;\"><em>Parturoitua mets\u00e4\u00e4<\/em><\/p>\n<p style=\"text-align: justify;\">Lounastauolla itse\u00e4mme ladattuamme l\u00e4hdimme paluumatkalle. Reitill\u00e4 ei tarvinnut olla yksin kumpaankaan suuntaan menness\u00e4, sill\u00e4 muita kulkijoita oli kauniina p\u00e4iv\u00e4n\u00e4 kymmeni\u00e4, jos ei satoja ja polulla kohtasikin v\u00e4h\u00e4n v\u00e4li\u00e4 muita vaeltajia.<\/p>\n<p style=\"text-align: center;\"><a href=\"\/blog\/wp-content\/uploads\/2014\/mount_garibaldi1.jpg\"><img decoding=\"async\" style=\"border: 0px none; margin: 5px;\" src=\"\/blog\/wp-content\/uploads\/2014\/thumbs\/thumbs_mount_garibaldi1.jpg\" alt=\"\" \/><\/a><a href=\"\/blog\/wp-content\/uploads\/2014\/mount_garibaldi_pose.jpg\"><img decoding=\"async\" style=\"border: 0px none; margin: 5px;\" src=\"\/blog\/wp-content\/uploads\/2014\/thumbs\/thumbs_mount_garibaldi_pose.jpg\" alt=\"\" \/><\/a><a href=\"\/blog\/wp-content\/uploads\/2014\/mount_garibaldi5.jpg\"><img decoding=\"async\" style=\"border: 0px none; margin: 5px;\" src=\"\/blog\/wp-content\/uploads\/2014\/thumbs\/thumbs_mount_garibaldi5.jpg\" alt=\"\" \/><\/a><\/p>\n<p style=\"text-align: center;\"><em>Valokuvaukselliset Garibaldi sek\u00e4 allekirjoittanut<\/em><\/p>\n<p style=\"text-align: center;\"><a href=\"\/blog\/wp-content\/uploads\/2014\/mount_garibaldi2.jpg\"><img decoding=\"async\" style=\"border: 0px none; margin: 5px;\" src=\"\/blog\/wp-content\/uploads\/2014\/thumbs\/thumbs_mount_garibaldi2.jpg\" alt=\"\" \/><\/a><a href=\"\/blog\/wp-content\/uploads\/2014\/mount_garibaldi4.jpg\"><img decoding=\"async\" style=\"border: 0px none; margin: 5px;\" src=\"\/blog\/wp-content\/uploads\/2014\/thumbs\/thumbs_mount_garibaldi4.jpg\" alt=\"\" \/><\/a><\/p>\n<p style=\"text-align: center;\"><em>Garibaldin karu huippu<\/em><\/p>\n<p style=\"text-align: justify;\">Paluu takaisin mets\u00e4n sisuksiin oli hieman masentavaa, sill\u00e4 upeista maisemista ei olisi halunnut luopua. Vaellukselle kertyy mittaa 22 kilometri\u00e4, joka ottaa hyv\u00e4kuntoisesta polusta huolimatta miehest\u00e4 hieman mittaa. Siltikin meilt\u00e4 kului matkaan taukoineen vain viisi ja puoli tuntia, mik\u00e4 tarkoittaa melko hyv\u00e4\u00e4 vauhtia.<\/p>\n<p style=\"text-align: center;\"><a href=\"\/blog\/wp-content\/uploads\/2014\/mount_garibaldi3.jpg\"><img decoding=\"async\" style=\"border: 0px none; margin: 5px;\" src=\"\/blog\/wp-content\/uploads\/2014\/thumbs\/thumbs_mount_garibaldi3.jpg\" alt=\"\" \/><\/a><a href=\"\/blog\/wp-content\/uploads\/2014\/mount_garibaldi6.jpg\"><img decoding=\"async\" style=\"border: 0px none; margin: 5px;\" src=\"\/blog\/wp-content\/uploads\/2014\/thumbs\/thumbs_mount_garibaldi6.jpg\" alt=\"\" \/><\/a><a href=\"\/blog\/wp-content\/uploads\/2014\/mount_garibaldi7.jpg\"><img decoding=\"async\" style=\"border: 0px none; margin: 5px;\" src=\"\/blog\/wp-content\/uploads\/2014\/thumbs\/thumbs_mount_garibaldi7.jpg\" alt=\"\" \/><\/a><\/p>\n<p style=\"text-align: center;\"><em>Maisemat joita ei vain haluaisi j\u00e4tt\u00e4\u00e4<\/em><\/p>\n<p style=\"text-align: justify;\">En voi kiist\u00e4\u00e4 etteik\u00f6 ollut mahtava tunne p\u00e4\u00e4st\u00e4 painamaan takapuolensa <a href=\"https:\/\/www.vuosiamaailmalla.fi\/?p=2938\">bemarin<\/a> penkkiin ja palaamaan takaisin kotiin. Elfin Lakes on kerrassaan upea reitti, joka menee ehdottomasti kaikkien aikojen vaellustemme top 5:een ja jakaa varmasti tittelin t\u00e4h\u00e4n saakka parhaimmasta vaelluksestamme t\u00e4ll\u00e4 seudulla Pembertonissa sijaitsevien <a href=\"https:\/\/www.vuosiamaailmalla.fi\/?p=7117\">upeiden Joffre Lakesien<\/a> kanssa. \ud83d\ude1b<\/p>\n<p style=\"text-align: center;\"><a href=\"\/blog\/wp-content\/uploads\/2014\/mount_garibaldi_panoraama1.jpg\"><img decoding=\"async\" style=\"border: 0px none; margin: 5px;\" src=\"\/blog\/wp-content\/uploads\/2014\/mount_garibaldi_panoraama1_pieni.jpg\" alt=\"\" \/><\/a><\/p>\n<p style=\"text-align: center;\"><em>Vaellusten ehdotonta huippua<\/em><\/p>\n","protected":false},"excerpt":{"rendered":"<p>Mielemme on tehnyt jo kotvan l\u00e4hte\u00e4 kokeilemaan hieman pidemp\u00e4\u00e4 vaellusta. T\u00e4llaisia reittej\u00e4 ei kuitenkaan l\u00f6ydy aivan l\u00e4hivuorilta, joten otimmekin suunnaksemme ulkoiluparatiisina tunnetun Squamishin. Kuuluisin vaellus kyl\u00e4ss\u00e4 on aivan keskustan vierell\u00e4 raskas kiipe\u00e4minen korkealle Stawamus Chiefille, jonka suoritimme vuonna 2012. Mielenkiintomme kohdistui kuitenkin t\u00e4ll\u00e4 kertaa Squamishin taustana kohoavan jylh\u00e4n Mount Garibaldin suuntaan.<\/p>\n","protected":false},"author":1,"featured_media":10447,"comment_status":"open","ping_status":"open","sticky":false,"template":"","format":"standard","meta":{"_jetpack_memberships_contains_paid_content":false,"footnotes":""},"categories":[17,3,774,775],"tags":[34,1058,935,1059,612,938],"class_list":["post-7583","post","type-post","status-publish","format-standard","has-post-thumbnail","hentry","category-arki-kanadassa","category-arki-ulkomailla","category-ulkoilu","category-vaellus-ulkoilu","tag-arki","tag-elfin-lakes","tag-kanada","tag-mount-garibaldi","tag-squamish","tag-vaellus"],"jetpack_featured_media_url":"https:\/\/www.vuosiamaailmalla.fi\/blog\/wp-content\/uploads\/elfin_lakes_banner-1.jpg","jetpack_sharing_enabled":true,"_links":{"self":[{"href":"https:\/\/www.vuosiamaailmalla.fi\/blog\/wp-json\/wp\/v2\/posts\/7583","targetHints":{"allow":["GET"]}}],"collection":[{"href":"https:\/\/www.vuosiamaailmalla.fi\/blog\/wp-json\/wp\/v2\/posts"}],"about":[{"href":"https:\/\/www.vuosiamaailmalla.fi\/blog\/wp-json\/wp\/v2\/types\/post"}],"author":[{"embeddable":true,"href":"https:\/\/www.vuosiamaailmalla.fi\/blog\/wp-json\/wp\/v2\/users\/1"}],"replies":[{"embeddable":true,"href":"https:\/\/www.vuosiamaailmalla.fi\/blog\/wp-json\/wp\/v2\/comments?post=7583"}],"version-history":[{"count":0,"href":"https:\/\/www.vuosiamaailmalla.fi\/blog\/wp-json\/wp\/v2\/posts\/7583\/revisions"}],"wp:featuredmedia":[{"embeddable":true,"href":"https:\/\/www.vuosiamaailmalla.fi\/blog\/wp-json\/wp\/v2\/media\/10447"}],"wp:attachment":[{"href":"https:\/\/www.vuosiamaailmalla.fi\/blog\/wp-json\/wp\/v2\/media?parent=7583"}],"wp:term":[{"taxonomy":"category","embeddable":true,"href":"https:\/\/www.vuosiamaailmalla.fi\/blog\/wp-json\/wp\/v2\/categories?post=7583"},{"taxonomy":"post_tag","embeddable":true,"href":"https:\/\/www.vuosiamaailmalla.fi\/blog\/wp-json\/wp\/v2\/tags?post=7583"}],"curies":[{"name":"wp","href":"https:\/\/api.w.org\/{rel}","templated":true}]}}