{"id":7591,"date":"2015-12-15T10:27:18","date_gmt":"2015-12-15T18:27:18","guid":{"rendered":"http:\/\/13.53.127.146\/?p=7591"},"modified":"2020-11-12T12:08:30","modified_gmt":"2020-11-12T20:08:30","slug":"yokyopelina-cypress-mountainilla","status":"publish","type":"post","link":"https:\/\/www.vuosiamaailmalla.fi\/blog\/2015\/yokyopelina-cypress-mountainilla\/","title":{"rendered":"Y\u00f6ky\u00f6pelin\u00e4 Cypress Mountainilla"},"content":{"rendered":"<p style=\"text-align: justify;\">Viimeiset puolitoista viikkoa ovat olleet Vancouverissa eritt\u00e4in sateiset. <a href=\"https:\/\/www.vuosiamaailmalla.fi\/?p=3824\"><em>Pineapple Express<\/em><\/a> toisensa j\u00e4lkeen on tuonut lounaasta runsaita sateita, jotka ovat piiskanneet l\u00e4nsirannikkoa. Whistlerill\u00e4 tilanteesta on kuitenkin nautittu, sill\u00e4 siell\u00e4 sateet ovat tulleet lumena, jota on satanut parin viikon aikana l\u00e4hemm\u00e4s kaksi metri\u00e4. Kahden viikon takainen <a href=\"https:\/\/www.vuosiamaailmalla.fi\/?p=7499\">laskettelukauden avauksemme Whistlerill\u00e4<\/a> olikin puhdasta parhautta.<\/p>\n<p><!--more--><\/p>\n<p style=\"text-align: justify;\">L\u00e4hivuorilla tilanne on ollut kahtiajakoisempia ja alkuun sateet tulivat veten\u00e4. Tilanne k\u00e4\u00e4ntyi kuitenkin t\u00e4ysin viikonlopun myrskyn my\u00f6t\u00e4, joka dumppasi l\u00e4hivuorille vuorokauden aikana huikeat <strong>75 senttimetri\u00e4<\/strong> lunta! Kyse on suurimmasta lumisateesta pariin vuoteen ja rinteet olivat viikonloppuna sakeana lumenn\u00e4lk\u00e4isist\u00e4 laskijoista.<\/p>\n<p style=\"text-align: center;\"><a href=\"\/blog\/wp-content\/uploads\/2015\/ilta_cypressilla5.jpg\"><img decoding=\"async\" style=\"border: 0px none; margin: 5px;\" src=\"\/blog\/wp-content\/uploads\/2015\/thumbs\/thumbs_ilta_cypressilla5.jpg\" alt=\"\" \/><\/a><a href=\"\/blog\/wp-content\/uploads\/2015\/ilta_cypressilla1.jpg\"><img decoding=\"async\" style=\"border: 0px none; margin: 5px;\" src=\"\/blog\/wp-content\/uploads\/2015\/thumbs\/thumbs_ilta_cypressilla1.jpg\" alt=\"\" \/><\/a><a href=\"\/blog\/wp-content\/uploads\/2015\/ilta_cypressilla4.jpg\"><img decoding=\"async\" style=\"border: 0px none; margin: 5px;\" src=\"\/blog\/wp-content\/uploads\/2015\/thumbs\/thumbs_ilta_cypressilla4.jpg\" alt=\"\" \/><\/a><\/p>\n<p style=\"text-align: center;\"><em>Mets\u00e4 lumesta valkeana<\/em><\/p>\n<p style=\"text-align: justify;\">Me p\u00e4\u00e4timme odottaa kauniimpia kelej\u00e4, jotka koittivat eilen maanantaina. Koska kyse oli arkip\u00e4iv\u00e4st\u00e4, p\u00e4\u00e4timme l\u00e4hte\u00e4 kokeilemaan Cypressin rinteet iltam\u00e4keen, joka on ilta viidest\u00e4 aina kymmeneen saakka. P\u00e4\u00e4t\u00f6s oli loistava ja vietimmekin ylh\u00e4\u00e4ll\u00e4 nelj\u00e4 ja puoli tuntia mahtavissa olosuhteissa! \ud83d\ude1b<\/p>\n<p style=\"text-align: center;\"><a href=\"\/blog\/wp-content\/uploads\/2015\/ilta_cypressilla2.jpg\"><img decoding=\"async\" style=\"border: 0px none; margin: 5px;\" src=\"\/blog\/wp-content\/uploads\/2015\/ilta_cypressilla2.jpg\" alt=\"\" \/><\/a><\/p>\n<p style=\"text-align: center;\"><em><a title=\"Haastava Mount Strachan\" href=\"https:\/\/www.vuosiamaailmalla.fi\/?p=10940\">Mount Strachanin<\/a> huipulla<\/em><\/p>\n<p style=\"text-align: justify;\">Lumiraja kulki noin 700 metriss\u00e4, jonka yl\u00e4puolella kinokset tien vieress\u00e4 kasvoivat vauhdilla niin ett\u00e4 pian oltiin keskell\u00e4 t\u00e4ytt\u00e4 keskitalvea. Puut olivat paksusta puuterilumesta valkoisina ja kinokset auton korkuisia. Paikalla ei ollut valtavasti v\u00e4ke\u00e4, mutta rinteet olivat hyv\u00e4ss\u00e4 kunnossa. Lumi oli ihanaa pakkaslunta pienell\u00e4 m\u00e4\u00e4r\u00e4ll\u00e4 puuteria p\u00e4\u00e4ll\u00e4, joten sukset loistivat t\u00e4ydellisesti.<\/p>\n<p style=\"text-align: center;\"><a href=\"\/blog\/wp-content\/uploads\/2015\/ilta_cypressilla7.jpg\"><img decoding=\"async\" style=\"border: 0px none; margin: 5px;\" src=\"\/blog\/wp-content\/uploads\/2015\/thumbs\/thumbs_ilta_cypressilla7.jpg\" alt=\"\" \/><\/a><a href=\"\/blog\/wp-content\/uploads\/2015\/ilta_cypressilla3.jpg\"><img decoding=\"async\" style=\"border: 0px none; margin: 5px;\" src=\"\/blog\/wp-content\/uploads\/2015\/thumbs\/thumbs_ilta_cypressilla3.jpg\" alt=\"\" \/><\/a><\/p>\n<p style=\"text-align: center;\"><em>Hyv\u00e4t olosuhteet lasketella<\/em><\/p>\n<p style=\"text-align: justify;\">Edellisest\u00e4 kerrastani Cypressill\u00e4 on <a href=\"https:\/\/www.vuosiamaailmalla.fi\/?p=1504\">per\u00e4ti kolme vuotta<\/a>, joten rinteit\u00e4 oli mukava laskea pitk\u00e4st\u00e4 aikaa. Cypressin kaksi vuorta tarjoavat hyv\u00e4\u00e4 vaihtelua ja auki olivat kaikki vihre\u00e4t ja siniset rinteet. Valaistus on hyv\u00e4, joten iltam\u00e4ess\u00e4 ei ollut mit\u00e4\u00e4n vikaa, varsinkin kun hissilippu on tuolloin halvempi.<\/p>\n<p style=\"text-align: center;\"><a href=\"\/blog\/wp-content\/uploads\/2015\/ilta_cypressilla6.jpg\"><img decoding=\"async\" style=\"border: 0px none; margin: 5px;\" src=\"\/blog\/wp-content\/uploads\/2015\/ilta_cypressilla6.jpg\" alt=\"\" \/><\/a><\/p>\n<p style=\"text-align: center;\"><em>Taustalla \u00f6inen kaupunki<\/em><\/p>\n<p style=\"text-align: justify;\">S\u00e4\u00e4ennusteiden mukaan <a href=\"https:\/\/www.vuosiamaailmalla.fi\/?p=7653\">lumentulo l\u00e4hivuorilla jatkuu<\/a> yli joulun ja tiedossa saattaa ollakin hyv\u00e4 laskettelukausi. Whistlerill\u00e4 kyse saattaa olla jopa parhaasta kaudesta vuosiin ja olosuhteet vuorilla ovat paraikaa eeppiset. T\u00e4m\u00e4n houkuttelemana olemmekin ottaneet huomisen keskiviikon vapaaksi ja l\u00e4hdemme p\u00e4iv\u00e4ksi nauttimaan <a href=\"https:\/\/www.vuosiamaailmalla.fi\/?p=7600\">aurinkoisista puuteririnteist\u00e4<\/a>. Lumesta pit\u00e4\u00e4 nyt nauttia, sill\u00e4 sit\u00e4 ei kuulu olevan alkuunkaan Suomessa, jonne suuntaamme torstaina joulun viettoon. Toivo valkoisesta joulusta kuitenkin el\u00e4\u00e4 <a href=\"https:\/\/www.vuosiamaailmalla.fi\/?p=7618\">viimeisiin hetkiin saakka<\/a>. 8)<\/p>\n","protected":false},"excerpt":{"rendered":"<p>Viimeiset puolitoista viikkoa ovat olleet Vancouverissa eritt\u00e4in sateiset. Pineapple Express toisensa j\u00e4lkeen on tuonut lounaasta runsaita sateita, jotka ovat piiskanneet l\u00e4nsirannikkoa. Whistlerill\u00e4 tilanteesta on kuitenkin nautittu, sill\u00e4 siell\u00e4 sateet ovat tulleet lumena, jota on satanut parin viikon aikana l\u00e4hemm\u00e4s kaksi metri\u00e4. Kahden viikon takainen laskettelukauden avauksemme Whistlerill\u00e4 olikin puhdasta parhautta.<\/p>\n","protected":false},"author":1,"featured_media":8593,"comment_status":"open","ping_status":"open","sticky":false,"template":"","format":"standard","meta":{"_jetpack_memberships_contains_paid_content":false,"footnotes":""},"categories":[17,3,778,774],"tags":[25,34,933,935,173,1532,270,202,939,943],"class_list":["post-7591","post","type-post","status-publish","format-standard","has-post-thumbnail","hentry","category-arki-kanadassa","category-arki-ulkomailla","category-laskettelu-ulkoilu","category-ulkoilu","tag-ajankohtaista","tag-arki","tag-cypress-mountain","tag-kanada","tag-laskettelu","tag-mount-strachan","tag-saa","tag-talvi","tag-vancouver","tag-west-vancouver"],"jetpack_featured_media_url":"https:\/\/www.vuosiamaailmalla.fi\/blog\/wp-content\/uploads\/ilta_cypressilla_banner.jpg","jetpack_sharing_enabled":true,"_links":{"self":[{"href":"https:\/\/www.vuosiamaailmalla.fi\/blog\/wp-json\/wp\/v2\/posts\/7591","targetHints":{"allow":["GET"]}}],"collection":[{"href":"https:\/\/www.vuosiamaailmalla.fi\/blog\/wp-json\/wp\/v2\/posts"}],"about":[{"href":"https:\/\/www.vuosiamaailmalla.fi\/blog\/wp-json\/wp\/v2\/types\/post"}],"author":[{"embeddable":true,"href":"https:\/\/www.vuosiamaailmalla.fi\/blog\/wp-json\/wp\/v2\/users\/1"}],"replies":[{"embeddable":true,"href":"https:\/\/www.vuosiamaailmalla.fi\/blog\/wp-json\/wp\/v2\/comments?post=7591"}],"version-history":[{"count":0,"href":"https:\/\/www.vuosiamaailmalla.fi\/blog\/wp-json\/wp\/v2\/posts\/7591\/revisions"}],"wp:featuredmedia":[{"embeddable":true,"href":"https:\/\/www.vuosiamaailmalla.fi\/blog\/wp-json\/wp\/v2\/media\/8593"}],"wp:attachment":[{"href":"https:\/\/www.vuosiamaailmalla.fi\/blog\/wp-json\/wp\/v2\/media?parent=7591"}],"wp:term":[{"taxonomy":"category","embeddable":true,"href":"https:\/\/www.vuosiamaailmalla.fi\/blog\/wp-json\/wp\/v2\/categories?post=7591"},{"taxonomy":"post_tag","embeddable":true,"href":"https:\/\/www.vuosiamaailmalla.fi\/blog\/wp-json\/wp\/v2\/tags?post=7591"}],"curies":[{"name":"wp","href":"https:\/\/api.w.org\/{rel}","templated":true}]}}