{"id":7600,"date":"2015-12-17T09:34:24","date_gmt":"2015-12-17T17:34:24","guid":{"rendered":"http:\/\/13.53.127.146\/?p=7600"},"modified":"2016-10-30T10:10:27","modified_gmt":"2016-10-30T17:10:27","slug":"kaunis-pakkaspaiva-whistlerilla","status":"publish","type":"post","link":"https:\/\/www.vuosiamaailmalla.fi\/blog\/2015\/kaunis-pakkaspaiva-whistlerilla\/","title":{"rendered":"Kaunis pakkasp\u00e4iv\u00e4 Whistlerill\u00e4"},"content":{"rendered":"<p style=\"text-align: justify;\">Kuten <a href=\"https:\/\/www.vuosiamaailmalla.fi\/?p=7591\">viime kirjoituksessa mainittua<\/a>, p\u00e4\u00e4timme ottaa varasl\u00e4hd\u00f6n joululomalle ottamalla eilisen keskiviikon ylim\u00e4\u00e4r\u00e4isen\u00e4 vapaap\u00e4iv\u00e4n\u00e4 ja suuntaamalla <a href=\"https:\/\/www.vuosiamaailmalla.fi\/?p=7499\">Whistlerille<\/a>. Siell\u00e4 on nimitt\u00e4in nautittu viime viikkoina valtavasta lumentulosta, jonka piti tehd\u00e4 olosuhteista melko t\u00e4ydelliset. P\u00e4\u00e4t\u00f6ksen sinet\u00f6i lopullisesti tieto siit\u00e4, ett\u00e4 keskiviikosta oli viel\u00e4p\u00e4 muodostumassa viikon ainoa poutap\u00e4iv\u00e4, jolloin Whistleriss\u00e4 saisi lasketella aivan t\u00e4ydellisiss\u00e4 olosuhteissa. \ud83d\ude1b<\/p>\n<p><!--more--><\/p>\n<p style=\"text-align: center;\"><a href=\"\/blog\/wp-content\/uploads\/2015\/pakkaspaiva_whistlerilla8.jpg\"><img decoding=\"async\" style=\"border: 0px none; margin: 5px;\" src=\"\/blog\/wp-content\/uploads\/2015\/pakkaspaiva_whistlerilla8.jpg\" alt=\"\" \/><\/a><\/p>\n<p style=\"text-align: center;\"><em>Aamun ensi rinteet<\/em><\/p>\n<p style=\"text-align: justify;\">Jo ajomatkalla saimme esimakua tulevasta, sill\u00e4 lunta alkoi n\u00e4ky\u00e4 tien vieress\u00e4 jo pian Squamishin j\u00e4lkeen. Perill\u00e4 Whistleriss\u00e4 meit\u00e4 odotti todellinen talven ihmemaa, kun puut ja talot olivat hautautuneet viime viikkoina sataneen paksun lumipeitteen alle.<\/p>\n<p style=\"text-align: center;\"><a href=\"\/blog\/wp-content\/uploads\/2015\/helikopteri_rinteessa.jpg\"><img decoding=\"async\" style=\"border: 0px none; margin: 5px;\" src=\"\/blog\/wp-content\/uploads\/2015\/thumbs\/thumbs_helikopteri_rinteessa.jpg\" alt=\"\" \/><\/a><a href=\"\/blog\/wp-content\/uploads\/2015\/pakkaspaiva_whistlerilla1.jpg\"><img decoding=\"async\" style=\"border: 0px none; margin: 5px;\" src=\"\/blog\/wp-content\/uploads\/2015\/thumbs\/thumbs_pakkaspaiva_whistlerilla1.jpg\" alt=\"\" \/><\/a><a href=\"\/blog\/wp-content\/uploads\/2015\/pakkaspaiva_whistlerilla2.jpg\"><img decoding=\"async\" style=\"border: 0px none; margin: 5px;\" src=\"\/blog\/wp-content\/uploads\/2015\/thumbs\/thumbs_pakkaspaiva_whistlerilla2.jpg\" alt=\"\" \/><\/a><\/p>\n<p style=\"text-align: center;\"><em>Ei valittamista keliss\u00e4<\/em><\/p>\n<p style=\"text-align: center;\"><a href=\"\/blog\/wp-content\/uploads\/2015\/pakkaspaiva_whistlerilla7.jpg\"><img decoding=\"async\" style=\"border: 0px none; margin: 5px;\" src=\"\/blog\/wp-content\/uploads\/2015\/pakkaspaiva_whistlerilla7.jpg\" alt=\"\" \/><\/a><\/p>\n<p style=\"text-align: center;\"><em>Rinteit\u00e4 sai laskea rauhassa<\/em><\/p>\n<p style=\"text-align: justify;\">Auringon vasta noustessa vuorten takaa olimme jo hississ\u00e4 yl\u00f6s Blackcomb Mountainin rinnett\u00e4 ja pian laskettelimme alas koskemattomia rinteit\u00e4. Olosuhteet olivat aivan t\u00e4ydelliset ja meill\u00e4 oli todella hauskaa. Ainoa harmi oli ainoastaan pakkaskeli, joka puri ylh\u00e4\u00e4ll\u00e4 noin -10 asteen voimalla. Pakkanen kylm\u00e4sikin varpaita koko p\u00e4iv\u00e4n ajan ja jouduimme k\u00e4yd\u00e4 sulattelemassa itse\u00e4mme muutamaankin otteeseen.<\/p>\n<p style=\"text-align: center;\"><a href=\"\/blog\/wp-content\/uploads\/2015\/pakkaspaiva_whistlerilla3.jpg\"><img decoding=\"async\" style=\"border: 0px none; margin: 5px;\" src=\"\/blog\/wp-content\/uploads\/2015\/thumbs\/thumbs_pakkaspaiva_whistlerilla3.jpg\" alt=\"\" \/><\/a><a href=\"\/blog\/wp-content\/uploads\/2015\/pakkaspaiva_whistlerilla4.jpg\"><img decoding=\"async\" style=\"border: 0px none; margin: 5px;\" src=\"\/blog\/wp-content\/uploads\/2015\/thumbs\/thumbs_pakkaspaiva_whistlerilla4.jpg\" alt=\"\" \/><\/a><a href=\"\/blog\/wp-content\/uploads\/2015\/pakkaspaiva_whistlerilla5.jpg\"><img decoding=\"async\" style=\"border: 0px none; margin: 5px;\" src=\"\/blog\/wp-content\/uploads\/2015\/thumbs\/thumbs_pakkaspaiva_whistlerilla5.jpg\" alt=\"\" \/><\/a><\/p>\n<p style=\"text-align: center;\"><em>Kylm\u00e4 pakkasp\u00e4iv\u00e4 huipulla<\/em><\/p>\n<p style=\"text-align: center;\"><a href=\"\/blog\/wp-content\/uploads\/2015\/pakkaspaiva_whistlerilla6.jpg\"><img decoding=\"async\" style=\"border: 0px none; margin: 5px;\" src=\"\/blog\/wp-content\/uploads\/2015\/pakkaspaiva_whistlerilla6.jpg\" alt=\"\" \/><\/a><\/p>\n<p style=\"text-align: center;\"><em>J\u00e4\u00e4tynytt\u00e4 lunta<\/em><\/p>\n<p style=\"text-align: justify;\">P\u00e4iv\u00e4mme Whistlerill\u00e4 oli kuitenkin t\u00e4ydellinen ja nyt takaisin Vancouverissa alammekin valmistautua torstain matkaamme joululomalle Suomeen. Tunnelmista sielt\u00e4 varmasti lis\u00e4\u00e4 joulun aikana! \ud83d\ude42<\/p>\n<p style=\"text-align: center;\"><a href=\"\/blog\/wp-content\/uploads\/2015\/horstman_hut_panoraama.jpg\"><img decoding=\"async\" style=\"border: 0px none; margin: 5px;\" src=\"\/blog\/wp-content\/uploads\/2015\/horstman_hut_panoraama_pieni.jpg\" alt=\"\" \/><\/a><\/p>\n<p style=\"text-align: center;\"><em>Horstman Glacierin panoraama<\/em><\/p>\n","protected":false},"excerpt":{"rendered":"<p>Kuten viime kirjoituksessa mainittua, p\u00e4\u00e4timme ottaa varasl\u00e4hd\u00f6n joululomalle ottamalla eilisen keskiviikon ylim\u00e4\u00e4r\u00e4isen\u00e4 vapaap\u00e4iv\u00e4n\u00e4 ja suuntaamalla Whistlerille. Siell\u00e4 on nimitt\u00e4in nautittu viime viikkoina valtavasta lumentulosta, jonka piti tehd\u00e4 olosuhteista melko t\u00e4ydelliset. P\u00e4\u00e4t\u00f6ksen sinet\u00f6i lopullisesti tieto siit\u00e4, ett\u00e4 keskiviikosta oli viel\u00e4p\u00e4 muodostumassa viikon ainoa poutap\u00e4iv\u00e4, jolloin Whistleriss\u00e4 saisi lasketella aivan t\u00e4ydellisiss\u00e4 olosuhteissa. \ud83d\ude1b<\/p>\n","protected":false},"author":1,"featured_media":8594,"comment_status":"open","ping_status":"open","sticky":false,"template":"","format":"standard","meta":{"_jetpack_memberships_contains_paid_content":false,"footnotes":""},"categories":[17,3,778,774],"tags":[34,935,173,218],"class_list":["post-7600","post","type-post","status-publish","format-standard","has-post-thumbnail","hentry","category-arki-kanadassa","category-arki-ulkomailla","category-laskettelu-ulkoilu","category-ulkoilu","tag-arki","tag-kanada","tag-laskettelu","tag-whistler"],"jetpack_featured_media_url":"https:\/\/www.vuosiamaailmalla.fi\/blog\/wp-content\/uploads\/pakkaspaiva_whistlerilla_banner.jpg","jetpack_sharing_enabled":true,"_links":{"self":[{"href":"https:\/\/www.vuosiamaailmalla.fi\/blog\/wp-json\/wp\/v2\/posts\/7600","targetHints":{"allow":["GET"]}}],"collection":[{"href":"https:\/\/www.vuosiamaailmalla.fi\/blog\/wp-json\/wp\/v2\/posts"}],"about":[{"href":"https:\/\/www.vuosiamaailmalla.fi\/blog\/wp-json\/wp\/v2\/types\/post"}],"author":[{"embeddable":true,"href":"https:\/\/www.vuosiamaailmalla.fi\/blog\/wp-json\/wp\/v2\/users\/1"}],"replies":[{"embeddable":true,"href":"https:\/\/www.vuosiamaailmalla.fi\/blog\/wp-json\/wp\/v2\/comments?post=7600"}],"version-history":[{"count":0,"href":"https:\/\/www.vuosiamaailmalla.fi\/blog\/wp-json\/wp\/v2\/posts\/7600\/revisions"}],"wp:featuredmedia":[{"embeddable":true,"href":"https:\/\/www.vuosiamaailmalla.fi\/blog\/wp-json\/wp\/v2\/media\/8594"}],"wp:attachment":[{"href":"https:\/\/www.vuosiamaailmalla.fi\/blog\/wp-json\/wp\/v2\/media?parent=7600"}],"wp:term":[{"taxonomy":"category","embeddable":true,"href":"https:\/\/www.vuosiamaailmalla.fi\/blog\/wp-json\/wp\/v2\/categories?post=7600"},{"taxonomy":"post_tag","embeddable":true,"href":"https:\/\/www.vuosiamaailmalla.fi\/blog\/wp-json\/wp\/v2\/tags?post=7600"}],"curies":[{"name":"wp","href":"https:\/\/api.w.org\/{rel}","templated":true}]}}