{"id":761,"date":"2011-07-16T14:12:26","date_gmt":"2011-07-16T21:12:26","guid":{"rendered":"http:\/\/13.53.127.146\/?p=761"},"modified":"2021-02-09T19:48:08","modified_gmt":"2021-02-10T03:48:08","slug":"bmw-m6-cabriolet","status":"publish","type":"post","link":"https:\/\/www.vuosiamaailmalla.fi\/blog\/2011\/bmw-m6-cabriolet\/","title":{"rendered":"BMW M6 Cabriolet"},"content":{"rendered":"<p style=\"text-align: justify;\">Berliinin kokoiseen kaupunkiin mahtuu monenlaista asukasta ja monenlaisia eksoottisia autoja. <em><a title=\"Brunssi 200 arvoauton keskell\u00e4\" href=\"https:\/\/www.vuosiamaailmalla.fi\/?p=1932\">Meilenwerk<\/a><\/em> on hyv\u00e4 paikka n\u00e4hd\u00e4 erikoisempia autoja yhdell\u00e4 kertaa, mutta kyll\u00e4 noita kaupungillakin t\u00e4m\u00e4n t\u00e4st\u00e4 bongaa. Varsinkin l\u00e4nsikeskustassa voi olla melkeinp\u00e4 varma, ett\u00e4 <em>Kurf\u00fcrstendammin<\/em> varrelta l\u00f6yt\u00e4\u00e4 kauniina p\u00e4iv\u00e4n\u00e4 ainakin muutaman <a title=\"Huikea 2021 BMW X3M Competition\" href=\"http:\/\/www.vuosiamaailmalla.fi\/blog\/2020\/huikea-2021-bmw-x3m-competition\/\">eksoottisemman auton<\/a>. Samaan aikaan t\u00e4\u00e4ll\u00e4 kaupungin it\u00e4puolella kalliimpia autoja vilahtelee harvemmin, mik\u00e4 selittyy sill\u00e4, ett\u00e4 keskim\u00e4\u00e4rin kaupungin varakkaampi v\u00e4ki asuu edelleen kaupungin l\u00e4nsipuolella. Mutta joskus niit\u00e4 meid\u00e4nkin kulmilla n\u00e4kyy ja t\u00e4n\u00e4\u00e4n tuli bongattua tien vieress\u00e4 hieman harvinaisempi <em>BMW\u00a0M6 Cabriolet<\/em>.<\/p>\n<p><!--more--><\/p>\n<p style=\"text-align: center;\"><a href=\"\/blog\/wp-content\/uploads\/2011\/bmw_m6_cabriolet2.jpg\" target=\"_blank\" rel=\"noopener\"><img decoding=\"async\" style=\"border: 0px none; margin: 5px;\" src=\"\/blog\/wp-content\/uploads\/2011\/thumbs\/thumbs_bmw_m6_cabriolet2.jpg\" alt=\"\" \/><\/a><a href=\"\/blog\/wp-content\/uploads\/2011\/bmw_m6_cabriolet1.jpg\" target=\"_blank\" rel=\"noopener\"><img decoding=\"async\" style=\"border: 0px none; margin: 5px;\" src=\"\/blog\/wp-content\/uploads\/2011\/thumbs\/thumbs_bmw_m6_cabriolet1.jpg\" alt=\"\" \/><\/a><a href=\"\/blog\/wp-content\/uploads\/2011\/m6_merkki.jpg\" target=\"_blank\" rel=\"noopener\"><img decoding=\"async\" style=\"border: 0px none; margin: 5px;\" src=\"\/blog\/wp-content\/uploads\/2011\/thumbs\/thumbs_m6_merkki.jpg\" alt=\"\" \/><\/a><\/p>\n<p style=\"text-align: center;\"><em>Kaunis BMW\u00a0M6 Cabriolet<\/em><\/p>\n<p style=\"text-align: justify;\">Koska malli ei tuntunut tutulta, piti kotona tarkistaa auton tiedot. Kyseinen malli on ollut bemarin valikoimissa vuosina 2005-2010 ja se perustuu pitk\u00e4lti legendaarisen M5:sen huipputekniikkaan. 514 hevosvoimaa, 0-100km\/h 4.4 sekuntia ja huippunopeus 330km\/h. Uutena autoa on myyty Euroopassa noin 90 000 euron hintaan, mutta nykyisin autoa saa Saksassa nettitietojen mukaan alkaen 30 000 euroa. Siihen hintaan kyseess\u00e4 on melkoinen tarjous urheiluautosta! Samaan aikaan Suomessa hinnat alkavat yh\u00e4 edelleen 70 000 eurosta, joten ainakin t\u00e4m\u00e4n mallinen auto kannattaa hakea t\u00e4\u00e4lt\u00e4.<\/p>\n","protected":false},"excerpt":{"rendered":"<p>Berliinin kokoiseen kaupunkiin mahtuu monenlaista asukasta ja monenlaisia eksoottisia autoja. Meilenwerk on hyv\u00e4 paikka n\u00e4hd\u00e4 erikoisempia autoja yhdell\u00e4 kertaa, mutta kyll\u00e4 noita kaupungillakin t\u00e4m\u00e4n t\u00e4st\u00e4 bongaa. Varsinkin l\u00e4nsikeskustassa voi olla melkeinp\u00e4 varma, ett\u00e4 Kurf\u00fcrstendammin varrelta l\u00f6yt\u00e4\u00e4 kauniina p\u00e4iv\u00e4n\u00e4 ainakin muutaman eksoottisemman auton. Samaan aikaan t\u00e4\u00e4ll\u00e4 kaupungin it\u00e4puolella kalliimpia autoja vilahtelee harvemmin, mik\u00e4 selittyy sill\u00e4, ett\u00e4 &hellip; <a href=\"https:\/\/www.vuosiamaailmalla.fi\/blog\/2011\/bmw-m6-cabriolet\/\" class=\"more-link\">Jatka lukemista<span class=\"screen-reader-text\"> &#8221;BMW M6 Cabriolet&#8221;<\/span><\/a><\/p>\n","protected":false},"author":1,"featured_media":11740,"comment_status":"open","ping_status":"open","sticky":false,"template":"","format":"standard","meta":{"_jetpack_memberships_contains_paid_content":false,"footnotes":""},"categories":[18,3],"tags":[34,286,49,232,287,190],"class_list":["post-761","post","type-post","status-publish","format-standard","has-post-thumbnail","hentry","category-arki-saksassa","category-arki-ulkomailla","tag-arki","tag-autoja","tag-berliini","tag-bmw","tag-bmw-m6","tag-saksa"],"jetpack_featured_media_url":"https:\/\/www.vuosiamaailmalla.fi\/blog\/wp-content\/uploads\/bmw_m6_cabriolet_banner.jpg","jetpack_sharing_enabled":true,"_links":{"self":[{"href":"https:\/\/www.vuosiamaailmalla.fi\/blog\/wp-json\/wp\/v2\/posts\/761","targetHints":{"allow":["GET"]}}],"collection":[{"href":"https:\/\/www.vuosiamaailmalla.fi\/blog\/wp-json\/wp\/v2\/posts"}],"about":[{"href":"https:\/\/www.vuosiamaailmalla.fi\/blog\/wp-json\/wp\/v2\/types\/post"}],"author":[{"embeddable":true,"href":"https:\/\/www.vuosiamaailmalla.fi\/blog\/wp-json\/wp\/v2\/users\/1"}],"replies":[{"embeddable":true,"href":"https:\/\/www.vuosiamaailmalla.fi\/blog\/wp-json\/wp\/v2\/comments?post=761"}],"version-history":[{"count":2,"href":"https:\/\/www.vuosiamaailmalla.fi\/blog\/wp-json\/wp\/v2\/posts\/761\/revisions"}],"predecessor-version":[{"id":11742,"href":"https:\/\/www.vuosiamaailmalla.fi\/blog\/wp-json\/wp\/v2\/posts\/761\/revisions\/11742"}],"wp:featuredmedia":[{"embeddable":true,"href":"https:\/\/www.vuosiamaailmalla.fi\/blog\/wp-json\/wp\/v2\/media\/11740"}],"wp:attachment":[{"href":"https:\/\/www.vuosiamaailmalla.fi\/blog\/wp-json\/wp\/v2\/media?parent=761"}],"wp:term":[{"taxonomy":"category","embeddable":true,"href":"https:\/\/www.vuosiamaailmalla.fi\/blog\/wp-json\/wp\/v2\/categories?post=761"},{"taxonomy":"post_tag","embeddable":true,"href":"https:\/\/www.vuosiamaailmalla.fi\/blog\/wp-json\/wp\/v2\/tags?post=761"}],"curies":[{"name":"wp","href":"https:\/\/api.w.org\/{rel}","templated":true}]}}