{"id":7610,"date":"2015-12-21T00:12:52","date_gmt":"2015-12-21T08:12:52","guid":{"rendered":"http:\/\/13.53.127.146\/?p=7610"},"modified":"2022-03-12T17:11:18","modified_gmt":"2022-03-13T01:11:18","slug":"kaamea-kaamos","status":"publish","type":"post","link":"https:\/\/www.vuosiamaailmalla.fi\/blog\/2015\/kaamea-kaamos\/","title":{"rendered":"Kaamea kaamos"},"content":{"rendered":"<p style=\"text-align: justify;\">Viime vuonna kirjoitin milt\u00e4 tuntui olla Suomessa <a title=\"Kaksi vuotta poissa Suomesta\" href=\"http:\/\/www.vuosiamaailmalla.fi\/blog\/2014\/kaksi-vuotta-poissa-suomesta\/\">kahden vuoden poissaolon<\/a> j\u00e4lkeen. Kirjoituksessani p\u00e4ivittelin my\u00f6s sit\u00e4, miten pime\u00e4\u00e4 aikaa Suomen talvi onkaan. Asia on pist\u00e4nyt silm\u00e4\u00e4ni my\u00f6s t\u00e4n\u00e4 jouluna ja onkin ajankohtainen t\u00e4n\u00e4\u00e4n, kun vietet\u00e4\u00e4n j\u00e4lleen vuoden lyhyint\u00e4 p\u00e4iv\u00e4\u00e4.<\/p>\n<p><!--more--><\/p>\n<p style=\"text-align: justify;\">T\u00e4st\u00e4 joulusta n\u00e4ytt\u00e4\u00e4 tulevan ainakin t\u00e4\u00e4ll\u00e4 etel\u00e4ss\u00e4 lumeton, mik\u00e4 my\u00f6s lis\u00e4\u00e4 pimeyteen. Siltikin on h\u00e4mm\u00e4stytt\u00e4v\u00e4\u00e4 miten p\u00e4iv\u00e4 voikaan alkaa sarastaa vasta l\u00e4hemp\u00e4n\u00e4 puoli kymment\u00e4 ja miten pime\u00e4\u00e4 tulee jo ennen kello nelj\u00e4\u00e4. Asiaan ei kiinnitt\u00e4nyt huomiota niin paljoa viel\u00e4 Suomessa asuessaan, mutta n\u00e4in kerran vuodessa kotimaassa vierailevana se pist\u00e4\u00e4 aina kummastelemaan.<\/p>\n<p style=\"text-align: justify;\">Toki Kanadakin on pohjoinen maa, jonka pohjoisosat ylt\u00e4v\u00e4t reilusti napapiirin yl\u00e4puolelle. Maan asutuskeskukset sijaitsevat kuitenkin kaikki hyvin etel\u00e4ss\u00e4 ja kun <a title=\"Turistina Helsingiss\u00e4\" href=\"http:\/\/www.vuosiamaailmalla.fi\/blog\/2020\/turistina-helsingissa\/\">Helsinki<\/a> sijaitsee 60. leveyspiirill\u00e4, sijaitsee Vancouver huomattavasti alempana 49. leveyspiirin tasolla, mik\u00e4 vastaa noin M\u00fcnchenin korkeutta. Se riitt\u00e4\u00e4 jo tekem\u00e4\u00e4n melkoisen eron p\u00e4iv\u00e4n pituudessa ja siksi asia aina kiinnitt\u00e4\u00e4kin huomioni.<\/p>\n<p style=\"text-align: center;\"><iframe loading=\"lazy\" title=\"YouTube video player\" src=\"https:\/\/www.youtube-nocookie.com\/embed\/mPfexz72ClU?controls=0\" width=\"560\" height=\"315\" frameborder=\"0\" allowfullscreen=\"allowfullscreen\"><\/iframe><\/p>\n<p style=\"text-align: center;\"><em>Kes\u00e4 ja talvi Suomessa<\/em><\/p>\n<p style=\"text-align: justify;\">Eip\u00e4 silti etteiv\u00e4tk\u00f6 talvi ja kes\u00e4 eroaisi toisistaan valoisuuden m\u00e4\u00e4r\u00e4ss\u00e4 my\u00f6s Vancouverissa, mutta p\u00e4iv\u00e4n pituus siell\u00e4 tuntuu silti jotenkin paljon inhimillisemm\u00e4lt\u00e4 keskitalvellakin. Asiaan vaikuttaa toki my\u00f6s se, ett\u00e4 suurkaupungissa asuessa ymp\u00e4rill\u00e4 on aina paljon valoja, jolloin siell\u00e4 ei altistu koskaan samanlaiselle pimeydelle kuin t\u00e4\u00e4ll\u00e4 Suomen maaseudulla. Pohjois-Suomessa asuvat lukijani varmaan naureskelevat etel\u00e4suomalaista p\u00e4ivittely\u00e4ni lyhyest\u00e4 p\u00e4iv\u00e4st\u00e4 ja hyv\u00e4ll\u00e4 syyll\u00e4. Todellinen kaamoshan vallitsee vasta paljon pohjoisempana, joten t\u00e4ss\u00e4 pit\u00e4nee olla onnellinen n\u00e4ist\u00e4 muutamistakin valoisista tunneista.<\/p>\n<p style=\"text-align: justify;\">Kaamos kuitenkin n\u00e4ytt\u00e4ytyy hauskasti Vancouveriin lennett\u00e4ess\u00e4, sill\u00e4 esimerkiksi <em>Lufthansan<\/em> p\u00e4iv\u00e4lento koukkaa matkallaan niin pohjoisesta, ett\u00e4 sen ymp\u00e4r\u00f6i Gr\u00f6nlannin yll\u00e4 muutaman tunnin ajan todellinen kaamos, paikallisen ajan ollessa keskip\u00e4iv\u00e4. Kymmenen kilometrin korkeudesta on kuitenkin mahdollista n\u00e4hd\u00e4 kaamoksen raja, joka h\u00e4\u00e4m\u00f6tt\u00e4\u00e4 kaukana etel\u00e4ss\u00e4.<\/p>\n<p style=\"text-align: justify;\">Ilmi\u00f6 on sangen hurja ja toimii hyv\u00e4n\u00e4 konkreettisena esimerkkin\u00e4 pohjoisen pallonpuoliskon talvisesta kaamoksesta.<\/p>\n","protected":false},"excerpt":{"rendered":"<p>Viime vuonna kirjoitin milt\u00e4 tuntui olla Suomessa kahden vuoden poissaolon j\u00e4lkeen. Kirjoituksessani p\u00e4ivittelin my\u00f6s sit\u00e4, miten pime\u00e4\u00e4 aikaa Suomen talvi onkaan. Asia on pist\u00e4nyt silm\u00e4\u00e4ni my\u00f6s t\u00e4n\u00e4 jouluna ja onkin ajankohtainen t\u00e4n\u00e4\u00e4n, kun vietet\u00e4\u00e4n j\u00e4lleen vuoden lyhyint\u00e4 p\u00e4iv\u00e4\u00e4.<\/p>\n","protected":false},"author":1,"featured_media":12024,"comment_status":"open","ping_status":"open","sticky":false,"template":"","format":"standard","meta":{"_jetpack_memberships_contains_paid_content":false,"footnotes":""},"categories":[7,12,885],"tags":[25,34,1061,935,198,202,939],"class_list":["post-7610","post","type-post","status-publish","format-standard","has-post-thumbnail","hentry","category-matkakertomukset","category-matkalla-kerrottua","category-suomi","tag-ajankohtaista","tag-arki","tag-kaamos","tag-kanada","tag-suomi","tag-talvi","tag-vancouver"],"jetpack_featured_media_url":"https:\/\/www.vuosiamaailmalla.fi\/blog\/wp-content\/uploads\/kaamos_banner.jpg","jetpack_sharing_enabled":true,"_links":{"self":[{"href":"https:\/\/www.vuosiamaailmalla.fi\/blog\/wp-json\/wp\/v2\/posts\/7610","targetHints":{"allow":["GET"]}}],"collection":[{"href":"https:\/\/www.vuosiamaailmalla.fi\/blog\/wp-json\/wp\/v2\/posts"}],"about":[{"href":"https:\/\/www.vuosiamaailmalla.fi\/blog\/wp-json\/wp\/v2\/types\/post"}],"author":[{"embeddable":true,"href":"https:\/\/www.vuosiamaailmalla.fi\/blog\/wp-json\/wp\/v2\/users\/1"}],"replies":[{"embeddable":true,"href":"https:\/\/www.vuosiamaailmalla.fi\/blog\/wp-json\/wp\/v2\/comments?post=7610"}],"version-history":[{"count":3,"href":"https:\/\/www.vuosiamaailmalla.fi\/blog\/wp-json\/wp\/v2\/posts\/7610\/revisions"}],"predecessor-version":[{"id":12732,"href":"https:\/\/www.vuosiamaailmalla.fi\/blog\/wp-json\/wp\/v2\/posts\/7610\/revisions\/12732"}],"wp:featuredmedia":[{"embeddable":true,"href":"https:\/\/www.vuosiamaailmalla.fi\/blog\/wp-json\/wp\/v2\/media\/12024"}],"wp:attachment":[{"href":"https:\/\/www.vuosiamaailmalla.fi\/blog\/wp-json\/wp\/v2\/media?parent=7610"}],"wp:term":[{"taxonomy":"category","embeddable":true,"href":"https:\/\/www.vuosiamaailmalla.fi\/blog\/wp-json\/wp\/v2\/categories?post=7610"},{"taxonomy":"post_tag","embeddable":true,"href":"https:\/\/www.vuosiamaailmalla.fi\/blog\/wp-json\/wp\/v2\/tags?post=7610"}],"curies":[{"name":"wp","href":"https:\/\/api.w.org\/{rel}","templated":true}]}}