{"id":7618,"date":"2015-12-23T22:45:06","date_gmt":"2015-12-24T06:45:06","guid":{"rendered":"http:\/\/13.53.127.146\/?p=7618"},"modified":"2016-12-20T19:28:16","modified_gmt":"2016-12-21T03:28:16","slug":"lumeton-joulu","status":"publish","type":"post","link":"https:\/\/www.vuosiamaailmalla.fi\/blog\/2015\/lumeton-joulu\/","title":{"rendered":"Lumeton joulu"},"content":{"rendered":"<p style=\"text-align: justify;\">J\u00e4lleen on jouluaaton aamu ja edess\u00e4 perinteisi\u00e4 menoja t\u00e4ynn\u00e4 oleva touhukas p\u00e4iv\u00e4. Valitettavasti lumi j\u00e4tti sitten saapumatta t\u00e4nne Etel\u00e4-Suomeen ja joulua vietet\u00e4\u00e4nkin nurmikot vihert\u00e4en. Ehk\u00e4p\u00e4 ensi vuonna on j\u00e4lleen toisin, ken tiet\u00e4\u00e4, mutta ainakin keli on kuiva ja taivas kirkas.<\/p>\n<p><!--more--><\/p>\n<p style=\"text-align: center;\"><a href=\"\/blog\/wp-content\/uploads\/2015\/lumeton_joulu.jpg\"><img decoding=\"async\" style=\"border: 0px none; margin: 5px;\" src=\"\/blog\/wp-content\/uploads\/2015\/lumeton_joulu.jpg\" alt=\"\" \/><\/a><\/p>\n<p style=\"text-align: center;\"><em>Lumeton 21. joulukuuta<\/em><\/p>\n<p style=\"text-align: justify;\">Vancouverissa joulua vietet\u00e4\u00e4n kaupungissa my\u00f6s maa paljaana, mutta vuorilla on tupruttanut lunta <a href=\"https:\/\/www.vuosiamaailmalla.fi\/?p=7591\">reippaasti<\/a> ja pakkanen pit\u00e4\u00e4 paikat valkeana l\u00e4pi loppuvuoden. Laskettelukeskusten voikin povata olevan tupaten t\u00e4ynn\u00e4 ihmisi\u00e4, paikallisten hakeutuessa joulun pyhiksi talven keskelle m\u00e4keen. <a href=\"https:\/\/www.vuosiamaailmalla.fi\/?p=7600\">Whistleriss\u00e4<\/a> joulua voi puolestaan viett\u00e4\u00e4 t\u00e4n\u00e4 vuonna laakson alppikyl\u00e4ss\u00e4 keskell\u00e4 mit\u00e4 parhainta joulun ihmemaata!<\/p>\n<p style=\"text-align: justify;\">Toivotan blogini lukijoille <span style=\"color: #ff0000;\"><strong>rauhallista joulua<\/strong><\/span>. V\u00e4lip\u00e4ivien aikanakin t\u00e4nne blogiin ilmestyy uusia kirjoituksia, joita olen kirjoittanut valmiiksi syksyn aikana odottamaan julkaisua. L\u00e4mpimi\u00e4 lukuhetki\u00e4 kynttil\u00f6iden valossa! \ud83d\ude42<\/p>\n","protected":false},"excerpt":{"rendered":"<p>J\u00e4lleen on jouluaaton aamu ja edess\u00e4 perinteisi\u00e4 menoja t\u00e4ynn\u00e4 oleva touhukas p\u00e4iv\u00e4. Valitettavasti lumi j\u00e4tti sitten saapumatta t\u00e4nne Etel\u00e4-Suomeen ja joulua vietet\u00e4\u00e4nkin nurmikot vihert\u00e4en. Ehk\u00e4p\u00e4 ensi vuonna on j\u00e4lleen toisin, ken tiet\u00e4\u00e4, mutta ainakin keli on kuiva ja taivas kirkas.<\/p>\n","protected":false},"author":1,"featured_media":8672,"comment_status":"open","ping_status":"open","sticky":false,"template":"","format":"standard","meta":{"_jetpack_memberships_contains_paid_content":false,"footnotes":""},"categories":[7,12,885],"tags":[25,264,935,198,202,939,218],"class_list":["post-7618","post","type-post","status-publish","format-standard","has-post-thumbnail","hentry","category-matkakertomukset","category-matkalla-kerrottua","category-suomi","tag-ajankohtaista","tag-joulu","tag-kanada","tag-suomi","tag-talvi","tag-vancouver","tag-whistler"],"jetpack_featured_media_url":"https:\/\/www.vuosiamaailmalla.fi\/blog\/wp-content\/uploads\/lumeton_joulu_banner.jpg","jetpack_sharing_enabled":true,"_links":{"self":[{"href":"https:\/\/www.vuosiamaailmalla.fi\/blog\/wp-json\/wp\/v2\/posts\/7618","targetHints":{"allow":["GET"]}}],"collection":[{"href":"https:\/\/www.vuosiamaailmalla.fi\/blog\/wp-json\/wp\/v2\/posts"}],"about":[{"href":"https:\/\/www.vuosiamaailmalla.fi\/blog\/wp-json\/wp\/v2\/types\/post"}],"author":[{"embeddable":true,"href":"https:\/\/www.vuosiamaailmalla.fi\/blog\/wp-json\/wp\/v2\/users\/1"}],"replies":[{"embeddable":true,"href":"https:\/\/www.vuosiamaailmalla.fi\/blog\/wp-json\/wp\/v2\/comments?post=7618"}],"version-history":[{"count":0,"href":"https:\/\/www.vuosiamaailmalla.fi\/blog\/wp-json\/wp\/v2\/posts\/7618\/revisions"}],"wp:featuredmedia":[{"embeddable":true,"href":"https:\/\/www.vuosiamaailmalla.fi\/blog\/wp-json\/wp\/v2\/media\/8672"}],"wp:attachment":[{"href":"https:\/\/www.vuosiamaailmalla.fi\/blog\/wp-json\/wp\/v2\/media?parent=7618"}],"wp:term":[{"taxonomy":"category","embeddable":true,"href":"https:\/\/www.vuosiamaailmalla.fi\/blog\/wp-json\/wp\/v2\/categories?post=7618"},{"taxonomy":"post_tag","embeddable":true,"href":"https:\/\/www.vuosiamaailmalla.fi\/blog\/wp-json\/wp\/v2\/tags?post=7618"}],"curies":[{"name":"wp","href":"https:\/\/api.w.org\/{rel}","templated":true}]}}