{"id":7624,"date":"2016-01-05T09:28:30","date_gmt":"2016-01-05T17:28:30","guid":{"rendered":"http:\/\/13.53.127.146\/?p=7624"},"modified":"2024-04-19T18:14:17","modified_gmt":"2024-04-20T01:14:17","slug":"straight-outta-chilliwack","status":"publish","type":"post","link":"https:\/\/www.vuosiamaailmalla.fi\/blog\/2016\/straight-outta-chilliwack\/","title":{"rendered":"Straight Outta Chilliwack"},"content":{"rendered":"<p style=\"text-align: justify;\">Vancouverista melko tarkalleen sata kilometri\u00e4 it\u00e4\u00e4n sijaitseva 78 000 asukkaan Chilliwack on rauhallinen maalaispit\u00e4j\u00e4 <a href=\"https:\/\/www.vuosiamaailmalla.fi\/?p=3237\">kauniilla paikalla<\/a> keskell\u00e4 vihantaa ja korkeiden vuorten ymp\u00e4r\u00f6im\u00e4\u00e4 Fraser Valleyta. Tai n\u00e4in ainakin olen t\u00e4h\u00e4n saakka luullut. N\u00e4ytt\u00e4\u00e4 kuitenkin, ett\u00e4 Chilliwackilla on my\u00f6s toinen, villimpi puolensa, jota emme ole koskaan siell\u00e4 k\u00e4ydess\u00e4mme joutuneet todistamaan&#8230;<\/p>\n<p><!--more--><\/p>\n<p style=\"text-align: center;\"><a href=\"\/blog\/wp-content\/uploads\/2014\/mount_thom_huipulla_panoraama.jpg\"><img decoding=\"async\" style=\"border: 0px none; margin: 5px;\" src=\"\/blog\/wp-content\/uploads\/2014\/mount_thom_huipulla_panoraama_pieni.jpg\" alt=\"\" \/><\/a><\/p>\n<p style=\"text-align: center;\"><em>Idyllinen Chilliwack<\/em><\/p>\n<p style=\"text-align: justify;\">L\u00e4hell\u00e4 kaupungin keskustaa sijaitsevan <em>Reece Avenuen<\/em> ja <em>Williams Streetin<\/em> kulmauksen asukkaiden el\u00e4m\u00e4 on nimitt\u00e4in kaikkea muuta kuin idyllist\u00e4 pikkukaupunkiel\u00e4m\u00e4\u00e4 ja aluetta <a title=\"Rikollisille luovutettu paratiisi\" href=\"https:\/\/www.vuosiamaailmalla.fi\/blog\/2021\/rikollisille-luovutettu-paratiisi\/\">riivaavasta rikollisuudesta<\/a> on tullut oikea painajainen. Asia nousi suuren yleis\u00f6n tietoisuuteen vuodenvaihteessa, kun alueella asuva Rob Iezzi latasi <em>Youtubeen<\/em> kotinsa kulmalla viime vuoden aikana tapahtunutta esittelev\u00e4n 12-minuuttisen videon.<\/p>\n<p style=\"text-align: center;\"><iframe loading=\"lazy\" src=\"https:\/\/www.youtube-nocookie.com\/embed\/dP7k08Ytdq4?rel=0\" width=\"640\" height=\"360\" frameborder=\"0\" allowfullscreen=\"allowfullscreen\"><\/iframe><\/p>\n<p style=\"text-align: center;\"><em>Chilliwackin villi puoli<\/em><\/p>\n<p style=\"text-align: justify;\">Videolla n\u00e4kyy useita pahoinpitelyit\u00e4, kymmeni\u00e4 murtovarkauksia, muutama yliajo sek\u00e4 erin\u00e4isi\u00e4 <a href=\"https:\/\/www.vuosiamaailmalla.fi\/?p=2817\">vaarallisia autotemppuja<\/a> keskell\u00e4 kirkasta p\u00e4iv\u00e4\u00e4. Video n\u00e4ytt\u00e4\u00e4kin helvetin, jonka keskell\u00e4 Rob vaimoineen joutuu asumaan, h\u00e4\u00e4t\u00e4en pihaltaan r\u00f6yhkeit\u00e4 varkaita v\u00e4rikuulapyssyn sek\u00e4 valtavan vesurin kanssa. Kaikkein h\u00e4tk\u00e4hdytt\u00e4vint\u00e4 kuitenkin on, ett\u00e4 l\u00e4hist\u00f6ll\u00e4 sijaitsee useita kouluja, joiden l\u00e4hiymp\u00e4rist\u00f6ss\u00e4 tapahtuu t\u00e4llaista p\u00e4ivitt\u00e4in.<\/p>\n<p style=\"text-align: justify;\">Video rikkoikin oman illuusioni rauhallisesta pikkukaupungista maaseudulla, siit\u00e4kin huolimatta ett\u00e4 kyse on todenn\u00e4k\u00f6isesti hyvin pient\u00e4 aluetta koskettavasta ongelmasta. Ongelma-alueita l\u00f6ytyy kaikista kaupungeista, mutta yleens\u00e4 yksitt\u00e4iset tapaukset verhoutuvat tilastojen taakse ja niiden paikallisuutta ei tule v\u00e4ltt\u00e4m\u00e4tt\u00e4 ajatelleeksi. T\u00e4ss\u00e4kin tapauksessa merkitt\u00e4v\u00e4 syy ongelmiin on l\u00e4hist\u00f6ll\u00e4 sijaitseva kodittomien majoitus sek\u00e4 l\u00e4heisess\u00e4 autiotalossa tapahtuva <a title=\"T\u00e4ydellisen ep\u00e4onnistunut huumepolitiikka\" href=\"https:\/\/www.vuosiamaailmalla.fi\/blog\/2024\/taydellisen-epaonnistunut-huumepolitiikka\/\">huumeiden v\u00e4litys<\/a>, jotka ovat ongelmallisia asioita ratkaista.<\/p>\n<p style=\"text-align: center;\"><iframe loading=\"lazy\" src=\"https:\/\/www.youtube-nocookie.com\/embed\/gKnqnOQe-Hk?rel=0\" width=\"640\" height=\"360\" frameborder=\"0\" allowfullscreen=\"allowfullscreen\"><\/iframe><\/p>\n<p style=\"text-align: center;\"><em>Kaupungin kaunis puoli<\/em><\/p>\n<p style=\"text-align: justify;\">Robille voikin vain toivoa parempaa uutta vuotta ja toivottavasti rauhallisempaa menoa kotinurkillaan. Ehk\u00e4 alueelle pit\u00e4isi perustaa <a href=\"https:\/\/www.vuosiamaailmalla.fi\/?p=7731\">naapurustopartio<\/a> valvomaan joidenkin asukkaiden villi\u00e4 menoa? Chilliwack on kuitenkin kaunis kaupunki, jossa paremmalla alueella asuessaan saa nauttia varmasti todella hyv\u00e4\u00e4 el\u00e4m\u00e4\u00e4.<\/p>\n","protected":false},"excerpt":{"rendered":"<p>Vancouverista melko tarkalleen sata kilometri\u00e4 it\u00e4\u00e4n sijaitseva 78 000 asukkaan Chilliwack on rauhallinen maalaispit\u00e4j\u00e4 kauniilla paikalla keskell\u00e4 vihantaa ja korkeiden vuorten ymp\u00e4r\u00f6im\u00e4\u00e4 Fraser Valleyta. Tai n\u00e4in ainakin olen t\u00e4h\u00e4n saakka luullut. N\u00e4ytt\u00e4\u00e4 kuitenkin, ett\u00e4 Chilliwackilla on my\u00f6s toinen, villimpi puolensa, jota emme ole koskaan siell\u00e4 k\u00e4ydess\u00e4mme joutuneet todistamaan&#8230;<\/p>\n","protected":false},"author":1,"featured_media":8589,"comment_status":"open","ping_status":"open","sticky":false,"template":"","format":"standard","meta":{"_jetpack_memberships_contains_paid_content":false,"footnotes":""},"categories":[17,3],"tags":[594,133,935,275],"class_list":["post-7624","post","type-post","status-publish","format-standard","has-post-thumbnail","hentry","category-arki-kanadassa","category-arki-ulkomailla","tag-chilliwack","tag-hassua","tag-kanada","tag-rikollisuus"],"jetpack_featured_media_url":"https:\/\/www.vuosiamaailmalla.fi\/blog\/wp-content\/uploads\/mount_thom_huipulla_banner.jpg","jetpack_sharing_enabled":true,"_links":{"self":[{"href":"https:\/\/www.vuosiamaailmalla.fi\/blog\/wp-json\/wp\/v2\/posts\/7624","targetHints":{"allow":["GET"]}}],"collection":[{"href":"https:\/\/www.vuosiamaailmalla.fi\/blog\/wp-json\/wp\/v2\/posts"}],"about":[{"href":"https:\/\/www.vuosiamaailmalla.fi\/blog\/wp-json\/wp\/v2\/types\/post"}],"author":[{"embeddable":true,"href":"https:\/\/www.vuosiamaailmalla.fi\/blog\/wp-json\/wp\/v2\/users\/1"}],"replies":[{"embeddable":true,"href":"https:\/\/www.vuosiamaailmalla.fi\/blog\/wp-json\/wp\/v2\/comments?post=7624"}],"version-history":[{"count":3,"href":"https:\/\/www.vuosiamaailmalla.fi\/blog\/wp-json\/wp\/v2\/posts\/7624\/revisions"}],"predecessor-version":[{"id":13614,"href":"https:\/\/www.vuosiamaailmalla.fi\/blog\/wp-json\/wp\/v2\/posts\/7624\/revisions\/13614"}],"wp:featuredmedia":[{"embeddable":true,"href":"https:\/\/www.vuosiamaailmalla.fi\/blog\/wp-json\/wp\/v2\/media\/8589"}],"wp:attachment":[{"href":"https:\/\/www.vuosiamaailmalla.fi\/blog\/wp-json\/wp\/v2\/media?parent=7624"}],"wp:term":[{"taxonomy":"category","embeddable":true,"href":"https:\/\/www.vuosiamaailmalla.fi\/blog\/wp-json\/wp\/v2\/categories?post=7624"},{"taxonomy":"post_tag","embeddable":true,"href":"https:\/\/www.vuosiamaailmalla.fi\/blog\/wp-json\/wp\/v2\/tags?post=7624"}],"curies":[{"name":"wp","href":"https:\/\/api.w.org\/{rel}","templated":true}]}}